{"id":47783,"date":"2019-01-25T17:38:17","date_gmt":"2019-01-25T16:38:17","guid":{"rendered":"https:\/\/mannschaft.com\/?p=47783"},"modified":"2019-01-25T18:02:57","modified_gmt":"2019-01-25T17:02:57","slug":"lgbtiq-aktivist-jean-wyllys-flieht-aus-brasilien","status":"publish","type":"post","link":"https:\/\/alte.mannschaft.lgbt\/bimber\/lgbtiq-aktivist-jean-wyllys-flieht-aus-brasilien\/","title":{"rendered":"Wegen Morddrohungen: LGBTIQ-Aktivist flieht aus Brasilien"},"content":{"rendered":"<h3>Der brasilianische Abgeordnete und LGBTIQ-Aktivist Jean Wyllys hat seine Heimat verlassen. Weil er schwul ist, hatte er Morddrohungen erhalten. Er\u00a0war einer der ersten offen schwulen Kongressabgeordneten in Brasilien.<\/h3>\n<p>Der 44-j\u00e4hrige Abgeordnete der \u00abPartei f\u00fcr Sozialismus und Freiheit\u00bb (PSOL) erkl\u00e4rte, dass er auch sein Mandat niederlegen wolle. Er k\u00f6nne in Brasilien nur noch mit zwei Leibw\u00e4chtern aus dem Haus gehen, weil die Todesdrohungen gegen ihn deutlich zugenommen h\u00e4tten.<\/p>\n<p>Auf Twitter schrieb er:\u00a0 \u00abAm Leben zu bleiben, ist auch eine Strategie, um f\u00fcr bessere Zeiten zu k\u00e4mpfen.\u00bb<\/p>\n<blockquote class=\"twitter-tweet lazyload\" data-expand=\"600\" data-script=\"https:\/\/platform.twitter.com\/widgets.js\"  data-width=\"550\" data-dnt=\"true\">\n<p lang=\"pt\" dir=\"ltr\">Preservar a vida amea\u00e7ada \u00e9 tamb\u00e9m uma estrat\u00e9gia da luta por dias melhores. Fizemos muito pelo bem comum. E faremos muito mais quando chegar o novo tempo, n\u00e3o importa que fa\u00e7amos por outros meios! Obrigado a todas e todos voc\u00eas, de todo cora\u00e7\u00e3o. Ax\u00e9! \u270a <a href=\"https:\/\/t.co\/Xy6SyDNXDy\">https:\/\/t.co\/Xy6SyDNXDy<\/a> <a href=\"https:\/\/t.co\/Tf6SGmZFHq\">pic.twitter.com\/Tf6SGmZFHq<\/a><\/p>\n<p>&mdash; Jean Wyllys (@jeanwyllys_real) <a href=\"https:\/\/twitter.com\/jeanwyllys_real\/status\/1088491273227522049?ref_src=twsrc%5Etfw\">January 24, 2019<\/a><\/p><\/blockquote>\n<p>Der brasilianischen Tageszeitung <em>Folha de S. Paulo<\/em> sagte Wyllys, es sei nicht direkt die Wahl Jair Bolsonaros, die ihn zur Flucht veranlasst habe. Aber seither sei die Gewalt gegen Mitglieder der LGBTIQ-Community deutlich angestiegen.\u00a0<a href=\"https:\/\/mannschaft.com\/2018\/10\/29\/homohasser-jair-bolsonaro-regiert-kuenftig-brasilien\/\" target=\"_blank\" rel=\"noopener\">Bolsonaro war im Wahlkampf immer wieder mit homophoben, aber auch rassistischen und frauenfeindlichen \u00c4usserungen aufgefallen.<\/a><\/p>\n<blockquote><p>Da die hasserf\u00fcllte Rhetorik immer mehr an Zugkraft gewinnt, wird die Notunterkunft immer voller<\/p><\/blockquote>\n<p>\u00abDie Liste der Hassverbrechen wird immer l\u00e4nger, wie das auch w\u00e4hrend des Aufstiegs anderer Autokraten \u00fcberall auf der Welt zu beobachten war\u00bb, sagt Mariana Ribeiro, die Leiterin der B\u00fcrgerinitiative Nossas. Die Initiative hat sich mit All Out zusammengetan, um Notfallhilfen f\u00fcr junge LGBTIQ in S\u00e3o Paulo zur Verf\u00fcgung zu stellen. \u00abDa die hasserf\u00fcllte Rhetorik immer mehr an Zugkraft gewinnt, wird die Notunterkunft immer voller\u00bb, sagte Ribeiro Ende November. Die Aufnahme\u00adkapazit\u00e4t stosse bereits an ihre Grenzen.<\/p>\n<blockquote class=\"wp-embedded-content\" data-secret=\"D5WiUJHWqo\"><p><a href=\"https:\/\/mannschaft.com\/2018\/11\/14\/lieber-einen-toten-sohn-als-einen-schwulen-sohn\/\">\u00abWir hoffen das Beste f\u00fcr Brasilien, bef\u00fcrchten aber das Schlimmste\u00bb<\/a><\/p><\/blockquote>\n<p><iframe title=\"&#8222;\u00abWir hoffen das Beste f\u00fcr Brasilien, bef\u00fcrchten aber das Schlimmste\u00bb&#8220; &#8212; Mannschaft Magazin\" class=\"wp-embedded-content\" sandbox=\"allow-scripts\" security=\"restricted\" style=\"position: absolute; clip: rect(1px, 1px, 1px, 1px);\" src=\"https:\/\/mannschaft.com\/2018\/11\/14\/lieber-einen-toten-sohn-als-einen-schwulen-sohn\/embed\/#?secret=D5WiUJHWqo\" data-secret=\"D5WiUJHWqo\" width=\"600\" height=\"338\" frameborder=\"0\" marginwidth=\"0\" marginheight=\"0\" scrolling=\"no\"><\/iframe><\/p>\n<p><strong>Bisher kaum Asylbewerber aus Brasilien<\/strong><br \/>\nWenn es so schlimm kommt, wie viele f\u00fcrchten, wird man die Zahlen derer im Auge behalten m\u00fcssen, die das Land verlassen und beispielsweise in Europa Asyl beantragen. Bisher sind es nicht viele. In Deutschland gab es 2017 laut Bundesamt f\u00fcr Migration und Fl\u00fcchtlinge 12 Antragsteller*innen aus Brasilien, f\u00fcr zwei wurde ein Abschiebungsverbot festgestellt (Stand: Dezember 2018). Im selben Jahr waren es in der Schweiz dem Bundesamt f\u00fcr Statistik zufolge 16, wovon 12 vorl\u00e4ufig aufgenommen wurden. Statistisch jedoch nicht erfasst werden die Gr\u00fcnde, die Antragsteller*innen in ihrem Gesuch angeben.<\/p>\n<p><strong>Flucht nach Paris wegen Morddrohungen<br \/>\n<\/strong>Zu denen, die ihr Land bereits verlassen haben, geh\u00f6rt der Performancek\u00fcnstler Wagner Schwartz. Morddrohungen trieben ihn nach Frankreich. Anlass war seine Performance \u00abLa B\u00eate\u00bb, die in Europa erfolgreich war und ihn in Brasilien zum Gejagten machte. Bei dieser Aktion legt er sich nackt auf die B\u00fchne und fordert das Publikum auf, seinen K\u00f6rper in beliebige Posen zu r\u00fccken. Nach einer Auff\u00fchrung im September 2017 in S\u00e3o Paulo lud jemand ein Video ins Netz, das zeigte, wie eine Frau und ihre Tochter den K\u00fcnstler an F\u00fcssen und H\u00e4nden ber\u00fchrte.<\/p>\n<p>Ein Sturm der Entr\u00fcstung brach los. Bolsonaro bezeichnete die Aktion auf Twitter als \u00abP\u00e4dophilie im Namen der Kultur\u00bb, alle Beteiligten seien \u00abDreckschweine\u00bb. Millionen Follower*innen sahen und teilten es.<\/p>\n<figure id=\"attachment_46297\" aria-describedby=\"caption-attachment-46297\" style=\"width: 1200px\" class=\"wp-caption alignnone\"><a href=\"https:\/\/mannschaft.com\/bimber\/wp-content\/uploads\/2018\/12\/bghgfdj.jpg\"><img data-expand=\"600\" decoding=\"async\" loading=\"lazy\" class=\"lazyload size-full wp-image-46297\" src=\"data:image\/svg+xml;charset=utf-8,%3Csvg xmlns%3D'http%3A%2F%2Fwww.w3.org%2F2000%2Fsvg' viewBox%3D'0 0 1200 900'%2F%3E\" data-src=\"https:\/\/mannschaft.com\/bimber\/wp-content\/uploads\/2018\/12\/bghgfdj.jpg\" alt=\"\" width=\"1200\" height=\"900\" data-srcset=\"https:\/\/alte.mannschaft.lgbt\/bimber\/wp-content\/uploads\/2018\/12\/bghgfdj.jpg 1200w, https:\/\/alte.mannschaft.lgbt\/bimber\/wp-content\/uploads\/2018\/12\/bghgfdj-300x225.jpg 300w, https:\/\/alte.mannschaft.lgbt\/bimber\/wp-content\/uploads\/2018\/12\/bghgfdj-768x576.jpg 768w, https:\/\/alte.mannschaft.lgbt\/bimber\/wp-content\/uploads\/2018\/12\/bghgfdj-425x319.jpg 425w, https:\/\/alte.mannschaft.lgbt\/bimber\/wp-content\/uploads\/2018\/12\/bghgfdj-192x144.jpg 192w, https:\/\/alte.mannschaft.lgbt\/bimber\/wp-content\/uploads\/2018\/12\/bghgfdj-384x288.jpg 384w, https:\/\/alte.mannschaft.lgbt\/bimber\/wp-content\/uploads\/2018\/12\/bghgfdj-561x421.jpg 561w, https:\/\/alte.mannschaft.lgbt\/bimber\/wp-content\/uploads\/2018\/12\/bghgfdj-1122x842.jpg 1122w, https:\/\/alte.mannschaft.lgbt\/bimber\/wp-content\/uploads\/2018\/12\/bghgfdj-364x273.jpg 364w, https:\/\/alte.mannschaft.lgbt\/bimber\/wp-content\/uploads\/2018\/12\/bghgfdj-758x569.jpg 758w, https:\/\/alte.mannschaft.lgbt\/bimber\/wp-content\/uploads\/2018\/12\/bghgfdj-608x456.jpg 608w, https:\/\/alte.mannschaft.lgbt\/bimber\/wp-content\/uploads\/2018\/12\/bghgfdj-1152x864.jpg 1152w, https:\/\/alte.mannschaft.lgbt\/bimber\/wp-content\/uploads\/2018\/12\/bghgfdj-313x235.jpg 313w, https:\/\/alte.mannschaft.lgbt\/bimber\/wp-content\/uploads\/2018\/12\/bghgfdj-400x300.jpg 400w, https:\/\/alte.mannschaft.lgbt\/bimber\/wp-content\/uploads\/2018\/12\/bghgfdj-64x48.jpg 64w, https:\/\/alte.mannschaft.lgbt\/bimber\/wp-content\/uploads\/2018\/12\/bghgfdj-128x96.jpg 128w\" data-sizes=\"(max-width: 1200px) 100vw, 1200px\" \/><\/a><figcaption id=\"caption-attachment-46297\" class=\"wp-caption-text\">Wegen dieser Performance in S\u00e3o Paulo erhielt der K\u00fcnstler Wagner Schwartz Morddrohungen: Er floh nach Paris. (Bild: Humberto Ara\u00fajo)<\/figcaption><\/figure>\n<p>Nachdem Wagner 20 Tage lang wegen P\u00e4dophilievorw\u00fcrfen zun\u00e4chst das Land nicht verlassen durfte, floh er schliesslich nach Paris. Doch seine Heimat l\u00e4sst ihn nicht los. Als wir ihn im Dezember kontaktieren, ist er schon wieder dort und arbeitet an einem neuen Projekt.<\/p>\n<blockquote><p>Die Macher der Ausstellung geh\u00f6ren erschossen!<\/p><\/blockquote>\n<p>K\u00fcnstler*innen und mit ihnen die Kunstfreiheit stehen in Brasilien unter Beschuss. So wurde im Herbst 2017 die Ausstellung \u00abQueermuseu \u2013 Kartografien der Differenz in der Kunst Brasiliens\u00bb in der Stadt Porto Alegre wegen eines anhaltenden Shitstorms vorzeitig geschlossen. Bei der Schau ging es vor allem um trans Themen und Homosexualit\u00e4t. Jair Bolsonaro erkl\u00e4rte damals im Fernsehen: \u00abDie Macher der Ausstellung geh\u00f6ren erschossen.\u00bb<\/p>\n<p>Seine Anh\u00e4nger*innen meinten, das sei ein schlechter Witz, aber kein konkreter Schiessbefehl. Aber wer kann in einem Land, in dem so viele Morde geschehen, dar\u00fcber lachen?<\/p>\n<p><strong>Einen ausf\u00fchrlichen Artikel \u00fcber die Lage in Brasilien und die \u00c4ngste der LGBTIQ-Community findest du in der Januar\/Februar-Ausgabe der MANNSCHAFT. Hier geht es zum\u00a0<a href=\"https:\/\/mannschaft.com\/product-category\/abo-deutschland\/\" target=\"_blank\" rel=\"noopener\">Abo Deutschland<\/a>\u00a0und hier zum\u00a0<a href=\"https:\/\/mannschaft.com\/product-category\/abo-schweiz\/\" target=\"_blank\" rel=\"noopener\">Abo Schweiz.<\/a><\/strong><\/p>\n","protected":false},"excerpt":{"rendered":"<p>Der brasilianische LGBTIQ-Aktivist Jean Wyllys hat seine Heimat\u00a0 verlassen. Weil er schwul ist, hatte er Todesdrohungen erhalten. <a class=\"g1-link g1-link-more\" href=\"https:\/\/alte.mannschaft.lgbt\/bimber\/lgbtiq-aktivist-jean-wyllys-flieht-aus-brasilien\/\">Weiterlesen<\/a><\/p>\n","protected":false},"author":3,"featured_media":47785,"comment_status":"closed","ping_status":"closed","sticky":false,"template":"","format":"standard","meta":[],"categories":[2],"tags":[238,5544,5461],"wps_subtitle":"Jean Wyllys\u00a0war einer der ersten offen schwulen Kongressabgeordneten seines Landes","_links":{"self":[{"href":"https:\/\/alte.mannschaft.lgbt\/bimber\/wp-json\/wp\/v2\/posts\/47783"}],"collection":[{"href":"https:\/\/alte.mannschaft.lgbt\/bimber\/wp-json\/wp\/v2\/posts"}],"about":[{"href":"https:\/\/alte.mannschaft.lgbt\/bimber\/wp-json\/wp\/v2\/types\/post"}],"author":[{"embeddable":true,"href":"https:\/\/alte.mannschaft.lgbt\/bimber\/wp-json\/wp\/v2\/users\/3"}],"replies":[{"embeddable":true,"href":"https:\/\/alte.mannschaft.lgbt\/bimber\/wp-json\/wp\/v2\/comments?post=47783"}],"version-history":[{"count":0,"href":"https:\/\/alte.mannschaft.lgbt\/bimber\/wp-json\/wp\/v2\/posts\/47783\/revisions"}],"wp:featuredmedia":[{"embeddable":true,"href":"https:\/\/alte.mannschaft.lgbt\/bimber\/wp-json\/wp\/v2\/media\/47785"}],"wp:attachment":[{"href":"https:\/\/alte.mannschaft.lgbt\/bimber\/wp-json\/wp\/v2\/media?parent=47783"}],"wp:term":[{"taxonomy":"category","embeddable":true,"href":"https:\/\/alte.mannschaft.lgbt\/bimber\/wp-json\/wp\/v2\/categories?post=47783"},{"taxonomy":"post_tag","embeddable":true,"href":"https:\/\/alte.mannschaft.lgbt\/bimber\/wp-json\/wp\/v2\/tags?post=47783"}],"curies":[{"name":"wp","href":"https:\/\/api.w.org\/{rel}","templated":true}]}}