{"id":47465,"date":"2019-01-21T09:00:00","date_gmt":"2019-01-21T08:00:00","guid":{"rendered":"https:\/\/mannschaft.com\/?p=47465"},"modified":"2019-02-03T16:22:05","modified_gmt":"2019-02-03T15:22:05","slug":"weitere-veraenderungen-im-schoeneberger-regenbogenkiez","status":"publish","type":"post","link":"https:\/\/alte.mannschaft.lgbt\/bimber\/weitere-veraenderungen-im-schoeneberger-regenbogenkiez\/","title":{"rendered":"Dubiose Ver\u00e4nderungen im Sch\u00f6neberger Regenbogenkiez"},"content":{"rendered":"<h3>Es bewegt sich was im schwulen Berliner Kiez Sch\u00f6neberg: W\u00e4hrend die Zukunft der Hafen-Bar wohl vorerst gesichert ist, steht eine weitere Ver\u00e4nderung fest: F\u00fcr den Military Store, keine 50 Meter Luftlinie entfernt, ist Ende Juli nach 19 Jahren in der Motzstrasse Ecke Eisenacher Schluss. Die Umst\u00e4nde sind dubios.<\/h3>\n<p>\u00abDer <em>Military Store<\/em> war der erste Textilladen im Kiez, wir haben alles von Gummi und Leder \u00fcber Milit\u00e4r- bis Polizeiuniformen.\u00bb Angefangen hatte man 1997 in der B\u00fclowstrasse, danach ging es in der Kurf\u00fcrstenstrasse weiter, erinnert sich Gesch\u00e4ftsf\u00fchrer Bernd Schulz im Gespr\u00e4ch mit MANNSCHAFT.<\/p>\n<figure id=\"attachment_47916\" aria-describedby=\"caption-attachment-47916\" style=\"width: 1608px\" class=\"wp-caption alignnone\"><a href=\"https:\/\/mannschaft.com\/bimber\/wp-content\/uploads\/2019\/01\/tmp_12836-20190111_1442254192535888914224522-e1548832955152.jpg\"><img data-expand=\"600\" decoding=\"async\" loading=\"lazy\" class=\"lazyload wp-image-47916 size-full\" src=\"data:image\/svg+xml;charset=utf-8,%3Csvg xmlns%3D'http%3A%2F%2Fwww.w3.org%2F2000%2Fsvg' viewBox%3D'0 0 1608 1206'%2F%3E\" data-src=\"https:\/\/mannschaft.com\/bimber\/wp-content\/uploads\/2019\/01\/tmp_12836-20190111_1442254192535888914224522-e1548832955152.jpg\" alt=\"Regenbogenkiez\" width=\"1608\" height=\"1206\" \/><\/a><figcaption id=\"caption-attachment-47916\" class=\"wp-caption-text\">F\u00fcr Bernd Schulz und den Military Store ist im Sommer Schluss (Foto: Kriss Rudolph)<\/figcaption><\/figure>\n<p>Dass die Tage des Ladens gez\u00e4hlt sind, steht schon seit 2016 fest. Kurz vor Weihnachten habe man die K\u00fcndigung von der Hausverwaltung erhalten. Die Eigent\u00fcmer des Hauses, eine Erbengemeinschaft, habe davon aber nichts gewusst. Also verl\u00e4ngerte man den Vertrag nochmal. Im Juli ist aber nun endg\u00fcltig Schluss, das Strassenfest ist das letzte, an dem man teilnimmt.<\/p>\n<p>Grunds\u00e4tzlich ist Schulz nicht b\u00f6se drum. Die Ums\u00e4tze gehen seit Jahren zur\u00fcck, und die Kunden w\u00fcrden immer unfreundlicher. \u00abKeiner sagt mehr Guten Tag, bitte oder danke. Es macht keinen Spa\u00df mehr.\u00bb<\/p>\n<p><strong>Wer steckte hinter der K\u00fcndigung?<\/strong><br \/>\nBernd Schulz glaubt, dass ein Kiez-bekannter Gesch\u00e4ftsmann hinter der K\u00fcndigung 2016 steckte: Mario Senkpiel, Inhaber des <em>Tom\u2019s Hotel<\/em> sowie des Caf\u00e9s <em>Romeo und Romeo<\/em>; auch das <em>Berio<\/em> hatte ihm einst geh\u00f6rt, wie man seinem LinkedIn-Profil entnehmen kann, von 1995 bis 2004.<\/p>\n<p>Senkpiels Name fiel auch immer wieder im Zusammenhang mit der unsicheren Zukunft des <em>Hafen.<\/em> Senkpiel gab gegen\u00fcber MANNSCHAFT an, er sei am <em>Hafen<\/em> nicht interessiert und auch nicht am <em>Military Store.<\/em> Weiter wollte er sich vorerst nicht \u00e4ussern.<\/p>\n<blockquote class=\"wp-embedded-content\" data-secret=\"GZThyS2bVq\"><p><a href=\"https:\/\/mannschaft.com\/2019\/01\/25\/schwule-juden-schrecken-haeufig-vor-coming-out-zurueck\/\">\u00abSchwule Juden schrecken h\u00e4ufig vor Coming-out zur\u00fcck\u00bb<\/a><\/p><\/blockquote>\n<p><iframe title=\"&#8222;\u00abSchwule Juden schrecken h\u00e4ufig vor Coming-out zur\u00fcck\u00bb&#8220; &#8212; Mannschaft Magazin\" class=\"wp-embedded-content\" sandbox=\"allow-scripts\" security=\"restricted\" style=\"position: absolute; clip: rect(1px, 1px, 1px, 1px);\" src=\"https:\/\/mannschaft.com\/2019\/01\/25\/schwule-juden-schrecken-haeufig-vor-coming-out-zurueck\/embed\/#?secret=GZThyS2bVq\" data-secret=\"GZThyS2bVq\" width=\"600\" height=\"338\" frameborder=\"0\" marginwidth=\"0\" marginheight=\"0\" scrolling=\"no\"><\/iframe><\/p>\n<p>Schulz sagt allerdings, Senkpiel sei in der Vergangenheit immer wieder zu ihm in den <em>Military Store<\/em> gekommen, weil er den Laden haben wollte.<\/p>\n<p>\u00abIhm ging es haupts\u00e4chlich um die Strassenfl\u00e4che f\u00fcr Tische und St\u00fchle. Wir haben hier den ganzen Tag Sonne, das <em>Romeo und Romeo<\/em> aber nur etwa bis 12.\u00bb Danach soll ihm Senkpiel einen Brief gezeigt haben, den er an die Hausverwaltung geschickt habe &#8211; Schulz glaubt aber nicht, dass es der tats\u00e4chliche Brief war. Sein Misstrauen gegen\u00fcber Senkpiel ist gross.<\/p>\n<p>Aus dem <em>Tom&#8217;s Hotel<\/em> bekamen wir nun auf Nachfrage wiederum die Erkl\u00e4rung: \u00abBernd hat uns seinen Laden zum Kauf angeboten.\u00bb Danach sei ein Schreiben an die Hausverwaltung gegangen, doch bis heute hab es keine Reaktion gegeben. Somit steht Aussage gegen Aussage.<\/p>\n<figure id=\"attachment_48031\" aria-describedby=\"caption-attachment-48031\" style=\"width: 4608px\" class=\"wp-caption alignnone\"><a href=\"https:\/\/mannschaft.com\/bimber\/wp-content\/uploads\/2019\/01\/20190111_144600.jpg\"><img data-expand=\"600\" decoding=\"async\" loading=\"lazy\" class=\"lazyload wp-image-48031 size-full\" src=\"data:image\/svg+xml;charset=utf-8,%3Csvg xmlns%3D'http%3A%2F%2Fwww.w3.org%2F2000%2Fsvg' viewBox%3D'0 0 4608 3456'%2F%3E\" data-src=\"https:\/\/mannschaft.com\/bimber\/wp-content\/uploads\/2019\/01\/20190111_144600.jpg\" alt=\"Regenbogenkiez\" width=\"4608\" height=\"3456\" \/><\/a><figcaption id=\"caption-attachment-48031\" class=\"wp-caption-text\">Das Tom&#8217;s Hotel befindet sich in der Motzstrasse neben dem Hafen (Foto: Kriss Rudolph)<\/figcaption><\/figure>\n<p>Was nun mit dem <em>Military Store<\/em> geschieht und ob es dort ein weiteres Caf\u00e9 oder Restaurant geben wird, das wird sich zeigen. Die Hauseigent\u00fcmer h\u00e4tten bislang gesagt, sie wollten hier keine Gastronomie, sagt Schulz. Wir haben die Verwaltung um eine Stellungnahme gebeten, aber keine Antwort\u00a0erhalten. Im Kiez erz\u00e4hlt man, es sei an dieser Stelle nicht erlaubt, einen gastronomischen Betrieb zu er\u00f6ffnen. Also haben wir beim zust\u00e4ndigen Bezirksamt Sch\u00f6neberg Tempelhof nachgefragt. Dort erhielten wir die Auskunft:<\/p>\n<p><strong>Ausgeschlossen ist nichts<\/strong><br \/>\n\u00abDas Grundst\u00fcck Eisenacher Stra\u00dfe 114 (Ecke Motzstra\u00dfe) liegt an der nord-\u00f6stlichen Stra\u00dfenecke und somit eigentlich au\u00dferhalb (bzw. an der Grenze) des Bereichs, in dem seit 2012 die Ansiedlung (nicht Verhinderung!\u2026) von Gastronomiebetrieben aus st\u00e4dtebaulichen Gr\u00fcnden gesteuert wird.\u00bb Und dann der entscheidende Satz: \u00abUnabh\u00e4ngig davon unterliegt nat\u00fcrlich jeder (Neu-)Antrag der Pr\u00fcfung im Einzelfall.\u00bb Ausgeschlossen ist hier also gar nichts.<\/p>\n<p>Wenn auch Senkpiel offiziell nicht am <em>Military Store<\/em> interessiert ist, so sucht er doch seit einem Monat via Linked In einen \u00abkreativen Kopf, welcher f\u00fcr ein Einzelhandelsgesch\u00e4ft einen kleinen Verkaufsraum gestaltet\u00bb. Vielleicht ist es Zufall, vielleicht auch nicht.<\/p>\n<blockquote class=\"wp-embedded-content\" data-secret=\"ggWuQiHWPg\"><p><a href=\"https:\/\/mannschaft.com\/2019\/01\/04\/berlins-community-will-den-hafen-nicht-gehen-lassen\/\">Berlins LGBTIQ-Community will den \u00abHafen\u00bb nicht gehen lassen<\/a><\/p><\/blockquote>\n<p><iframe title=\"&#8222;Berlins LGBTIQ-Community will den \u00abHafen\u00bb nicht gehen lassen&#8220; &#8212; Mannschaft Magazin\" class=\"wp-embedded-content\" sandbox=\"allow-scripts\" security=\"restricted\" style=\"position: absolute; clip: rect(1px, 1px, 1px, 1px);\" src=\"https:\/\/mannschaft.com\/2019\/01\/04\/berlins-community-will-den-hafen-nicht-gehen-lassen\/embed\/#?secret=ggWuQiHWPg\" data-secret=\"ggWuQiHWPg\" width=\"600\" height=\"338\" frameborder=\"0\" marginwidth=\"0\" marginheight=\"0\" scrolling=\"no\"><\/iframe><\/p>\n<p>Derweil scheint f\u00fcr den <em>Hafen<\/em> zumindest eine vor\u00fcbergehende L\u00f6sung gefunden zu sein. Am 3. Januar 2019, dem eigentlich letzten Tag der Bar, gab es eine\u00a0enorme \u00f6ffentliche Resonanz.\u00a0Die Kult-Bar im Regenbogenkiez hatte zu einer\u00a0Solidarit\u00e4tskundgebung aufgerufen, dem gut Tausend Unterst\u00fctzer und Freunde gefolgt\u00a0sind. Nicht nur die Stammg\u00e4ste, Nachbarn und Freunde hatten sich f\u00fcr den Erhalt des Hafens ausgesprochen, sondern auch etliche Stimmen aus Politik und Kultur. Der bisherige Betreiber\u00a0Ulrich Simontowitz zeigt sich ger\u00fchrt: \u00abEs war ein wunderbarer Tag und eine einmalige Nacht!\u00bb<\/p>\n<p><strong>Ver\u00e4nderungen im Hafen<\/strong><br \/>\nDer \u00f6ffentliche Druck hat einiges in Bewegung gebracht. So habe der Hafen eine Verl\u00e4ngerung von bis zu einem Jahr in Aussicht gestellt bekommen. Allerdings wird den nicht\u00a0Simontowitz unterschreiben, der den Laden seit\u00a01990 vom Betreiber der Tom\u2019s Bar nebenan untermietet. K\u00fcnftiger <em>Hafen<\/em>-Chef soll Simontowitz&#8216; langj\u00e4hriger Mitarbeiter Sebastian Pagel werden. Offenbar gab es von Seiten der Tom&#8217;s Bar Vorbehalte gegen seinen bisherigen Chef.<\/p>\n","protected":false},"excerpt":{"rendered":"<p>W\u00e4hrend die Zukunft der Hafen-Bar wohl vorerst gesichert ist, steht eine weitere Ver\u00e4nderung fest: F\u00fcr den Military Store ist Ende Juli nach 19 Jahren Schluss. <a class=\"g1-link g1-link-more\" href=\"https:\/\/alte.mannschaft.lgbt\/bimber\/weitere-veraenderungen-im-schoeneberger-regenbogenkiez\/\">Weiterlesen<\/a><\/p>\n","protected":false},"author":3,"featured_media":48032,"comment_status":"closed","ping_status":"closed","sticky":false,"template":"","format":"standard","meta":[],"categories":[3],"tags":[128,5452],"wps_subtitle":"Der Military Store schliesst im Sommer 2019, der Hafen macht vorerst weiter","_links":{"self":[{"href":"https:\/\/alte.mannschaft.lgbt\/bimber\/wp-json\/wp\/v2\/posts\/47465"}],"collection":[{"href":"https:\/\/alte.mannschaft.lgbt\/bimber\/wp-json\/wp\/v2\/posts"}],"about":[{"href":"https:\/\/alte.mannschaft.lgbt\/bimber\/wp-json\/wp\/v2\/types\/post"}],"author":[{"embeddable":true,"href":"https:\/\/alte.mannschaft.lgbt\/bimber\/wp-json\/wp\/v2\/users\/3"}],"replies":[{"embeddable":true,"href":"https:\/\/alte.mannschaft.lgbt\/bimber\/wp-json\/wp\/v2\/comments?post=47465"}],"version-history":[{"count":0,"href":"https:\/\/alte.mannschaft.lgbt\/bimber\/wp-json\/wp\/v2\/posts\/47465\/revisions"}],"wp:featuredmedia":[{"embeddable":true,"href":"https:\/\/alte.mannschaft.lgbt\/bimber\/wp-json\/wp\/v2\/media\/48032"}],"wp:attachment":[{"href":"https:\/\/alte.mannschaft.lgbt\/bimber\/wp-json\/wp\/v2\/media?parent=47465"}],"wp:term":[{"taxonomy":"category","embeddable":true,"href":"https:\/\/alte.mannschaft.lgbt\/bimber\/wp-json\/wp\/v2\/categories?post=47465"},{"taxonomy":"post_tag","embeddable":true,"href":"https:\/\/alte.mannschaft.lgbt\/bimber\/wp-json\/wp\/v2\/tags?post=47465"}],"curies":[{"name":"wp","href":"https:\/\/api.w.org\/{rel}","templated":true}]}}