{"id":47229,"date":"2019-01-23T16:40:28","date_gmt":"2019-01-23T15:40:28","guid":{"rendered":"https:\/\/mannschaft.com\/?p=47229"},"modified":"2019-01-24T09:08:10","modified_gmt":"2019-01-24T08:08:10","slug":"das-ist-mein-beitrag-fuer-lgbtiq-rechte-und-sichtbarkeit","status":"publish","type":"post","link":"https:\/\/alte.mannschaft.lgbt\/bimber\/das-ist-mein-beitrag-fuer-lgbtiq-rechte-und-sichtbarkeit\/","title":{"rendered":"So engagiere ich mich f\u00fcr LGBTIQ-Rechte und Sichtbarkeit"},"content":{"rendered":"<h3>Wie die Politik LGBTIQ-Rechte ausgestaltet oder sie im Zweifel einschr\u00e4nkt &#8211; das ist das eine. Aber was kann man als einzelner tun, um mitzuhelfen, dass die Situation 2019 f\u00fcr queere Menschen zumindest nicht schlechter wird? Das fragten wir einen Aktivisten aus Stuttgart, eine Kabarettistin aus Berlin und einen Pastor aus Schleswig-Holstein.<\/h3>\n<p><strong>Christoph Michl, Gesch\u00e4ftsf\u00fchrer Stuttgart\u00a0CSD:<\/strong><\/p>\n<p>T\u00e4glich befreien sich irgendwo auf der Welt LGBTIQ von den Fesseln der Unterdr\u00fcckung, ebenso wie andernorts Freiheiten in Gefahr sind. Deutschland oder die USA sind Beispiele daf\u00fcr. Wichtiger wird es also, die Schatten, die auf den Regenbogen der Vielfalt fallen, wahrzunehmen, zu benennen und zu vertreiben. Und gleichzeitig d\u00fcrfen wir beherzt jubilieren, wenn wir Erfolge errungen haben, wenn der Regenbogen also besonders hell leuchtet. Beides wird 2019 passieren.<\/p>\n<p><strong>Mehr Mut, mehr Kooperation<\/strong><br \/>\nIch m\u00f6chte behilflich sein, LGBTIQ zum noch engeren Schulterschluss zu bewegen. Im 50. Jahr von Stonewall will ich daf\u00fcr werben, die gemeinsamen St\u00e4rken in der Community deutlicher zu w\u00fcrdigen: unser starkes ehrenamtliches Fundament, unsere breite Basis an Vereinen und Initiativen, unsere schutzbietenden Orte und R\u00e4ume sowie die speziellen Anl\u00e4sse der Begegnung. All das f\u00e4llt nicht vom Himmel, macht uns aber widerstandsf\u00e4higer. Darauf gilt es, sich in Zeiten des Gegenwinds zu besinnen. Dabei w\u00fcnsche ich mir noch mehr Mut zum Engagement, zur Kooperation. Denn \u00fcbergreifende Allianzen, inner- wie ausserhalb der Regenbogen-Gemeinschaft, sind f\u00fcr mich das entscheidende Element in 2019 und dar\u00fcber hinaus.<\/p>\n<blockquote class=\"wp-embedded-content\" data-secret=\"Dh7P0QU7Id\"><p><a href=\"https:\/\/mannschaft.com\/2019\/01\/12\/umfrage-brauchen-wir-eine-neue-regenbogenflagge\/\">UMFRAGE: Brauchen wir eine neue Regenbogenflagge?<\/a><\/p><\/blockquote>\n<p><iframe title=\"&#8222;UMFRAGE: Brauchen wir eine neue Regenbogenflagge?&#8220; &#8212; Mannschaft Magazin\" class=\"wp-embedded-content\" sandbox=\"allow-scripts\" security=\"restricted\" style=\"position: absolute; clip: rect(1px, 1px, 1px, 1px);\" src=\"https:\/\/mannschaft.com\/2019\/01\/12\/umfrage-brauchen-wir-eine-neue-regenbogenflagge\/embed\/#?secret=Dh7P0QU7Id\" data-secret=\"Dh7P0QU7Id\" width=\"600\" height=\"338\" frameborder=\"0\" marginwidth=\"0\" marginheight=\"0\" scrolling=\"no\"><\/iframe><\/p>\n<p><strong>Sigrid Grajek, <\/strong><strong>Kabarettistin und Schauspielerin aus Berlin:<\/strong><\/p>\n<p>F\u00fcr LGBTIQ-Rechte und queere Sichtbarkeit erwarte ich eher eine Verschlechterung als eine Verbesserung. Es mag auf der \u00abgesetzlichen Seite\u00bb in Deutschland so scheinen, als w\u00fcrden wir die Ziele erreichen k\u00f6nnen. Aber wir h\u00f6ren t\u00e4glich die Stimmen, die sich zum Beispiel gegen die Ehe f\u00fcr alle richten. Wir erleben gewaltt\u00e4tige \u00dcbergriffe und das allgemeine Sinken der Hemmschwelle, was Beleidigungen etc. angeht. Wir sind nicht auf der sicheren Seite.<\/p>\n<p>International k\u00f6nnen wir auch nicht hoffnungsvoll sein: Ungarn schafft die Gender Studies ab, <a href=\"https:\/\/mannschaft.com\/2018\/12\/03\/nach-referendum-taiwan-plant-partnerschaftsgesetz-und-keine-eheoeffnung\/\" target=\"_blank\" rel=\"noopener\">Taiwan spricht sich gegen die Ehe\u00f6ffnung aus<\/a>, die Situation f\u00fcr LGBTIQ in Afrika, den arabischen L\u00e4ndern und Russland ist desastr\u00f6s. Pers\u00f6nliche Sichtbarkeit und Solidarit\u00e4t bleiben f\u00fcr mich die Schl\u00fcssel f\u00fcr Verbesserungen.<\/p>\n<p><strong>Steffen Paar,\u00a0Evangelischer Pastor in S\u00fclfeld (Schleswig-Holstein):<\/strong><\/p>\n<p>Mit Blick zur\u00fcck auf die Zeit vor rund 20 Jahren, als ich mich geoutet habe, ist viel Gutes in Sachen LGBTIQ-Rechte passiert. Das macht mich dankbar. Ich hoffe, dass besonders mit Blick auf die Rechte der trans und intergeschlechtlichen Menschen noch mehr geschieht.<br \/>\nGleichwohl sind Gesetze nur eine Seite.<\/p>\n<blockquote class=\"wp-embedded-content\" data-secret=\"jyrjN8sty0\"><p><a href=\"https:\/\/mannschaft.com\/2018\/12\/16\/pro-ecclesia-petition-will-katholische-kirche-von-homo-netzwerken-befreien\/\">Schweizer Verein will \u00abkatholische Kirche von Homo-Netzwerken befreien\u00bb<\/a><\/p><\/blockquote>\n<p><iframe title=\"&#8222;Schweizer Verein will \u00abkatholische Kirche von Homo-Netzwerken befreien\u00bb&#8220; &#8212; Mannschaft Magazin\" class=\"wp-embedded-content\" sandbox=\"allow-scripts\" security=\"restricted\" style=\"position: absolute; clip: rect(1px, 1px, 1px, 1px);\" src=\"https:\/\/mannschaft.com\/2018\/12\/16\/pro-ecclesia-petition-will-katholische-kirche-von-homo-netzwerken-befreien\/embed\/#?secret=jyrjN8sty0\" data-secret=\"jyrjN8sty0\" width=\"600\" height=\"338\" frameborder=\"0\" marginwidth=\"0\" marginheight=\"0\" scrolling=\"no\"><\/iframe><\/p>\n<p>Diskriminierung wird meiner Meinung nach nicht nur durch rechtliche Regelungen beseitigt, sondern bedarf einer menschen- und situationssensibleren Haltung. Das Verst\u00e4ndnis f\u00fcr einen Menschen und seiner Sexualit\u00e4t, die von der eigenen abweicht, hat es immer noch schwer, selbst in der eigenen Community.<\/p>\n<blockquote><p>Gerade die Kirche hat in Vergangenheit und Gegenwart viel Schuld auf sich geladen<\/p><\/blockquote>\n<p>Ich bin Pastor einer evangelischen Kirchengemeinde auf dem Land n\u00f6rdlich von Hamburg. Ich treffe Menschen, die sich nicht trauen, sich als schwul zu outen oder sich nur im Verborgenen erlauben, ihre eigentliche geschlechtliche Identit\u00e4t zu leben. Hier setzt das ein, was ich tun kann: Immer wieder thematisieren, auf eigene Worte achten, und denen ins Wort fallen, die wissentlich oder unabsichtlich diskriminieren. Gerade die Kirche hat in Vergangenheit und Gegenwart viel Schuld auf sich geladen. Darum stehe ich freudig vorne und erz\u00e4hle mit meinem Predigen und Tun vom menschenfreundlichen Gott, dessen Gesicht hier auf der Erde so bunt ist wie unsere LGBTIQ-Community. Vielleicht kann ich so helfend begleiten, dass Menschen sich selber lieben lernen, egal, was Gesetze und andere sagen.<\/p>\n<p><strong>Weitere Stimmen zum Thema findest du in der Januar\/Februar-Ausgabe der MANNSCHAFT. Hier geht es zum\u00a0<a href=\"https:\/\/mannschaft.com\/product-category\/abo-deutschland\/\" target=\"_blank\" rel=\"noopener\">Abo Deutschland<\/a>\u00a0und hier zum\u00a0<a href=\"https:\/\/mannschaft.com\/product-category\/abo-schweiz\/\" target=\"_blank\" rel=\"noopener\">Abo Schweiz.<\/a><\/strong><\/p>\n","protected":false},"excerpt":{"rendered":"<p>Wie machen wir 2019 zu einem guten Jahr f\u00fcr LGBTIQ? Das fragten wir einen Aktivisten aus Stuttgart, eine Kabarettistin aus Berlin und einen Pastor aus S\u00fclfeld. <a class=\"g1-link g1-link-more\" href=\"https:\/\/alte.mannschaft.lgbt\/bimber\/das-ist-mein-beitrag-fuer-lgbtiq-rechte-und-sichtbarkeit\/\">Weiterlesen<\/a><\/p>\n","protected":false},"author":3,"featured_media":47648,"comment_status":"closed","ping_status":"closed","sticky":false,"template":"","format":"standard","meta":[],"categories":[3],"tags":[5478,5507,5512],"wps_subtitle":"Was kann man als einzelner tun, damit die Situation 2019 f\u00fcr queere Menschen nicht schlechter wird?","_links":{"self":[{"href":"https:\/\/alte.mannschaft.lgbt\/bimber\/wp-json\/wp\/v2\/posts\/47229"}],"collection":[{"href":"https:\/\/alte.mannschaft.lgbt\/bimber\/wp-json\/wp\/v2\/posts"}],"about":[{"href":"https:\/\/alte.mannschaft.lgbt\/bimber\/wp-json\/wp\/v2\/types\/post"}],"author":[{"embeddable":true,"href":"https:\/\/alte.mannschaft.lgbt\/bimber\/wp-json\/wp\/v2\/users\/3"}],"replies":[{"embeddable":true,"href":"https:\/\/alte.mannschaft.lgbt\/bimber\/wp-json\/wp\/v2\/comments?post=47229"}],"version-history":[{"count":0,"href":"https:\/\/alte.mannschaft.lgbt\/bimber\/wp-json\/wp\/v2\/posts\/47229\/revisions"}],"wp:featuredmedia":[{"embeddable":true,"href":"https:\/\/alte.mannschaft.lgbt\/bimber\/wp-json\/wp\/v2\/media\/47648"}],"wp:attachment":[{"href":"https:\/\/alte.mannschaft.lgbt\/bimber\/wp-json\/wp\/v2\/media?parent=47229"}],"wp:term":[{"taxonomy":"category","embeddable":true,"href":"https:\/\/alte.mannschaft.lgbt\/bimber\/wp-json\/wp\/v2\/categories?post=47229"},{"taxonomy":"post_tag","embeddable":true,"href":"https:\/\/alte.mannschaft.lgbt\/bimber\/wp-json\/wp\/v2\/tags?post=47229"}],"curies":[{"name":"wp","href":"https:\/\/api.w.org\/{rel}","templated":true}]}}