{"id":46174,"date":"2019-01-19T05:00:42","date_gmt":"2019-01-19T04:00:42","guid":{"rendered":"https:\/\/mannschaft.com\/?p=46174"},"modified":"2022-04-04T11:52:54","modified_gmt":"2022-04-04T09:52:54","slug":"in-kinderbuechern-gibt-es-noch-viel-zu-wenig-queere-charaktere","status":"publish","type":"post","link":"https:\/\/alte.mannschaft.lgbt\/bimber\/in-kinderbuechern-gibt-es-noch-viel-zu-wenig-queere-charaktere\/","title":{"rendered":"\u00abIn Kinderb\u00fcchern gibt es noch zu wenig queere Charaktere\u00bb"},"content":{"rendered":"<h3>Bewaffnet mit Pinsel, Stift und Farbe sagt Marc Majewski der Engstirnigkeit des Erwachsenendaseins den Kampf an. Manchmal braucht es eben mehr als Worte, um Menschen eine neue Sicht auf die Welt zu schenken.<\/h3>\n<p class=\"p1\">Was unterscheidet das Kind vom Manne? Je \u00e4lter wir werden, desto st\u00e4rker fordert der spr\u00f6de Alltag seinen Tribut. Statt sich leichtf\u00fcssig in Gedanken verlieren und wilde Geschichten ausspinnen zu k\u00f6nnen, m\u00fcssen wir uns mit vermeintlich wichtigeren Dingen besch\u00e4ftigen, Ausbildungen absolvieren und irgendwann einer festen Arbeit nachgehen, um Geld zu verdienen. Platz f\u00fcr Fantasie bleibt da wenig. Es sei denn, es gelingt uns, ein Refugium f\u00fcr unser inneres Kind zu schaffen.<\/p>\n<p class=\"p3\">Am 15. April 1993 erblickte Marc Majewski\u00a0als Kind eines franz\u00f6sisch-\u00adpolnisch-\u00adst\u00e4mmigen Elternpaares in Grenoble das Licht der Welt. In La Mure, einer Gemeinde in der Region Auvergne-\u00adRh\u00f4ne-\u00adAlpes. Umgeben von Bergen, Wiesen, W\u00e4ldern und Fl\u00fcssen tollte er mit seiner Cousine durch eine Welt, die er r\u00fcckblickend als m\u00e4rchenhaft beschreibt. M\u00e4rchenhaft? Zu Teenagertagen kam ihm seine Heimat doch recht begrenzt vor. Es fehlte an Reibungsfl\u00e4chen. An Aufregung. Die fand Marc nur in seinem Kopf, in all den Bildern, die durch diesen schwirrten und die er bereits im Alter von zwei Jahren auf Papier festzuhalten versuchte.<\/p>\n<figure id=\"attachment_46182\" aria-describedby=\"caption-attachment-46182\" style=\"width: 1200px\" class=\"wp-caption alignnone\"><img data-expand=\"600\" decoding=\"async\" loading=\"lazy\" class=\"lazyload wp-image-46182 size-full\" src=\"data:image\/svg+xml;charset=utf-8,%3Csvg xmlns%3D'http%3A%2F%2Fwww.w3.org%2F2000%2Fsvg' viewBox%3D'0 0 1200 900'%2F%3E\" data-src=\"https:\/\/mannschaft.com\/bimber\/wp-content\/uploads\/2018\/12\/xscrgegreg.jpg\" alt=\"\" width=\"1200\" height=\"900\" data-srcset=\"https:\/\/alte.mannschaft.lgbt\/bimber\/wp-content\/uploads\/2018\/12\/xscrgegreg.jpg 1200w, https:\/\/alte.mannschaft.lgbt\/bimber\/wp-content\/uploads\/2018\/12\/xscrgegreg-300x225.jpg 300w, https:\/\/alte.mannschaft.lgbt\/bimber\/wp-content\/uploads\/2018\/12\/xscrgegreg-768x576.jpg 768w, https:\/\/alte.mannschaft.lgbt\/bimber\/wp-content\/uploads\/2018\/12\/xscrgegreg-425x319.jpg 425w, https:\/\/alte.mannschaft.lgbt\/bimber\/wp-content\/uploads\/2018\/12\/xscrgegreg-192x144.jpg 192w, https:\/\/alte.mannschaft.lgbt\/bimber\/wp-content\/uploads\/2018\/12\/xscrgegreg-384x288.jpg 384w, https:\/\/alte.mannschaft.lgbt\/bimber\/wp-content\/uploads\/2018\/12\/xscrgegreg-561x421.jpg 561w, https:\/\/alte.mannschaft.lgbt\/bimber\/wp-content\/uploads\/2018\/12\/xscrgegreg-1122x842.jpg 1122w, https:\/\/alte.mannschaft.lgbt\/bimber\/wp-content\/uploads\/2018\/12\/xscrgegreg-364x273.jpg 364w, https:\/\/alte.mannschaft.lgbt\/bimber\/wp-content\/uploads\/2018\/12\/xscrgegreg-758x569.jpg 758w, https:\/\/alte.mannschaft.lgbt\/bimber\/wp-content\/uploads\/2018\/12\/xscrgegreg-608x456.jpg 608w, https:\/\/alte.mannschaft.lgbt\/bimber\/wp-content\/uploads\/2018\/12\/xscrgegreg-1152x864.jpg 1152w, https:\/\/alte.mannschaft.lgbt\/bimber\/wp-content\/uploads\/2018\/12\/xscrgegreg-313x235.jpg 313w, https:\/\/alte.mannschaft.lgbt\/bimber\/wp-content\/uploads\/2018\/12\/xscrgegreg-400x300.jpg 400w, https:\/\/alte.mannschaft.lgbt\/bimber\/wp-content\/uploads\/2018\/12\/xscrgegreg-64x48.jpg 64w, https:\/\/alte.mannschaft.lgbt\/bimber\/wp-content\/uploads\/2018\/12\/xscrgegreg-128x96.jpg 128w\" data-sizes=\"(max-width: 1200px) 100vw, 1200px\" \/><figcaption id=\"caption-attachment-46182\" class=\"wp-caption-text\">(Foto: Sven Serkis)<\/figcaption><\/figure>\n<p class=\"p5\"><b>Leere Farbstifte und volle Skizzenb\u00fccher<\/b><br \/>\n\u00abMeine Mutter ist noch immer sehr stolz auf meine ersten Kunstwerke!\u00bb, sagt Marc und grinst von einem Ohr zum anderen. \u00abAusserdem hat mich meine Tante Florence stark gepr\u00e4gt, indem sie mich mit B\u00fcchern versorgte und diese mit mir anschaute.\u00bb<\/p>\n<p class=\"p3\">Vor allem die schaurig-gruseligen Illustrationen von Gustave Dor\u00e9, der mit Vorliebe Bilder zu volkst\u00fcmlichen M\u00e4rchen schuf, zogen ihn damals wie heute in seinen Bann. Befl\u00fcgelt von dessen filigranen Zeichnungen und Grafiken, den Werken des japanischen Filmemachers Hayao Miyazakis und anderen Inspirationsquellen f\u00fcllte er dann in jeder freien Minute die vielen kleinen Skizzenb\u00fccher, die er von seinen Eltern und Verwandten geschenkt bekommen hatte. Denn R\u00fcckhalt seitens seiner Familie war ihm stets sicher\u202f\u2013 erkannte man doch seine Begabung.<\/p>\n<p class=\"p3\">\u00abIch erinnere mich noch, wie ich einen Kasten voller Filzstifte hatte und komplett von einem bestimmten Rotton besessen war. Ich malte nur noch damit und brauchte immer wieder neue Sets, sodass ich am Ende jede Farbe zehnmal hatte, mit Ausnahme des Rots.\u00bb<span class=\"Apple-converted-space\">\u00a0<\/span><\/p>\n<p>&nbsp;<\/p>\n<figure id=\"attachment_46176\" aria-describedby=\"caption-attachment-46176\" style=\"width: 1200px\" class=\"wp-caption alignnone\"><img data-expand=\"600\" decoding=\"async\" loading=\"lazy\" class=\"lazyload wp-image-46176 size-full\" src=\"data:image\/svg+xml;charset=utf-8,%3Csvg xmlns%3D'http%3A%2F%2Fwww.w3.org%2F2000%2Fsvg' viewBox%3D'0 0 1200 900'%2F%3E\" data-src=\"https:\/\/mannschaft.com\/bimber\/wp-content\/uploads\/2018\/12\/dsvfdasv.jpg\" alt=\"\" width=\"1200\" height=\"900\" data-srcset=\"https:\/\/alte.mannschaft.lgbt\/bimber\/wp-content\/uploads\/2018\/12\/dsvfdasv.jpg 1200w, https:\/\/alte.mannschaft.lgbt\/bimber\/wp-content\/uploads\/2018\/12\/dsvfdasv-300x225.jpg 300w, https:\/\/alte.mannschaft.lgbt\/bimber\/wp-content\/uploads\/2018\/12\/dsvfdasv-768x576.jpg 768w, https:\/\/alte.mannschaft.lgbt\/bimber\/wp-content\/uploads\/2018\/12\/dsvfdasv-425x319.jpg 425w, https:\/\/alte.mannschaft.lgbt\/bimber\/wp-content\/uploads\/2018\/12\/dsvfdasv-192x144.jpg 192w, https:\/\/alte.mannschaft.lgbt\/bimber\/wp-content\/uploads\/2018\/12\/dsvfdasv-384x288.jpg 384w, https:\/\/alte.mannschaft.lgbt\/bimber\/wp-content\/uploads\/2018\/12\/dsvfdasv-561x421.jpg 561w, https:\/\/alte.mannschaft.lgbt\/bimber\/wp-content\/uploads\/2018\/12\/dsvfdasv-1122x842.jpg 1122w, https:\/\/alte.mannschaft.lgbt\/bimber\/wp-content\/uploads\/2018\/12\/dsvfdasv-364x273.jpg 364w, https:\/\/alte.mannschaft.lgbt\/bimber\/wp-content\/uploads\/2018\/12\/dsvfdasv-758x569.jpg 758w, https:\/\/alte.mannschaft.lgbt\/bimber\/wp-content\/uploads\/2018\/12\/dsvfdasv-608x456.jpg 608w, https:\/\/alte.mannschaft.lgbt\/bimber\/wp-content\/uploads\/2018\/12\/dsvfdasv-1152x864.jpg 1152w, https:\/\/alte.mannschaft.lgbt\/bimber\/wp-content\/uploads\/2018\/12\/dsvfdasv-313x235.jpg 313w, https:\/\/alte.mannschaft.lgbt\/bimber\/wp-content\/uploads\/2018\/12\/dsvfdasv-400x300.jpg 400w, https:\/\/alte.mannschaft.lgbt\/bimber\/wp-content\/uploads\/2018\/12\/dsvfdasv-64x48.jpg 64w, https:\/\/alte.mannschaft.lgbt\/bimber\/wp-content\/uploads\/2018\/12\/dsvfdasv-128x96.jpg 128w\" data-sizes=\"(max-width: 1200px) 100vw, 1200px\" \/><figcaption id=\"caption-attachment-46176\" class=\"wp-caption-text\">(Illustration: Marc Majewski)<\/figcaption><\/figure>\n<p class=\"p5\"><b>Gef\u00f6rdert seit jungen Jahren<\/b><br \/>\nEin anderes Thema, das Marc schon fr\u00fch besch\u00e4ftigte, war die Faszination f\u00fcrs eigene Geschlecht. \u00abIn der Grundschule verguckte ich mich in einen Klassenkameraden und erz\u00e4hlte es dann meiner Mutter.\u00bb Diese zeigte Verst\u00e4ndnis und Anerkennung f\u00fcr die Empfindungen ihres Sohns, wohingegen sich sein Vater lange schwertat, Marcs Homosexualit\u00e4t zu akzeptieren. \u00abJetzt kann er es. Er ist eine tolle Unterst\u00fctzung.\u00bb<\/p>\n<blockquote>\n<p class=\"p1\">Mich verlangte es nach queeren Inputs und einem politischeren Geschehen<\/p>\n<\/blockquote>\n<div class=\"page\" title=\"Page 40\">\n<div class=\"layoutArea\">\n<div class=\"column\">\n<p class=\"p3\">Als Kind eines franz\u00f6sisch-polnisch-st\u00e4mmigen Elternpaares wurde Marc, neben seinem k\u00fcnstlerischen Talent, auch eine gewisse Weltoffenheit mit in die Wiege gelegt. Deswegen verwundert es auch nicht, dass er nach der Schule auszog, genau diese auszuleben. Mit Erlangen der Vollj\u00e4hrigkeit ging es nach Nantes, wo er Illustration an der \u00c9cole Pivaut studierte, in seine erste Wohnung zog und sich in das Blau des Meers verliebte. Besondere F\u00f6rderung erhielt er durch einen seiner Lehrer, den Maler Marc Chalm\u00e9, was Marcs Selbstvertrauen und den Glauben in sein K\u00f6nnen erstarken liess.<\/p>\n<\/div>\n<\/div>\n<\/div>\n<p class=\"p3\">Er malte und zeichnete rund um die Uhr und wurde schliesslich f\u00fcr die Gestaltung erster Kinderb\u00fccher engagiert. Da diese T\u00e4tigkeit keine Ortsgebundenheit erforderte und Marc zunehmend merkte, dass seiner pers\u00f6nlichen wie kreativen Entwicklung in Nantes Grenzen gesetzt waren, entschied er im November 2017, nach Berlin \u00fcberzusiedeln. \u00abMich verlangte es nach queeren Inputs und einem politischeren Geschehen.\u00bb<\/p>\n<p class=\"p3\">Heute nennt Marc den Stadtbezirk Neuk\u00f6lln sein Zuhause. Dort lebt und wirkt der 25-J\u00e4hrige. Vorrangig an einem grossen Tisch, den er unter sein Fenster ger\u00fcckt hat, und der von etlichen Skizzen und Entw\u00fcrfen an den W\u00e4nden gerahmt wird. Neben Auftragsarbeiten f\u00fcr verschiedene Autor*innen, Verlage und Magazine hat Marc sich in den letzten Jahren auch zunehmend einem sehr eigenwilligen Projekt gewidmet. Keine Zeitung und kein Magazin waren mehr vor ihm sicher. Sobald er ein spannendes Fa\u00adshion\u00admodelgesicht erblickte, griff er auch schon zum Pinsel und \u00fcbermalte es.<\/p>\n<figure id=\"attachment_46181\" aria-describedby=\"caption-attachment-46181\" style=\"width: 1200px\" class=\"wp-caption alignleft\"><img data-expand=\"600\" decoding=\"async\" loading=\"lazy\" class=\"lazyload size-full wp-image-46181\" src=\"data:image\/svg+xml;charset=utf-8,%3Csvg xmlns%3D'http%3A%2F%2Fwww.w3.org%2F2000%2Fsvg' viewBox%3D'0 0 1200 900'%2F%3E\" data-src=\"https:\/\/mannschaft.com\/bimber\/wp-content\/uploads\/2018\/12\/cdvafbstbvsd.jpg\" alt=\"\" width=\"1200\" height=\"900\" data-srcset=\"https:\/\/alte.mannschaft.lgbt\/bimber\/wp-content\/uploads\/2018\/12\/cdvafbstbvsd.jpg 1200w, https:\/\/alte.mannschaft.lgbt\/bimber\/wp-content\/uploads\/2018\/12\/cdvafbstbvsd-300x225.jpg 300w, https:\/\/alte.mannschaft.lgbt\/bimber\/wp-content\/uploads\/2018\/12\/cdvafbstbvsd-768x576.jpg 768w, https:\/\/alte.mannschaft.lgbt\/bimber\/wp-content\/uploads\/2018\/12\/cdvafbstbvsd-425x319.jpg 425w, https:\/\/alte.mannschaft.lgbt\/bimber\/wp-content\/uploads\/2018\/12\/cdvafbstbvsd-192x144.jpg 192w, https:\/\/alte.mannschaft.lgbt\/bimber\/wp-content\/uploads\/2018\/12\/cdvafbstbvsd-384x288.jpg 384w, https:\/\/alte.mannschaft.lgbt\/bimber\/wp-content\/uploads\/2018\/12\/cdvafbstbvsd-561x421.jpg 561w, https:\/\/alte.mannschaft.lgbt\/bimber\/wp-content\/uploads\/2018\/12\/cdvafbstbvsd-1122x842.jpg 1122w, https:\/\/alte.mannschaft.lgbt\/bimber\/wp-content\/uploads\/2018\/12\/cdvafbstbvsd-364x273.jpg 364w, https:\/\/alte.mannschaft.lgbt\/bimber\/wp-content\/uploads\/2018\/12\/cdvafbstbvsd-758x569.jpg 758w, https:\/\/alte.mannschaft.lgbt\/bimber\/wp-content\/uploads\/2018\/12\/cdvafbstbvsd-608x456.jpg 608w, https:\/\/alte.mannschaft.lgbt\/bimber\/wp-content\/uploads\/2018\/12\/cdvafbstbvsd-1152x864.jpg 1152w, https:\/\/alte.mannschaft.lgbt\/bimber\/wp-content\/uploads\/2018\/12\/cdvafbstbvsd-313x235.jpg 313w, https:\/\/alte.mannschaft.lgbt\/bimber\/wp-content\/uploads\/2018\/12\/cdvafbstbvsd-400x300.jpg 400w, https:\/\/alte.mannschaft.lgbt\/bimber\/wp-content\/uploads\/2018\/12\/cdvafbstbvsd-64x48.jpg 64w, https:\/\/alte.mannschaft.lgbt\/bimber\/wp-content\/uploads\/2018\/12\/cdvafbstbvsd-128x96.jpg 128w\" data-sizes=\"(max-width: 1200px) 100vw, 1200px\" \/><figcaption id=\"caption-attachment-46181\" class=\"wp-caption-text\">(Illustration: Marc Majewski)<\/figcaption><\/figure>\n<p>So entstehen seit 2015 immer wieder neue Portr\u00e4ts, die Geschlecht und Identit\u00e4t auf plakative Art und Weise hinterfragen und bewusst Verwirrung stiften. \u00abAber auch in Kinderb\u00fcchern gibt es noch viel zu wenig queere oder schwule Charaktere. Ich w\u00fcnsche mir ein Morgen, in dem es keinen Widerspruch darstellt, auch kleinere Kinder mit der bunten Palette unseres Seins zu konfrontieren. Es braucht nur mutige Verleger*innen, die in solche Storys investieren.\u00bb<\/p>\n<div class=\"page\" title=\"Page 42\">\n<div class=\"layoutArea\">\n<div class=\"column\">\n<p><strong>Nicht gefeit vor \u00c4ngsten und Selbstzweifeln<\/strong><br \/>\nDas romantisierte Klischee des K\u00fcnstlers, der mit einem Glas Wein in seiner verkramten Wohnung sitzt, umgeben von Staffeleien, Leinwa\u0308nden und Bergen von Papier, ist ein hartn\u00e4ckiges. Doch scheint 2018 wesentlich mehr dazuzugeh\u00f6ren, um langfristig erfolgreich zu sein. Aspekte wie die Pr\u00e4senz auf Social-Media-Kan\u00e4len oder das Finden von Ausstellungsr\u00e4umen sind wichtiger denn je. Unsere Umgebung ist laut und \u00fcberreizt. Sich Geh\u00f6r zu verschaffen, f\u00e4llt da oft schwer. Und wie jeder Mensch kennt auch Marc Majewski \u00c4ngste und Sorgen. \u00abZweifel geh\u00f6ren einfach dazu. Bin ich gut genug? Wie kann ich mir selbst treu bleiben, ohne andere zu kopieren? Was braucht es, um meine Botschaften zu transportieren und sie den Menschen zug\u00e4nglich zu machen?\u00bb<\/p>\n<\/div>\n<div class=\"column\">\n<p>Sobald er dann aber wieder ehrenamtlich mit Fl\u00fcchtlingskindern arbeitet, mit ihnen bastelt und ihre Begeisterung f\u00fcr Kunst am eigenen Leib sp\u00fcrt, sobald er den Testdruck eines Buches mit seinen Illustrationen in der Hand h\u00e4lt oder vor einem weissen Blatt Papier sitzt, das nur darauf wartet, von Wasserfarbe durchdrungen zu werden, sobald Marc diese Dinge tut, weiss er wieder, wie dankbar er fu\u0308r seinen bisherigen Weg ist.<\/p>\n<\/div>\n<\/div>\n<\/div>\n","protected":false},"excerpt":{"rendered":"<p>Mit Farbstiften und Papier sagt der Berliner Illustrator Marc Majewski der Engstirnigkeit des Erwachsenendaseins den Kampf an <a class=\"g1-link g1-link-more\" href=\"https:\/\/alte.mannschaft.lgbt\/bimber\/in-kinderbuechern-gibt-es-noch-viel-zu-wenig-queere-charaktere\/\">Weiterlesen<\/a><\/p>\n","protected":false},"author":11,"featured_media":46179,"comment_status":"closed","ping_status":"closed","sticky":false,"template":"","format":"standard","meta":[],"categories":[83,4371],"tags":[128,5531,5474],"wps_subtitle":"Der Berliner Marc Majewski ist Illustrator","_links":{"self":[{"href":"https:\/\/alte.mannschaft.lgbt\/bimber\/wp-json\/wp\/v2\/posts\/46174"}],"collection":[{"href":"https:\/\/alte.mannschaft.lgbt\/bimber\/wp-json\/wp\/v2\/posts"}],"about":[{"href":"https:\/\/alte.mannschaft.lgbt\/bimber\/wp-json\/wp\/v2\/types\/post"}],"author":[{"embeddable":true,"href":"https:\/\/alte.mannschaft.lgbt\/bimber\/wp-json\/wp\/v2\/users\/11"}],"replies":[{"embeddable":true,"href":"https:\/\/alte.mannschaft.lgbt\/bimber\/wp-json\/wp\/v2\/comments?post=46174"}],"version-history":[{"count":4,"href":"https:\/\/alte.mannschaft.lgbt\/bimber\/wp-json\/wp\/v2\/posts\/46174\/revisions"}],"predecessor-version":[{"id":134494,"href":"https:\/\/alte.mannschaft.lgbt\/bimber\/wp-json\/wp\/v2\/posts\/46174\/revisions\/134494"}],"wp:featuredmedia":[{"embeddable":true,"href":"https:\/\/alte.mannschaft.lgbt\/bimber\/wp-json\/wp\/v2\/media\/46179"}],"wp:attachment":[{"href":"https:\/\/alte.mannschaft.lgbt\/bimber\/wp-json\/wp\/v2\/media?parent=46174"}],"wp:term":[{"taxonomy":"category","embeddable":true,"href":"https:\/\/alte.mannschaft.lgbt\/bimber\/wp-json\/wp\/v2\/categories?post=46174"},{"taxonomy":"post_tag","embeddable":true,"href":"https:\/\/alte.mannschaft.lgbt\/bimber\/wp-json\/wp\/v2\/tags?post=46174"}],"curies":[{"name":"wp","href":"https:\/\/api.w.org\/{rel}","templated":true}]}}