{"id":45766,"date":"2018-12-19T17:10:05","date_gmt":"2018-12-19T16:10:05","guid":{"rendered":"https:\/\/mannschaft.com\/?p=45766"},"modified":"2019-01-25T00:49:47","modified_gmt":"2019-01-24T23:49:47","slug":"trans-vater-reicht-beschwerde-beim-europaeischen-gerichtshof-fuer-menschenrechte-ein","status":"publish","type":"post","link":"https:\/\/alte.mannschaft.lgbt\/bimber\/trans-vater-reicht-beschwerde-beim-europaeischen-gerichtshof-fuer-menschenrechte-ein\/","title":{"rendered":"Trans Vater reicht Beschwerde beim Europ\u00e4ischen Gerichtshof ein"},"content":{"rendered":"<h3>Nachdem in vier Instanzen keine L\u00f6sung f\u00fcr die aktuell belastende Situation von trans Eltern und ihren Kindern herbeizuf\u00fchren war, hat ein deutscher trans Vater aus Berlin nun zwei Beschwerden beim Europ\u00e4ischen Gerichtshof f\u00fcr Menschenrechte eingereicht, eine f\u00fcr sein Kind und eine f\u00fcr sich.<\/h3>\n<p>Im Juni war bekannt geworden dass die Beschwerde eines trans Vaters vom Bundesverfassungsgericht als unbegr\u00fcndet nicht angenommen wurde. Es geht dabei darum, dass aktuell in Deutschland ein trans Mann, der ein Kind bekommt, rechtlich als Mutter seines Kindes gilt und in der Geburtsurkunde des Kindes mit dem veralteten weiblichen Vornamen eingetragen wird. Diese Situation f\u00fchrt dazu, dass es nicht m\u00f6glich ist, die Verwandtschaft zwischen Elternteil und Kind nachzuweisen, ohne sich als trans zu outen.<\/p>\n<blockquote class=\"wp-embedded-content\" data-secret=\"BxVf8dCIuP\"><p><a href=\"https:\/\/mannschaft.com\/2018\/12\/01\/mach-mit-bei-unserer-weihnachtsverlosung-und-gewinne-eine-kreuzfahrt\/\">Weihnachtsverlosung: MANNSCHAFT schickt dich auf Kreuzfahrt!<\/a><\/p><\/blockquote>\n<p><iframe title=\"&#8222;Weihnachtsverlosung: MANNSCHAFT schickt dich auf Kreuzfahrt!&#8220; &#8212; Mannschaft Magazin\" class=\"wp-embedded-content\" sandbox=\"allow-scripts\" security=\"restricted\" style=\"position: absolute; clip: rect(1px, 1px, 1px, 1px);\" src=\"https:\/\/mannschaft.com\/2018\/12\/01\/mach-mit-bei-unserer-weihnachtsverlosung-und-gewinne-eine-kreuzfahrt\/embed\/#?secret=BxVf8dCIuP\" data-secret=\"BxVf8dCIuP\" width=\"600\" height=\"338\" frameborder=\"0\" marginwidth=\"0\" marginheight=\"0\" scrolling=\"no\"><\/iframe><\/p>\n<p>Nun geht das Thema eine Instanz weiter: zum Europ\u00e4ischen Gerichtshof f\u00fcr Menschenrechte, wie Sascha Rewald erkl\u00e4rt, der Sprecher der AG Elternschaft bei der Bundesvereinigung Trans* e.V. (BVT*):<\/p>\n<p class=\"entry-subtitle g1-gamma g1-gamma-3rd\">\u00abDie aktuelle Situation in Deutschland setzt transgeschlechtliche Eltern und ihre Kinder einer erh\u00f6hten Gefahr von Diskriminierung aus. Dadurch, dass geb\u00e4rende M\u00e4nner als M\u00fctter mit weiblichen Vornamen registriert werden, stimmen die Geburtsurkunde des Kindes und die Papiere des Elternteils nicht \u00fcberein. Wir fordern daher, dass trans Eltern in den Geburtsurkunden ihrer Kinder geschlechtsneutral und mit ihrem aktuell gef\u00fchrten Vornamen eingetragen werden. Dies ist insbesondere auch im Interesse der Kinder.\u00bb<\/p>\n<blockquote class=\"wp-embedded-content\" data-secret=\"ZQXAWJJ95U\"><p><a href=\"https:\/\/mannschaft.com\/2018\/12\/16\/pro-ecclesia-petition-will-katholische-kirche-von-homo-netzwerken-befreien\/\">Schweizer Verein will \u00abkatholische Kirche von Homo-Netzwerken befreien\u00bb<\/a><\/p><\/blockquote>\n<p><iframe title=\"&#8222;Schweizer Verein will \u00abkatholische Kirche von Homo-Netzwerken befreien\u00bb&#8220; &#8212; Mannschaft Magazin\" class=\"wp-embedded-content\" sandbox=\"allow-scripts\" security=\"restricted\" style=\"position: absolute; clip: rect(1px, 1px, 1px, 1px);\" src=\"https:\/\/mannschaft.com\/2018\/12\/16\/pro-ecclesia-petition-will-katholische-kirche-von-homo-netzwerken-befreien\/embed\/#?secret=ZQXAWJJ95U\" data-secret=\"ZQXAWJJ95U\" width=\"600\" height=\"338\" frameborder=\"0\" marginwidth=\"0\" marginheight=\"0\" scrolling=\"no\"><\/iframe><\/p>\n<blockquote><p>Trans Eltern und ihre Kinder brauchen die rechtliche Anerkennung ihrer Familienform, um vor Diskriminierung gesch\u00fctzt zu sein<\/p><\/blockquote>\n<p>Der Europarat verlange in seinem Report des Komitees zu Gleichheit und Antidiskriminierung von den Mitgliedsstaaten, das Recht auf Achtung von Privat- und Familienlebens der Europ\u00e4ischen Konvention zum Schutz der Menschenrechte zu gew\u00e4hrleisten. Dazu geh\u00f6re u.a. die Geschlechtsidentit\u00e4t von transgeschlechtlichen Elternteilen auf den Geburtsurkunden ihrer Kinder mit dem inzwischen korrigierten Geschlechtseintrag angeben. \u00abDaher ist der Europ\u00e4ische Gerichtshof aufgefordert, den deutschen Staat an seine Pflicht zur Einhaltung von Menschenrechten zu erinnern. Trans Eltern und ihre Kinder brauchen die rechtliche Anerkennung ihrer Familienform, um vor Diskriminierung gesch\u00fctzt zu sein.\u00bb<\/p>\n<p>Dass zwei Klagen eingereicht wurden, erkl\u00e4rt sich laut BVT* so &#8211; zum einen aus Sicht des Kindes:<\/p>\n<p>Das Kind ist in seinem Recht auf Achtung seines Privat- und Familienlebens nach Art. 8 Abs. 1 EMRK durch die mit hiesiger Beschwerde angegriffenen Beschl\u00fcsse und die Registrierung seiner Geburt unter der Bezeichnung seines einzigen Elternteils als \u201eMutter\u201c und mit weiblichen Vornamen sowie die daraus resultierende Unm\u00f6glichkeit der Erstellung einer Geburtsurkunde mit den aktuell gef\u00fchrten Vornamen seines Elternteils und der korrekten Bezeichnung als Vater oder hilfsweise als Elternteil verletzt.<\/p>\n<p><strong> Recht auf Selbstbestimmung seiner Geschlechtsidentit\u00e4t<\/strong><br \/>\nAus Sicht des Elternteils: Das Recht auf Achtung des Privatlebens nach Art. 8 Abs. 1 EMKR erstreckt sich laut BVT* auf Aspekte der pers\u00f6nlichen Identit\u00e4t; die durch Art. 8 EMRK normierte Garantie soll in erster Linie die Entwicklung der Pers\u00f6nlichkeit jeder Einzelperson in seinen Beziehungen zu anderen Menschen ohne Einmischung von au\u00dfen sicherstellen. Im Rahmen der Verletzung von Art. 8 Abs. 1 EMRK sind das Recht des Beschwerdef\u00fchrers auf Selbstbestimmung seiner Geschlechtsidentit\u00e4t, sein Recht am eigenen Vornamen sowie sein informationelles Selbstbestimmungsrecht betroffen.<\/p>\n","protected":false},"excerpt":{"rendered":"<p>Nachdem in vier Instanzen keine L\u00f6sung f\u00fcr die belastende Situation von trans Eltern und ihren Kindern herbeizuf\u00fchren war, hat ein deutscher trans Vater aus Berlin Beschwerde beim Europ\u00e4ischen Gerichtshof f\u00fcr Menschenrechte eingereicht. <a class=\"g1-link g1-link-more\" href=\"https:\/\/alte.mannschaft.lgbt\/bimber\/trans-vater-reicht-beschwerde-beim-europaeischen-gerichtshof-fuer-menschenrechte-ein\/\">Weiterlesen<\/a><\/p>\n","protected":false},"author":1,"featured_media":45775,"comment_status":"closed","ping_status":"closed","sticky":false,"template":"","format":"standard","meta":[],"categories":[3],"tags":[5463,5507,5509,5545],"wps_subtitle":"Der trans Mann ist Vater geworden, gilt aber rechtlich als Mutter und wird in der Geburtsurkunde des Kindes mit dem veralteten weiblichen Vornamen eingetragen","_links":{"self":[{"href":"https:\/\/alte.mannschaft.lgbt\/bimber\/wp-json\/wp\/v2\/posts\/45766"}],"collection":[{"href":"https:\/\/alte.mannschaft.lgbt\/bimber\/wp-json\/wp\/v2\/posts"}],"about":[{"href":"https:\/\/alte.mannschaft.lgbt\/bimber\/wp-json\/wp\/v2\/types\/post"}],"author":[{"embeddable":true,"href":"https:\/\/alte.mannschaft.lgbt\/bimber\/wp-json\/wp\/v2\/users\/1"}],"replies":[{"embeddable":true,"href":"https:\/\/alte.mannschaft.lgbt\/bimber\/wp-json\/wp\/v2\/comments?post=45766"}],"version-history":[{"count":0,"href":"https:\/\/alte.mannschaft.lgbt\/bimber\/wp-json\/wp\/v2\/posts\/45766\/revisions"}],"wp:featuredmedia":[{"embeddable":true,"href":"https:\/\/alte.mannschaft.lgbt\/bimber\/wp-json\/wp\/v2\/media\/45775"}],"wp:attachment":[{"href":"https:\/\/alte.mannschaft.lgbt\/bimber\/wp-json\/wp\/v2\/media?parent=45766"}],"wp:term":[{"taxonomy":"category","embeddable":true,"href":"https:\/\/alte.mannschaft.lgbt\/bimber\/wp-json\/wp\/v2\/categories?post=45766"},{"taxonomy":"post_tag","embeddable":true,"href":"https:\/\/alte.mannschaft.lgbt\/bimber\/wp-json\/wp\/v2\/tags?post=45766"}],"curies":[{"name":"wp","href":"https:\/\/api.w.org\/{rel}","templated":true}]}}