{"id":45112,"date":"2018-12-12T14:07:23","date_gmt":"2018-12-12T13:07:23","guid":{"rendered":"https:\/\/mannschaft.com\/?p=45112"},"modified":"2018-12-12T14:17:33","modified_gmt":"2018-12-12T13:17:33","slug":"das-gabs-noch-nie-polizei-holt-afd-politiker-aus-stuttgarter-landtag","status":"publish","type":"post","link":"https:\/\/alte.mannschaft.lgbt\/bimber\/das-gabs-noch-nie-polizei-holt-afd-politiker-aus-stuttgarter-landtag\/","title":{"rendered":"Das gab&#8217;s noch nie: Polizei holt AfD-Politiker aus Stuttgarter Landtag!"},"content":{"rendered":"<h3>Die AfD-Fraktion in Baden-W\u00fcrttemberg hatte f\u00fcr Mittwochmorgen die Debatte &#8222;Kinder und Familien vor linksideologischen Einflu\u0308ssen schu\u0308tzen \u2013 gegen sozialdemokratische Abtreibungspla\u0308ne und Gesinnungspru\u0308fungen im Kindergarten&#8220; beantragt. Das wurde am Ende so tumulthaft, dass die Polizei anr\u00fccken musste.<\/h3>\n<p>Stefan R\u00e4pple und seine Partei sind strikt dagegen, wenn Kitas versuchen, veraltete Geschlechter-Stereotypen aufzubrechen, wenn auch Jungs mit Puppen spielen und M\u00e4dchen sich mit Baggern besch\u00e4ftigen, ohne dass das kommentiert oder gar l\u00e4cherlich gemacht wird.<\/p>\n<p>Nun hat der AfD-Landtagsabgeordnete Stefan R\u00e4pple hat mit seinem Verhalten einen Tumult im Landtag ausgel\u00f6st. Weil er den Saal trotz Aufforderung des Landtagspr\u00e4sidiums nicht verlassen wollte, wurde die Sitzung am Mittwoch unterbrochen. R\u00e4pple musste anschlie\u00dfend von der Polizei aus dem Saal begleitet werden. Auch der fraktionslose Abgeordnete Wolfgang Gedeon wurde nach mehreren Zwischenrufen mit Hilfe der Polizei des Saales verwiesen. Beide sind jetzt vom Pr\u00e4sidium f\u00fcr mehrere Sitzungen ausgeschlossen.<\/p>\n<p><strong>Gegen vermeintliche \u201elinksideologische Einfl\u00fcsse\u201c in Kinderg\u00e4rten<br \/>\n<\/strong>Anlass war die von der AfD angesto\u00dfene Debatte \u00fcber Abtreibungen und vermeintliche \u201elinksideologische Einfl\u00fcsse\u201c in Kinderg\u00e4rten. R\u00e4pple hatte von Landtagspr\u00e4sidentin Muhterem Aras (Gr\u00fcne) bereits zu Beginn der Debatte einen Ordnungsruf erhalten. Er hatte die SPD mit \u201eSo sind sie, die roten Terroristen!\u201c beschimpft.<\/p>\n<blockquote class=\"wp-embedded-content\" data-secret=\"jxup7aqVuX\"><p><a href=\"https:\/\/mannschaft.com\/2018\/12\/12\/nicole-hoechst-fuer-hirschfeld-stiftung-afd-laesst-erneut-abstimmen\/\">AfD-Frau Nicole H\u00f6chst schafft es wieder nicht ins Hirschfeld-Kuratorium<\/a><\/p><\/blockquote>\n<p><iframe title=\"&#8222;AfD-Frau Nicole H\u00f6chst schafft es wieder nicht ins Hirschfeld-Kuratorium&#8220; &#8212; Mannschaft Magazin\" class=\"wp-embedded-content\" sandbox=\"allow-scripts\" security=\"restricted\" style=\"position: absolute; clip: rect(1px, 1px, 1px, 1px);\" src=\"https:\/\/mannschaft.com\/2018\/12\/12\/nicole-hoechst-fuer-hirschfeld-stiftung-afd-laesst-erneut-abstimmen\/embed\/#?secret=jxup7aqVuX\" data-secret=\"jxup7aqVuX\" width=\"600\" height=\"338\" frameborder=\"0\" marginwidth=\"0\" marginheight=\"0\" scrolling=\"no\"><\/iframe><\/p>\n<p>FDP-Fraktionschef Hans-Ulrich R\u00fclke sagte daraufhin am Ende seines Redebeitrags, die \u201egeistigen Vorl\u00e4ufer von Leuten wie Herrn R\u00e4pple\u201c seien \u201eim Stechschritt durch das Brandenburger Tor marschiert\u201c. R\u00e4pple bestand schreiend auf einen Ordnungsruf von Aras gegen R\u00fclke. Dazu kam es aber nicht. Stattdessen sagte Aras R\u00e4pple die M\u00f6glichkeit einer pers\u00f6nlichen Erkl\u00e4rung zu und rief ihn zur Ruhe. R\u00e4pple rief weiter dazwischen und wurde schlie\u00dflich des Saales verwiesen. \u201eSie verlassen jetzt die Sitzung\u201c, rief Aras. \u201eNein, ich bleibe hier\u201c, rief er zur\u00fcck und blieb demonstrativ auf seinem Platz sitzen.<\/p>\n<p>Die Sitzung wurde daraufhin unterbrochen. Erst nachdem drei Polizeibeamte minutenlang auf R\u00e4pple einredeten, verlie\u00df der Abgeordnete den Saal. Daraufhin stand die gesamte AfD-Fraktion aus Protest auf und zog sich aus dem Plenum zur\u00fcck. R\u00e4pple k\u00fcndigte sp\u00e4ter an, Verfassungsklage einreichen zu wollen.<\/p>\n<p>Bei Twitter setzte R\u00e4pple zun\u00e4chst einen rassistischen Kommentar ab.<\/p>\n<blockquote class=\"twitter-tweet lazyload\" data-expand=\"600\" data-script=\"https:\/\/platform.twitter.com\/widgets.js\"  data-width=\"550\" data-dnt=\"true\">\n<p lang=\"de\" dir=\"ltr\">Eine <a href=\"https:\/\/twitter.com\/hashtag\/Kurdin?src=hash&amp;ref_src=twsrc%5Etfw\">#Kurdin<\/a> sorgt f\u00fcr <a href=\"https:\/\/twitter.com\/hashtag\/t%C3%BCrkische?src=hash&amp;ref_src=twsrc%5Etfw\">#t\u00fcrkische<\/a> <a href=\"https:\/\/twitter.com\/hashtag\/Verh%C3%A4ltnisse?src=hash&amp;ref_src=twsrc%5Etfw\">#Verh\u00e4ltnisse<\/a> im <a href=\"https:\/\/twitter.com\/Landtag_BW?ref_src=twsrc%5Etfw\">@Landtag_BW<\/a><br \/>. <a href=\"https:\/\/twitter.com\/hashtag\/Landtagspr%C3%A4sidentin?src=hash&amp;ref_src=twsrc%5Etfw\">#Landtagspr\u00e4sidentin<\/a> Muhterem <a href=\"https:\/\/twitter.com\/hashtag\/Aras?src=hash&amp;ref_src=twsrc%5Etfw\">#Aras<\/a> ist parteiisch und mit der Leitung \u00fcberfordert. Ich fordere ihre umgehende Absetzung. Gegen die Beeintr\u00e4chtigung meines freien Mandats werde ich klagen <a href=\"https:\/\/t.co\/mGlQL5Aig9\">https:\/\/t.co\/mGlQL5Aig9<\/a> <a href=\"https:\/\/t.co\/jgMvglWJT9\">pic.twitter.com\/jgMvglWJT9<\/a><\/p>\n<p>&mdash; Stefan R\u00e4pple MdL (@StefanRaepple) <a href=\"https:\/\/twitter.com\/StefanRaepple\/status\/1072833068401115136?ref_src=twsrc%5Etfw\">December 12, 2018<\/a><\/p><\/blockquote>\n<p><strong>Auch Wolfgang Gedeon musste gehen<\/strong><\/p>\n<p>Die Debatte wurde kurz darauf mit der AfD-Fraktion, aber ohne R\u00e4pple, lautstark fortgesetzt. Schlie\u00dflich wurde auch der fraktionslose Abgeordnete Wolfgang Gedeon nach Zwischenrufen des Saales verwiesen. Er hatte zwei Ordnungsrufe von Aras erhalten und daraufhin gerufen, so k\u00f6nne sie ein Parlament in Anatolien f\u00fchren, nicht in Deutschland. Aras schloss Gedeon von der Sitzung aus. Auch er weigerte sich zu gehen und wurde von der Polizei aus dem Saal begleitet.<\/p>\n","protected":false},"excerpt":{"rendered":"<p>Die AfD-Fraktion hatte die Debatte \u201eKinder und Familien vor linksideologischen Einflu\u0308ssen schu\u0308tzen \u2013 gegen sozialdemokratische Abtreibungspla\u0308ne und Gesinnungspru\u0308fungen im Kindergarten\u201c beantragt. Das wurde am Ende so tumulthaft, dass die Polizei anr\u00fccken musste. <a class=\"g1-link g1-link-more\" href=\"https:\/\/alte.mannschaft.lgbt\/bimber\/das-gabs-noch-nie-polizei-holt-afd-politiker-aus-stuttgarter-landtag\/\">Weiterlesen<\/a><\/p>\n","protected":false},"author":1,"featured_media":45118,"comment_status":"closed","ping_status":"closed","sticky":false,"template":"","format":"standard","meta":[],"categories":[3],"tags":[5531,5493,5544],"wps_subtitle":"Weil Stefan R\u00e4pple den Saal trotz Aufforderung des Landtagspr\u00e4sidiums nicht verlassen wollte, wurde die Sitzung am Mittwoch unterbrochen","_links":{"self":[{"href":"https:\/\/alte.mannschaft.lgbt\/bimber\/wp-json\/wp\/v2\/posts\/45112"}],"collection":[{"href":"https:\/\/alte.mannschaft.lgbt\/bimber\/wp-json\/wp\/v2\/posts"}],"about":[{"href":"https:\/\/alte.mannschaft.lgbt\/bimber\/wp-json\/wp\/v2\/types\/post"}],"author":[{"embeddable":true,"href":"https:\/\/alte.mannschaft.lgbt\/bimber\/wp-json\/wp\/v2\/users\/1"}],"replies":[{"embeddable":true,"href":"https:\/\/alte.mannschaft.lgbt\/bimber\/wp-json\/wp\/v2\/comments?post=45112"}],"version-history":[{"count":0,"href":"https:\/\/alte.mannschaft.lgbt\/bimber\/wp-json\/wp\/v2\/posts\/45112\/revisions"}],"wp:featuredmedia":[{"embeddable":true,"href":"https:\/\/alte.mannschaft.lgbt\/bimber\/wp-json\/wp\/v2\/media\/45118"}],"wp:attachment":[{"href":"https:\/\/alte.mannschaft.lgbt\/bimber\/wp-json\/wp\/v2\/media?parent=45112"}],"wp:term":[{"taxonomy":"category","embeddable":true,"href":"https:\/\/alte.mannschaft.lgbt\/bimber\/wp-json\/wp\/v2\/categories?post=45112"},{"taxonomy":"post_tag","embeddable":true,"href":"https:\/\/alte.mannschaft.lgbt\/bimber\/wp-json\/wp\/v2\/tags?post=45112"}],"curies":[{"name":"wp","href":"https:\/\/api.w.org\/{rel}","templated":true}]}}