{"id":45023,"date":"2018-12-12T09:52:53","date_gmt":"2018-12-12T08:52:53","guid":{"rendered":"https:\/\/mannschaft.com\/?p=45023"},"modified":"2018-12-12T10:19:57","modified_gmt":"2018-12-12T09:19:57","slug":"jens-spahn-mag-sich-nicht-mehr-ueber-homofeinliche-papst-aeusserungen-aufregen","status":"publish","type":"post","link":"https:\/\/alte.mannschaft.lgbt\/bimber\/jens-spahn-mag-sich-nicht-mehr-ueber-homofeinliche-papst-aeusserungen-aufregen\/","title":{"rendered":"Jens Spahn mag sich nicht mehr \u00fcber homophobe Papst-\u00c4usserungen aufregen"},"content":{"rendered":"<h3>Jens Spahn wurde schon vor Jahren vom britischen Guardian zum k\u00fcnftigen Kanzler ausgerufen. Seine Bewerbung zum neuen CDU-Chef in der vergangenen Woche war allerdings erfolglos. Gegen\u00fcber domradio.de erz\u00e4hlte er jetzt, wie er mit\u00a0<strong class=\"anrisstext\">Entt\u00e4uschungen umgeht.<\/strong><\/h3>\n<p><a href=\"https:\/\/mannschaft.com\/2018\/12\/07\/cdu-parteitag-waehlt-merkel-nachfolge\/\" target=\"_blank\" rel=\"noopener\">Bei der Wahl auf dem Hamburger CDU-Parteitag setzte sich Annegret Kramp-Karrenbauer mit 51,7 % der Stimmen gegen Friedrich Merz durch. <\/a>Der offen schwule Jens Spahn war schon im ersten Wahlgang ausgeschieden.<\/p>\n<p>Spahn sieht in seinem Glauben eine Hilfe, die Entt\u00e4uschung \u00fcber die verlorene Wahl zu \u00fcberwinden. Wie er\u00a0am Dienstag dem Internetportal des Erzbistums K\u00f6ln, domradio.de sagte, mache ihn sein Glaube gelassener in allen Lebenslagen, \u201cauch wenn man mal einen kleinen Fehler macht oder einen Versprecher hat\u201c.<\/p>\n<p>Das Wissen beruhige ihn, immer bei jemandem aufgehoben und auch mit seinen Schw\u00e4chen angenommen zu sein..<\/p>\n<blockquote><p>Der liebe Gott wird sich etwas dabei gedacht haben, dass ich so bin wie ich bin<\/p><\/blockquote>\n<p>Auch als schwuler Mann f\u00fchle er sich in der Kirche aufgehoben. \u201eDer liebe Gott wird sich etwas dabei gedacht haben, dass ich so bin wie ich bin. Das ist f\u00fcr mich der entscheidende Teil, sozusagen mit mir, meinem Glauben und meinem Gott im Reinen zu sein\u201c, so Spahn.<\/p>\n<blockquote class=\"wp-embedded-content\" data-secret=\"6ISnht8vte\"><p><a href=\"https:\/\/mannschaft.com\/2015\/02\/06\/moderne-familien-nicht-mit-dem-papst\/\">Moderne Familien? Nicht mit dem Papst!<\/a><\/p><\/blockquote>\n<p><iframe title=\"&#8222;Moderne Familien? Nicht mit dem Papst!&#8220; &#8212; Mannschaft Magazin\" class=\"wp-embedded-content\" sandbox=\"allow-scripts\" security=\"restricted\" style=\"position: absolute; clip: rect(1px, 1px, 1px, 1px);\" src=\"https:\/\/mannschaft.com\/2015\/02\/06\/moderne-familien-nicht-mit-dem-papst\/embed\/#?secret=6ISnht8vte\" data-secret=\"6ISnht8vte\" width=\"600\" height=\"338\" frameborder=\"0\" marginwidth=\"0\" marginheight=\"0\" scrolling=\"no\"><\/iframe><\/p>\n<p>Auch zum Papst wurde Spahn befragt. Papst Franziskus hat einst das slowakische Referendum unterst\u00fctzt, das die Gleichberechtigung Homosexueller einschr\u00e4nken sollte. Zudem gibt es\u00a0immer wieder ablehnende \u00c4usserungen von der katholischen Kirche \u00fcber Schwule und Lesben, auch vom Papst. Spahn nehme das zur Kenntnis. \u201eManchmal wundere ich mich auch\u201c, sagte der Bundesgesundheitsminister. \u201eAber ich habe auch keine Lust mehr, mich dar\u00fcber aufzuregen.\u201c<\/p>\n<p>Der Papst hatte in einem neuen Buch u. a. \u00fcber Homosexualit\u00e4t erkl\u00e4rt, im Ordens- und Priesterleben sei \u201ekein Platz f\u00fcr eine solche Art von Zuneigung\u201c.<\/p>\n","protected":false},"excerpt":{"rendered":"<p>Jens Spahn wurde schon vor Jahren vom britischen Guardian zum k\u00fcnftigen Kanzler ausgerufen. Seine Bewerbung zum neuen CDU-Chef in der vergangenen Woche war allerdings erfolglos. Gegen\u00fcber domradio.de erz\u00e4hlte er jetzt, wie er mit\u00a0Entt\u00e4uschungen umgeht. <a class=\"g1-link g1-link-more\" href=\"https:\/\/alte.mannschaft.lgbt\/bimber\/jens-spahn-mag-sich-nicht-mehr-ueber-homofeinliche-papst-aeusserungen-aufregen\/\">Weiterlesen<\/a><\/p>\n","protected":false},"author":1,"featured_media":36659,"comment_status":"closed","ping_status":"closed","sticky":false,"template":"","format":"standard","meta":[],"categories":[3],"tags":[65,5544,5512],"wps_subtitle":"Gegen\u00fcber domradio.de erz\u00e4hlte der Bundesgesundheitsminister (CDU) auch, dass ihm sein Glaube im Umgang mit\u00a0Entt\u00e4uschungen helfe","_links":{"self":[{"href":"https:\/\/alte.mannschaft.lgbt\/bimber\/wp-json\/wp\/v2\/posts\/45023"}],"collection":[{"href":"https:\/\/alte.mannschaft.lgbt\/bimber\/wp-json\/wp\/v2\/posts"}],"about":[{"href":"https:\/\/alte.mannschaft.lgbt\/bimber\/wp-json\/wp\/v2\/types\/post"}],"author":[{"embeddable":true,"href":"https:\/\/alte.mannschaft.lgbt\/bimber\/wp-json\/wp\/v2\/users\/1"}],"replies":[{"embeddable":true,"href":"https:\/\/alte.mannschaft.lgbt\/bimber\/wp-json\/wp\/v2\/comments?post=45023"}],"version-history":[{"count":0,"href":"https:\/\/alte.mannschaft.lgbt\/bimber\/wp-json\/wp\/v2\/posts\/45023\/revisions"}],"wp:featuredmedia":[{"embeddable":true,"href":"https:\/\/alte.mannschaft.lgbt\/bimber\/wp-json\/wp\/v2\/media\/36659"}],"wp:attachment":[{"href":"https:\/\/alte.mannschaft.lgbt\/bimber\/wp-json\/wp\/v2\/media?parent=45023"}],"wp:term":[{"taxonomy":"category","embeddable":true,"href":"https:\/\/alte.mannschaft.lgbt\/bimber\/wp-json\/wp\/v2\/categories?post=45023"},{"taxonomy":"post_tag","embeddable":true,"href":"https:\/\/alte.mannschaft.lgbt\/bimber\/wp-json\/wp\/v2\/tags?post=45023"}],"curies":[{"name":"wp","href":"https:\/\/api.w.org\/{rel}","templated":true}]}}