{"id":44914,"date":"2018-12-11T14:18:26","date_gmt":"2018-12-11T13:18:26","guid":{"rendered":"https:\/\/mannschaft.com\/?p=44914"},"modified":"2018-12-16T14:04:48","modified_gmt":"2018-12-16T13:04:48","slug":"grossdemo-gegen-oesterreichs-regierung-schwarz-blau-fuer-vielfalt-und-akzeptanz","status":"publish","type":"post","link":"https:\/\/alte.mannschaft.lgbt\/bimber\/grossdemo-gegen-oesterreichs-regierung-schwarz-blau-fuer-vielfalt-und-akzeptanz\/","title":{"rendered":"\u00d6sterreich vor Grossdemo gegen Regierung \u2013 f\u00fcr Vielfalt und Akzeptanz!"},"content":{"rendered":"<h3>Die Homosexuelle Initiative (HOSI) Wien ruft neben anderen Organisation f\u00fcr kommenden Samstag zu einer Grossdemo auf. Die Liste der Kritikpunkte ist lang. Unter anderem wird Schwarz-Blau offene Ablehnung von queeren Menschen vorgeworfen.<\/h3>\n<p class=\"g1-giga g1-giga-1st entry-title\">\u00abEine unmenschliche Asylpolitik, Ignoranz bis hin zu offener Ablehnung gegen\u00fcber LGBTIQ-Personen, K\u00fcrzungen bei den \u00c4rmeren und Schw\u00e4chsten in unserer Gesellschaft, eine Unterminierung unserer demokratischen Kultur und eine Aussenpolitik, die Br\u00fccken einreisst, anstatt sie zu bauen &#8211; das ist die Bilanz nach einem Jahr Schwarz-blau\u00bb, heisst es in der Ank\u00fcndigung zur Demo, f\u00fcr die sich bei Facebook schon \u00fcber 8000 Menschen angemeldet haben.<\/p>\n<p>K\u00e4the Lichtner vom B\u00fcndnis Heisser Herbst teilte mit:<\/p>\n<p>\u00abF\u00fcr die breite Mehrheit der in \u00d6sterreich lebenden Menschen ist ein Jahr Schwarz-Blau kein Grund zu feiern. Denn eine Politik, die den \u00c4rmsten nimmt und den Reichsten gibt und die Rassismus und Hetze befeuert, stellt keine Alternative dar. Die Bundesregierung l\u00e4sst keinen Tag aus, um deutlich zu machen, f\u00fcr wen sie Politik macht.\u00bb Sozialabbau, Steuergeschenke f\u00fcr die Reichen, Hetze gegen Gefl\u00fcchtete, r\u00fcckschrittliche Bildungs- und Frauenpolitik, Abschaffung der Notstandshilfe, Postenschacher f\u00fcr deutschnationale Burschenschafter, Attacken auf die Pressefreiheit, Entdemokratisierung\u00bb spr\u00e4chen eine deutliche Sprache.<\/p>\n<blockquote class=\"wp-embedded-content\" data-secret=\"ovMLlC4KJb\"><p><a href=\"https:\/\/mannschaft.com\/2018\/09\/07\/asyl-oesterreich-absurde-verfahren-keine-schwulen-pornos-kein-asyl\/\">Absurde Verfahren in \u00d6sterreich &#8211; kein Schwulenporno, kein Asyl!<\/a><\/p><\/blockquote>\n<p><iframe title=\"&#8222;Absurde Verfahren in \u00d6sterreich &#8211; kein Schwulenporno, kein Asyl!&#8220; &#8212; Mannschaft Magazin\" class=\"wp-embedded-content\" sandbox=\"allow-scripts\" security=\"restricted\" style=\"position: absolute; clip: rect(1px, 1px, 1px, 1px);\" src=\"https:\/\/mannschaft.com\/2018\/09\/07\/asyl-oesterreich-absurde-verfahren-keine-schwulen-pornos-kein-asyl\/embed\/#?secret=ovMLlC4KJb\" data-secret=\"ovMLlC4KJb\" width=\"600\" height=\"338\" frameborder=\"0\" marginwidth=\"0\" marginheight=\"0\" scrolling=\"no\"><\/iframe><\/p>\n<p>\u00abWir sind Lesben, Schwule, Bisexuelle, Trans*- und Intersex*-Personen und solidarische Heteros\u00bb, erkl\u00e4rt die HOSI Wien. \u00abWir werden ein Zeichen gegen die schwarz-blaue Politik setzen: <a href=\"https:\/\/www.facebook.com\/events\/249951369018214\/\" target=\"_blank\" rel=\"noopener\">Am 15.12. wird zur Grossdemonstration gegen die schwarz-blaue Regierung aufgerufen.\u00bb<\/a><\/p>\n<p>Gemeinsam werde man einen Regenbogen-Block bilden mit der Botschaft: \u00abUnser \u00d6sterreich steht f\u00fcr Vielfalt und Akzeptanz! Gemeinsam werden wir auf die Stra\u00dfe gehen und Sichtbarkeit schaffen, denn eines muss Kurz und Strache klar werden: Unsere Farben strahlen heller!\u00bb<\/p>\n","protected":false},"excerpt":{"rendered":"<p>Der Koalition wird u. a. eine unmenschliche Asylpolitik vorgeworfen sowie Ignoranz bis hin zu offener Ablehnung gegen\u00fcber LGBTIQ-Personen. <a class=\"g1-link g1-link-more\" href=\"https:\/\/alte.mannschaft.lgbt\/bimber\/grossdemo-gegen-oesterreichs-regierung-schwarz-blau-fuer-vielfalt-und-akzeptanz\/\">Weiterlesen<\/a><\/p>\n","protected":false},"author":1,"featured_media":45264,"comment_status":"closed","ping_status":"closed","sticky":false,"template":"","format":"standard","meta":[],"categories":[2527],"tags":[5449,5544,5461,567],"wps_subtitle":"Der Koalition wird u. a. eine unmenschliche Asylpolitik vorgeworfen sowie Ignoranz bis hin zu offener Ablehnung gegen\u00fcber LGBTIQ-Personen","_links":{"self":[{"href":"https:\/\/alte.mannschaft.lgbt\/bimber\/wp-json\/wp\/v2\/posts\/44914"}],"collection":[{"href":"https:\/\/alte.mannschaft.lgbt\/bimber\/wp-json\/wp\/v2\/posts"}],"about":[{"href":"https:\/\/alte.mannschaft.lgbt\/bimber\/wp-json\/wp\/v2\/types\/post"}],"author":[{"embeddable":true,"href":"https:\/\/alte.mannschaft.lgbt\/bimber\/wp-json\/wp\/v2\/users\/1"}],"replies":[{"embeddable":true,"href":"https:\/\/alte.mannschaft.lgbt\/bimber\/wp-json\/wp\/v2\/comments?post=44914"}],"version-history":[{"count":0,"href":"https:\/\/alte.mannschaft.lgbt\/bimber\/wp-json\/wp\/v2\/posts\/44914\/revisions"}],"wp:featuredmedia":[{"embeddable":true,"href":"https:\/\/alte.mannschaft.lgbt\/bimber\/wp-json\/wp\/v2\/media\/45264"}],"wp:attachment":[{"href":"https:\/\/alte.mannschaft.lgbt\/bimber\/wp-json\/wp\/v2\/media?parent=44914"}],"wp:term":[{"taxonomy":"category","embeddable":true,"href":"https:\/\/alte.mannschaft.lgbt\/bimber\/wp-json\/wp\/v2\/categories?post=44914"},{"taxonomy":"post_tag","embeddable":true,"href":"https:\/\/alte.mannschaft.lgbt\/bimber\/wp-json\/wp\/v2\/tags?post=44914"}],"curies":[{"name":"wp","href":"https:\/\/api.w.org\/{rel}","templated":true}]}}