{"id":44526,"date":"2018-12-07T17:01:06","date_gmt":"2018-12-07T16:01:06","guid":{"rendered":"https:\/\/mannschaft.com\/?p=44526"},"modified":"2018-12-07T17:54:24","modified_gmt":"2018-12-07T16:54:24","slug":"cdu-parteitag-waehlt-merkel-nachfolge","status":"publish","type":"post","link":"https:\/\/alte.mannschaft.lgbt\/bimber\/cdu-parteitag-waehlt-merkel-nachfolge\/","title":{"rendered":"Annegret Kramp-Karrenbauer ist neue CDU-Chefin"},"content":{"rendered":"<h3>Der CDU-Parteitag in Hamburg w\u00e4hlte am Freitagnachmittag\u00a0<strong>Annegret Kramp-Karrenbauer zur\u00a0<\/strong>Nachfolger*in von Parteichefin Merkel.\u00a0<strong>Die bisherige Generalsekret\u00e4rin setzte sich in der Stichwahl gegen Friedrich Merz durch.\u00a0<\/strong> Alexander Vogt, Bundesvorsitzender der Lesben und Schwulen in der Union (LSU), k\u00fcndigte zuvor in einem Gastbeitrag f\u00fcr MANNSCHAFT an, auch weiterhin der \u00abStachel im Fleisch\u00bb der Partei bleiben zu wollen.<\/h3>\n<p>Am 7. Dezember w\u00e4hlen die Delegierten des Bundesparteitags der CDU eine neue Vorsitzende bzw. einen neuen Vorsitzenden. Dass uns diese Frage auch in der LSU sehr bewegt, steht ausser Frage, ist doch die Gleichstellung von LGBTIQ nie ein Kernthema der Union gewesen. Unter Angela Merkel hat sich die CDU in dieser Frage aber sehr wohl und sehr weit bewegt &#8211; bewegen m\u00fcssen. Sicher war und ist Merkel keine Vork\u00e4mpferin f\u00fcr Gleichstellung. Die innerparteiliche Diskussion \u00fcber unsere Themen konnte aber unter ihrem Vorsitz erstmalig \u00fcberhaupt gef\u00fchrt werden. Und man darf nicht vergessen: Es war Angela Merkel, die ohne vorherige R\u00fccksprache mit dem Fraktionsvorstand die <a href=\"https:\/\/mannschaft.com\/2017\/06\/30\/bundestag-oeffnet-die-ehe\/\" target=\"_blank\" rel=\"noopener\">Abstimmung \u00fcber die Ehe\u00f6ffnung im Bundestag<\/a> freigab.<\/p>\n<blockquote class=\"wp-embedded-content\" data-secret=\"TgBjq718H2\"><p><a href=\"https:\/\/mannschaft.com\/2018\/12\/02\/kramp-karrenbauer-meine-kinder-sehen-eheoeffnung-entspannter\/\">Kramp-Karrenbauer: Meine Kinder sehen Ehe\u00f6ffnung \u00abentspannter\u00bb<\/a><\/p><\/blockquote>\n<p><iframe title=\"&#8222;Kramp-Karrenbauer: Meine Kinder sehen Ehe\u00f6ffnung \u00abentspannter\u00bb&#8220; &#8212; Mannschaft Magazin\" class=\"wp-embedded-content\" sandbox=\"allow-scripts\" security=\"restricted\" style=\"position: absolute; clip: rect(1px, 1px, 1px, 1px);\" src=\"https:\/\/mannschaft.com\/2018\/12\/02\/kramp-karrenbauer-meine-kinder-sehen-eheoeffnung-entspannter\/embed\/#?secret=TgBjq718H2\" data-secret=\"TgBjq718H2\" width=\"600\" height=\"338\" frameborder=\"0\" marginwidth=\"0\" marginheight=\"0\" scrolling=\"no\"><\/iframe><\/p>\n<p>Auch wenn die LSU im September zum ersten Mal die Regenbogenflagge vor der CDU-Parteizentrale hissen durfte \u2013 uns ist klar, dass das Ende der Fahnenstange noch nicht erreicht ist. Zu vieles ist noch offen. <a href=\"https:\/\/mannschaft.com\/2018\/11\/20\/bundesbildungsministerin-anja-karliczek-will-langzeitstudie-ueber-kinder-in-regenbogenfamilien\/\" target=\"_blank\" rel=\"noopener\">Regenbogenfamilien<\/a>, Personenstandregelungen, Transsexuellengesetz, Hasskriminalit\u00e4t, Freiz\u00fcgigkeit im europ\u00e4ischen Kontext, gesundheitspolitische Aspekte und immer wieder die <a href=\"https:\/\/mannschaft.com\/2018\/12\/01\/wohnungssuche-keine-schwulen-mieter-erwuenscht-was-tun\/\" target=\"_blank\" rel=\"noopener\">ganz allt\u00e4gliche Diskriminierung im Supermarkt, auf der Stra\u00dfe, am Arbeitsplatz, an den Schulen und auch in der eigenen Familie<\/a>.<\/p>\n<figure id=\"attachment_44527\" aria-describedby=\"caption-attachment-44527\" style=\"width: 864px\" class=\"wp-caption alignnone\"><a href=\"https:\/\/mannschaft.com\/bimber\/wp-content\/uploads\/2018\/12\/IMG-20170702-WA0000-e1518074463721.jpg\"><img data-expand=\"600\" decoding=\"async\" loading=\"lazy\" class=\"lazyload size-full wp-image-44527\" src=\"data:image\/svg+xml;charset=utf-8,%3Csvg xmlns%3D'http%3A%2F%2Fwww.w3.org%2F2000%2Fsvg' viewBox%3D'0 0 864 639'%2F%3E\" data-src=\"https:\/\/mannschaft.com\/bimber\/wp-content\/uploads\/2018\/12\/IMG-20170702-WA0000-e1518074463721.jpg\" alt=\"\" width=\"864\" height=\"639\" data-srcset=\"https:\/\/alte.mannschaft.lgbt\/bimber\/wp-content\/uploads\/2018\/12\/IMG-20170702-WA0000-e1518074463721.jpg 864w, https:\/\/alte.mannschaft.lgbt\/bimber\/wp-content\/uploads\/2018\/12\/IMG-20170702-WA0000-e1518074463721-300x222.jpg 300w, https:\/\/alte.mannschaft.lgbt\/bimber\/wp-content\/uploads\/2018\/12\/IMG-20170702-WA0000-e1518074463721-768x568.jpg 768w, https:\/\/alte.mannschaft.lgbt\/bimber\/wp-content\/uploads\/2018\/12\/IMG-20170702-WA0000-e1518074463721-425x314.jpg 425w, https:\/\/alte.mannschaft.lgbt\/bimber\/wp-content\/uploads\/2018\/12\/IMG-20170702-WA0000-e1518074463721-561x415.jpg 561w, https:\/\/alte.mannschaft.lgbt\/bimber\/wp-content\/uploads\/2018\/12\/IMG-20170702-WA0000-e1518074463721-364x269.jpg 364w, https:\/\/alte.mannschaft.lgbt\/bimber\/wp-content\/uploads\/2018\/12\/IMG-20170702-WA0000-e1518074463721-758x561.jpg 758w, https:\/\/alte.mannschaft.lgbt\/bimber\/wp-content\/uploads\/2018\/12\/IMG-20170702-WA0000-e1518074463721-608x450.jpg 608w, https:\/\/alte.mannschaft.lgbt\/bimber\/wp-content\/uploads\/2018\/12\/IMG-20170702-WA0000-e1518074463721-313x231.jpg 313w, https:\/\/alte.mannschaft.lgbt\/bimber\/wp-content\/uploads\/2018\/12\/IMG-20170702-WA0000-e1518074463721-400x296.jpg 400w, https:\/\/alte.mannschaft.lgbt\/bimber\/wp-content\/uploads\/2018\/12\/IMG-20170702-WA0000-e1518074463721-65x48.jpg 65w, https:\/\/alte.mannschaft.lgbt\/bimber\/wp-content\/uploads\/2018\/12\/IMG-20170702-WA0000-e1518074463721-130x96.jpg 130w\" data-sizes=\"(max-width: 864px) 100vw, 864px\" \/><\/a><figcaption id=\"caption-attachment-44527\" class=\"wp-caption-text\">Alexander Vogt, LSU-Chef (Foto: LSU)<\/figcaption><\/figure>\n<p>Wie wird sich eine neue Person an der Spitze der CDU zu diesen Themen positionieren? Welchen Stellenwert werden sie erhalten?\u00a0Als Bundesvorsitzender bin ich in den letzten Wochen h\u00e4ufig auf eine Positionierung der LSU zu den Kandidatinnen und Kandidaten angesprochen worden. Dies habe ich allerdings abgelehnt.<\/p>\n<blockquote class=\"wp-embedded-content\" data-secret=\"MmpVKd5kDt\"><p><a href=\"https:\/\/mannschaft.com\/2018\/11\/09\/sogar-csu-berater-findet-kramp-karrenbauer-reaktionaer\/\">Sogar CSU-Berater findet AKKs Haltung zur Ehe\u00f6ffnung \u00abreaktion\u00e4r\u00bb<\/a><\/p><\/blockquote>\n<p><iframe title=\"&#8222;Sogar CSU-Berater findet AKKs Haltung zur Ehe\u00f6ffnung \u00abreaktion\u00e4r\u00bb&#8220; &#8212; Mannschaft Magazin\" class=\"wp-embedded-content\" sandbox=\"allow-scripts\" security=\"restricted\" style=\"position: absolute; clip: rect(1px, 1px, 1px, 1px);\" src=\"https:\/\/mannschaft.com\/2018\/11\/09\/sogar-csu-berater-findet-kramp-karrenbauer-reaktionaer\/embed\/#?secret=MmpVKd5kDt\" data-secret=\"MmpVKd5kDt\" width=\"600\" height=\"338\" frameborder=\"0\" marginwidth=\"0\" marginheight=\"0\" scrolling=\"no\"><\/iframe><\/p>\n<p>Zum einen f\u00e4llt das Meinungsbild unter unseren Mitgliedern sehr unterschiedlich aus, zum anderen sind die ins Kalk\u00fcl zu ziehenden Aspekte zu mannigfaltig, um sich eindeutig f\u00fcr einen Kandidaten oder eine Kandidatin aussprechen zu k\u00f6nnen. Sprechen aus LGBTIQ-Sicht Argumente gegen den einen Kandidaten oder die Kandidatin, sprechen aus staatsb\u00fcrgerlicher, wirtschaftlicher, au\u00dfenpolitischer etc. Sicht vielleicht Argumente f\u00fcr ihn oder sie.<\/p>\n<p><a href=\"https:\/\/mannschaft.com\/bimber\/wp-content\/uploads\/2018\/12\/DtucKXXWkAA_NRA.jpg-large-e1544163287389.jpg\"><img data-expand=\"600\" decoding=\"async\" loading=\"lazy\" class=\"lazyload alignnone size-full wp-image-44528\" src=\"data:image\/svg+xml;charset=utf-8,%3Csvg xmlns%3D'http%3A%2F%2Fwww.w3.org%2F2000%2Fsvg' viewBox%3D'0 0 803 481'%2F%3E\" data-src=\"https:\/\/mannschaft.com\/bimber\/wp-content\/uploads\/2018\/12\/DtucKXXWkAA_NRA.jpg-large-e1544163287389.jpg\" alt=\"\" width=\"803\" height=\"481\" data-srcset=\"https:\/\/alte.mannschaft.lgbt\/bimber\/wp-content\/uploads\/2018\/12\/DtucKXXWkAA_NRA.jpg-large-e1544163287389.jpg 803w, https:\/\/alte.mannschaft.lgbt\/bimber\/wp-content\/uploads\/2018\/12\/DtucKXXWkAA_NRA.jpg-large-e1544163287389-300x180.jpg 300w, https:\/\/alte.mannschaft.lgbt\/bimber\/wp-content\/uploads\/2018\/12\/DtucKXXWkAA_NRA.jpg-large-e1544163287389-768x460.jpg 768w, https:\/\/alte.mannschaft.lgbt\/bimber\/wp-content\/uploads\/2018\/12\/DtucKXXWkAA_NRA.jpg-large-e1544163287389-425x255.jpg 425w, https:\/\/alte.mannschaft.lgbt\/bimber\/wp-content\/uploads\/2018\/12\/DtucKXXWkAA_NRA.jpg-large-e1544163287389-561x336.jpg 561w, https:\/\/alte.mannschaft.lgbt\/bimber\/wp-content\/uploads\/2018\/12\/DtucKXXWkAA_NRA.jpg-large-e1544163287389-364x218.jpg 364w, https:\/\/alte.mannschaft.lgbt\/bimber\/wp-content\/uploads\/2018\/12\/DtucKXXWkAA_NRA.jpg-large-e1544163287389-758x454.jpg 758w, https:\/\/alte.mannschaft.lgbt\/bimber\/wp-content\/uploads\/2018\/12\/DtucKXXWkAA_NRA.jpg-large-e1544163287389-608x364.jpg 608w, https:\/\/alte.mannschaft.lgbt\/bimber\/wp-content\/uploads\/2018\/12\/DtucKXXWkAA_NRA.jpg-large-e1544163287389-313x187.jpg 313w, https:\/\/alte.mannschaft.lgbt\/bimber\/wp-content\/uploads\/2018\/12\/DtucKXXWkAA_NRA.jpg-large-e1544163287389-400x240.jpg 400w, https:\/\/alte.mannschaft.lgbt\/bimber\/wp-content\/uploads\/2018\/12\/DtucKXXWkAA_NRA.jpg-large-e1544163287389-80x48.jpg 80w, https:\/\/alte.mannschaft.lgbt\/bimber\/wp-content\/uploads\/2018\/12\/DtucKXXWkAA_NRA.jpg-large-e1544163287389-160x96.jpg 160w\" data-sizes=\"(max-width: 803px) 100vw, 803px\" \/><\/a>Wir haben daraufhin unsere Mitglieder befragt, welche Themen ihnen besonders wichtig sind. F\u00fcnf Kernfragen kristallisierten sich heraus, die wir dann an <a href=\"https:\/\/mannschaft.com\/2018\/12\/06\/kramp-karrenbauer-will-eheoeffnung-akzeptieren-und-umsetzen\/\" target=\"_blank\" rel=\"noopener\">Annegret Kramp-Karrenbauer<\/a>, <a href=\"https:\/\/mannschaft.com\/2018\/09\/17\/parteifreunde-wollten-jens-spahn-cdu-outen\/\" target=\"_blank\" rel=\"noopener\">Jens Spahn<\/a> und <a href=\"https:\/\/mannschaft.com\/2018\/12\/05\/solange-wowereit-sich-mir-nicht-naehert-ist-mir-das-egal\/\" target=\"_blank\" rel=\"noopener\">Friedrich Merz<\/a> weitergeleitet haben. Alle drei haben zeitnah und ausf\u00fchrlich geantwortet. Das ist f\u00fcr mich zun\u00e4chst mal bemerkenswert. Es gab n\u00e4mlich Zeiten, da war das gar nicht so selbstverst\u00e4ndlich. LGBTIQ-Inhalte sind ohne Wenn und Aber auf dem Schirm der Partei. Nicht immer in unserem Sinne, aber sie werden nicht mehr ignoriert.<\/p>\n<blockquote class=\"wp-embedded-content\" data-secret=\"TV8KejkhEA\"><p><a href=\"https:\/\/mannschaft.com\/2018\/12\/01\/mach-mit-bei-unserer-weihnachtsverlosung-und-gewinne-eine-kreuzfahrt\/\">Weihnachtsverlosung: MANNSCHAFT schickt dich auf Kreuzfahrt!<\/a><\/p><\/blockquote>\n<p><iframe title=\"&#8222;Weihnachtsverlosung: MANNSCHAFT schickt dich auf Kreuzfahrt!&#8220; &#8212; Mannschaft Magazin\" class=\"wp-embedded-content\" sandbox=\"allow-scripts\" security=\"restricted\" style=\"position: absolute; clip: rect(1px, 1px, 1px, 1px);\" src=\"https:\/\/mannschaft.com\/2018\/12\/01\/mach-mit-bei-unserer-weihnachtsverlosung-und-gewinne-eine-kreuzfahrt\/embed\/#?secret=TV8KejkhEA\" data-secret=\"TV8KejkhEA\" width=\"600\" height=\"338\" frameborder=\"0\" marginwidth=\"0\" marginheight=\"0\" scrolling=\"no\"><\/iframe><\/p>\n<p>Wichtig f\u00fcr die LSU sind einerseits die Fragen, die alle LGBTIQ betreffen (s.o.). Aber es gibt noch einen innerparteilichen Aspekt, denn die LSU hat ja bisher auf Bundesebene keinen offiziellen Status. Wird eine neue Person an der Parteispitze hier einen neuen Weg einschlagen?<br \/>\nBeruhigend war f\u00fcr mich: Alle drei Genannten haben sich klar zur gegenw\u00e4rtigen Rechtslage bekannt und zur Ehe in der vorliegenden Form. Unabh\u00e4ngig von pers\u00f6nlichen Einstellungen will hier keine der drei Personen etwas ver\u00e4ndern. Alle drei schliessen eine Zusammenarbeit mit der AfD kategorisch aus. Und alle drei haben uns zugesagt, \u00fcber die zuk\u00fcnftige verst\u00e4rkte Einbindung der LSU in die Partei konkrete Gespr\u00e4che f\u00fchren zu wollen.<\/p>\n<blockquote><p>Beim Thema Fortschritt unserer Rechte war die CDU noch nie an erster Front mit dabei<\/p><\/blockquote>\n<p>F\u00fcr mich bedeutet das: Ob auf dem Schild des Vorsitzendenb\u00fcros im Adenauerhaus demn\u00e4chst Kramp-Karrenbauer, Merz oder Spahn stehen wird, ich bin der festen \u00dcberzeugung, dass es f\u00fcr LGBTIQ-Rechte in Deutschland weder R\u00fcckschritte noch Stagnation geben wird.<\/p>\n<p>Bleibt das Thema \u201eFortschritt\u201c unserer Rechte. Da war die CDU noch nie an erster Front mit dabei. <a href=\"https:\/\/mannschaft.com\/2018\/11\/04\/cdu-wuerde-ein-homosexueller-vorsitzender-jens-spahn-gut-zu-gesicht-stehen\/\" target=\"_blank\" rel=\"noopener\">Hier haben wir mit Jens Spahn sicher jemanden, der deutliche Akzente in der Bundesregierung setzt.<\/a> Und wenn es eine der anderen Personen wird? Nun, ich werde weiter meine Arbeit machen und auch die LSU wird weiterhin der Stachel im Fleisch bleiben.<\/p>\n<p><em><strong>*<\/strong>Die MANNSCHAFT ver\u00f6ffentlicht in loser Folge Debattenbeitr\u00e4ge zu politischen und gesellschaftlichen Themen. Die\u00a0<span class=\"st\">Kommentare spiegeln ausschliesslich die Meinung der jeweiligen Autor*innen wieder, nicht zwangsl\u00e4ufig die Meinung der Redaktion. Dieser\u00a0<\/span><\/em><em>Gastbeitrag\u00a0<\/em><em>stammt von Alexander Vogt, Bundesvorsitzender der Lesben und Schwulen in der Union (LSU).<\/em><\/p>\n","protected":false},"excerpt":{"rendered":"<p>Der CDU-Parteitag w\u00e4hlte Annegret Kramp-Karrenbauer am Freitag zur neuen Parteichefin. Ein Gastbeitrag von Alexander Vogt, LSU-Chef. <a class=\"g1-link g1-link-more\" href=\"https:\/\/alte.mannschaft.lgbt\/bimber\/cdu-parteitag-waehlt-merkel-nachfolge\/\">Weiterlesen<\/a><\/p>\n","protected":false},"author":1,"featured_media":37285,"comment_status":"closed","ping_status":"closed","sticky":false,"template":"","format":"standard","meta":[],"categories":[3],"tags":[5449,2885,65,5544],"wps_subtitle":"1001 Delegierte w\u00e4hlten die ehemalige Generalsekret\u00e4rin auf dem Hamburger Parteitag","_links":{"self":[{"href":"https:\/\/alte.mannschaft.lgbt\/bimber\/wp-json\/wp\/v2\/posts\/44526"}],"collection":[{"href":"https:\/\/alte.mannschaft.lgbt\/bimber\/wp-json\/wp\/v2\/posts"}],"about":[{"href":"https:\/\/alte.mannschaft.lgbt\/bimber\/wp-json\/wp\/v2\/types\/post"}],"author":[{"embeddable":true,"href":"https:\/\/alte.mannschaft.lgbt\/bimber\/wp-json\/wp\/v2\/users\/1"}],"replies":[{"embeddable":true,"href":"https:\/\/alte.mannschaft.lgbt\/bimber\/wp-json\/wp\/v2\/comments?post=44526"}],"version-history":[{"count":0,"href":"https:\/\/alte.mannschaft.lgbt\/bimber\/wp-json\/wp\/v2\/posts\/44526\/revisions"}],"wp:featuredmedia":[{"embeddable":true,"href":"https:\/\/alte.mannschaft.lgbt\/bimber\/wp-json\/wp\/v2\/media\/37285"}],"wp:attachment":[{"href":"https:\/\/alte.mannschaft.lgbt\/bimber\/wp-json\/wp\/v2\/media?parent=44526"}],"wp:term":[{"taxonomy":"category","embeddable":true,"href":"https:\/\/alte.mannschaft.lgbt\/bimber\/wp-json\/wp\/v2\/categories?post=44526"},{"taxonomy":"post_tag","embeddable":true,"href":"https:\/\/alte.mannschaft.lgbt\/bimber\/wp-json\/wp\/v2\/tags?post=44526"}],"curies":[{"name":"wp","href":"https:\/\/api.w.org\/{rel}","templated":true}]}}