{"id":44437,"date":"2018-12-07T06:27:18","date_gmt":"2018-12-07T05:27:18","guid":{"rendered":"https:\/\/mannschaft.com\/?p=44437"},"modified":"2018-12-07T06:53:17","modified_gmt":"2018-12-07T05:53:17","slug":"warum-sich-der-voelklinger-kreis-nicht-klar-von-der-afd-abgrenzt","status":"publish","type":"post","link":"https:\/\/alte.mannschaft.lgbt\/bimber\/warum-sich-der-voelklinger-kreis-nicht-klar-von-der-afd-abgrenzt\/","title":{"rendered":"Warum sich der V\u00f6lklinger Kreis nicht klar von der AfD abgrenzt"},"content":{"rendered":"<h3>Dem Bundesverband schwuler F\u00fchrungskr\u00e4fte in Wirtschaft und Verwaltung und Selbst\u00e4ndiger, V\u00f6lklinger Kreis e.V. (VK),\u00a0lag bei der letzten Jahresversammlung ein Antrag zur Abstimmung vor, wonach eine gleichzeitige Mitgliedschaft in VK und AfD ausgeschlossen werden sollte. Der Antrag wurde abgelehnt.<\/h3>\n<p>Die Jahres-Mitgliederversammlung des VK fand bereits am\u00a013. Oktober in Hamburg statt. Eine Regionalgruppe des VK stellte dort den Antrag, die Unvereinbarkeit einer Mitgliedschaft in VK und AfD zu beschlie\u00dfen. W\u00f6rtlich hie\u00df es: \u00abDie MV m\u00f6ge beschlie\u00dfen, dass sie in der Mitgliedschaft eines VK-Mitglieds in der Partei AfD eine schuldhafte und grobe Verletzung der Interessen des VK sieht und damit einen Fall der Ziffer 6.2 der Satzung und damit einen Grund zum Ausschluss des Mitglieds erkennt.\u00bb<\/p>\n<blockquote class=\"wp-embedded-content\" data-secret=\"IpOHKlx8aF\"><p><a href=\"https:\/\/mannschaft.com\/2018\/11\/22\/afd-lobt-bildungsministerin-karliczek-fuer-aeusserung-zur-ehe-fuer-alle\/\">AfD lobt Bildungsministerin Karliczek f\u00fcr \u00c4usserung zur Ehe f\u00fcr alle<\/a><\/p><\/blockquote>\n<p><iframe title=\"&#8222;AfD lobt Bildungsministerin Karliczek f\u00fcr \u00c4usserung zur Ehe f\u00fcr alle&#8220; &#8212; Mannschaft Magazin\" class=\"wp-embedded-content\" sandbox=\"allow-scripts\" security=\"restricted\" style=\"position: absolute; clip: rect(1px, 1px, 1px, 1px);\" src=\"https:\/\/mannschaft.com\/2018\/11\/22\/afd-lobt-bildungsministerin-karliczek-fuer-aeusserung-zur-ehe-fuer-alle\/embed\/#?secret=IpOHKlx8aF\" data-secret=\"IpOHKlx8aF\" width=\"600\" height=\"338\" frameborder=\"0\" marginwidth=\"0\" marginheight=\"0\" scrolling=\"no\"><\/iframe><\/p>\n<p>Der Antrag wurde jedoch vom Pr\u00e4sidenten \u00abnicht erkannt\u00bb, wie es im Protokoll heisst, und abgelehnt und an den Regionalrat \u00fcberwiesen. Der Leiter der Gesch\u00e4ftsstelle, Bernd Ostermayer, erkl\u00e4rte gegen\u00fcber MANNSCHAFT, der Hauptgrund f\u00fcr die Ablehnung sei gewesen, dass sich der Antrag nur gegen die AfD wende. Gleiches m\u00fcsste aber auch f\u00fcr Parteien mit homophoben Programmen wie etwa die NPD gelten.<\/p>\n<figure id=\"attachment_44521\" aria-describedby=\"caption-attachment-44521\" style=\"width: 845px\" class=\"wp-caption alignnone\"><a href=\"https:\/\/mannschaft.com\/bimber\/wp-content\/uploads\/2018\/12\/VK.jpg\"><img data-expand=\"600\" decoding=\"async\" loading=\"lazy\" class=\"lazyload size-full wp-image-44521\" src=\"data:image\/svg+xml;charset=utf-8,%3Csvg xmlns%3D'http%3A%2F%2Fwww.w3.org%2F2000%2Fsvg' viewBox%3D'0 0 845 620'%2F%3E\" data-src=\"https:\/\/mannschaft.com\/bimber\/wp-content\/uploads\/2018\/12\/VK.jpg\" alt=\"V\u00f6lklinger Kreis\" width=\"845\" height=\"620\" data-srcset=\"https:\/\/alte.mannschaft.lgbt\/bimber\/wp-content\/uploads\/2018\/12\/VK.jpg 845w, https:\/\/alte.mannschaft.lgbt\/bimber\/wp-content\/uploads\/2018\/12\/VK-300x220.jpg 300w, https:\/\/alte.mannschaft.lgbt\/bimber\/wp-content\/uploads\/2018\/12\/VK-768x564.jpg 768w, https:\/\/alte.mannschaft.lgbt\/bimber\/wp-content\/uploads\/2018\/12\/VK-425x312.jpg 425w, https:\/\/alte.mannschaft.lgbt\/bimber\/wp-content\/uploads\/2018\/12\/VK-561x412.jpg 561w, https:\/\/alte.mannschaft.lgbt\/bimber\/wp-content\/uploads\/2018\/12\/VK-364x267.jpg 364w, https:\/\/alte.mannschaft.lgbt\/bimber\/wp-content\/uploads\/2018\/12\/VK-758x556.jpg 758w, https:\/\/alte.mannschaft.lgbt\/bimber\/wp-content\/uploads\/2018\/12\/VK-608x446.jpg 608w, https:\/\/alte.mannschaft.lgbt\/bimber\/wp-content\/uploads\/2018\/12\/VK-313x230.jpg 313w, https:\/\/alte.mannschaft.lgbt\/bimber\/wp-content\/uploads\/2018\/12\/VK-400x293.jpg 400w, https:\/\/alte.mannschaft.lgbt\/bimber\/wp-content\/uploads\/2018\/12\/VK-65x48.jpg 65w, https:\/\/alte.mannschaft.lgbt\/bimber\/wp-content\/uploads\/2018\/12\/VK-131x96.jpg 131w\" data-sizes=\"(max-width: 845px) 100vw, 845px\" \/><\/a><figcaption id=\"caption-attachment-44521\" class=\"wp-caption-text\">Auszug auf dem Protokoll<\/figcaption><\/figure>\n<p>Bis M\u00e4rz soll der Antrag \u00fcberarbeitet und erneut zur Abstimmung gebracht werden, erfuhr MANNSCHAFT aus der VK-Gesch\u00e4ftsstelle.<\/p>\n<blockquote><p>Ph\u00e4nomene wie Homo- und Transphobie sind nicht nur auf die Mitglieder einer Partei beschr\u00e4nkt, auch wenn sie dort vermehrt vorkommen<\/p><\/blockquote>\n<p>Vorstandsmitglied Alf Spr\u00f6de erkl\u00e4rte auf unsere Anfrage, der V\u00f6lklinger Kreis stehe unter anderem f\u00fcr Vielfalt und einen respektvollen, wertsch\u00e4tzenden Umgang aller Menschen in allen Berufsfeldern, in der LGBTIQ-Community und unserer Gesellschaft. \u00abS\u00e4mtliche Formen von Rassismus, Frauenfeindlichkeit wie auch Homo- und Transphobie sind damit nicht vereinbar und werden von unserem Verband abgelehnt. Das stellen wir in unserer Arbeit klar und haben uns auch \u00f6ffentlich immer sehr deutlich ge\u00e4u\u00dfert. In einer sich polarisierenden Gesellschaft und dem Aufkommen offener rechtsnationaler und extremistischer Tendenzen sind diese Ph\u00e4nomene nicht nur auf die Mitglieder einer Partei beschr\u00e4nkt, auch wenn sie dort vermehrt vorkommen.<\/p>\n<p>Diese Tendenzen finden mittlerweile Ausdruck in vielen gesellschaftlichen wie politischen Gruppierungen. Deshalb betonen wir: Menschenverachtende Positionen \u2013 egal welchen politischen oder gesellschaftlichen Ursprungs sie auch sind \u2013 sind mit den Werten des VK nicht vereinbar.\u00bb<\/p>\n<p><strong>Keine \u00fcbereilten Beschl\u00fcsse<\/strong><br \/>\nSpr\u00f6der erkl\u00e4rte weiter, in Hamburg sei der Antrag sehr kurzfristig eingebracht worden und betraf\u00a0 nur Mitglieder einer Partei. \u00abIm Sinne unserer grunds\u00e4tzlichen und deutlichen Positionierung wollten wir keinen \u00fcbereilten Beschluss fassen, sondern ein nachhaltiges Zeichen setzen. Das haben wir bereits w\u00e4hrend unserer Mitgliederversammlung kommuniziert. Der Antrag wird weiter diskutiert. Gr\u00fcndlichkeit geht vor Schnelligkeit, denn populistische, extremistische wie auch homophobe Organisationen sind leider kein kurzzeitiges Ph\u00e4nomen.\u00bb<\/p>\n<blockquote class=\"wp-embedded-content\" data-secret=\"LBLy2yYbuS\"><p><a href=\"https:\/\/mannschaft.com\/2018\/12\/01\/mach-mit-bei-unserer-weihnachtsverlosung-und-gewinne-eine-kreuzfahrt\/\">Weihnachtsverlosung: MANNSCHAFT schickt dich auf Kreuzfahrt!<\/a><\/p><\/blockquote>\n<p><iframe title=\"&#8222;Weihnachtsverlosung: MANNSCHAFT schickt dich auf Kreuzfahrt!&#8220; &#8212; Mannschaft Magazin\" class=\"wp-embedded-content\" sandbox=\"allow-scripts\" security=\"restricted\" style=\"position: absolute; clip: rect(1px, 1px, 1px, 1px);\" src=\"https:\/\/mannschaft.com\/2018\/12\/01\/mach-mit-bei-unserer-weihnachtsverlosung-und-gewinne-eine-kreuzfahrt\/embed\/#?secret=LBLy2yYbuS\" data-secret=\"LBLy2yYbuS\" width=\"600\" height=\"338\" frameborder=\"0\" marginwidth=\"0\" marginheight=\"0\" scrolling=\"no\"><\/iframe><\/p>\n<p>Zwar hatte der VK nach der Mitgliederversammlung im Oktober eine Pressemitteilung ver\u00f6ffentlicht, in der dieser Vorgang allerdings nicht erw\u00e4hnt wurde. Immerhin hiess es darin:<\/p>\n<p>\u00abVielfalt und wertsch\u00e4tzender Umgang aller Menschen in allen Berufsfeldern, in der LSBTI-Community und in unserer Gesellschaft sind unverhandelbare Grunds\u00e4tze f\u00fcr den V\u00f6lklinger Kreis\u201c &#8211; ein Zitat von Matthias Weber, dem neugew\u00e4hlten Vorsitzenden des VK-Vorstandes. Und von dem im\u00a0Amt best\u00e4tigten Politikvorstand Alf Spr\u00f6de wurde \u00fcberliefert:<\/p>\n<p>\u00abWir erleben derzeit in Deutschland und Europa einen Rollback insbesondere auch bei den LGBTIQ-Rechten. Abgrenzung, Abschottung und Ausgrenzungen haben zunehmend Konjunktur. Angesichts dieser gesellschaftlich wachsenden Akzeptanz populistischer Tendenzen ist es angezeigt, ein klares Bekenntnis abzugeben. F\u00fcr die Mitglieder des VK sind Rassismus, Homo- und Transphobie sowie jegliche Minderheiten diskriminierende Tendenzen mit den gelebten Werten und \u00dcberzeugungen unseres Berufsverbands nicht vereinbar.\u00bb<\/p>\n","protected":false},"excerpt":{"rendered":"<p>Dem V\u00f6lklinger Kreis (VK) lag bei der Jahresversammlung ein Antrag zur Abstimmung vor, wonach eine gleichzeitige Mitgliedschaft in VK und AfD ausgeschlossen werden sollte. Er wurde abgelehnt. <a class=\"g1-link g1-link-more\" href=\"https:\/\/alte.mannschaft.lgbt\/bimber\/warum-sich-der-voelklinger-kreis-nicht-klar-von-der-afd-abgrenzt\/\">Weiterlesen<\/a><\/p>\n","protected":false},"author":3,"featured_media":44515,"comment_status":"closed","ping_status":"closed","sticky":false,"template":"","format":"standard","meta":[],"categories":[3],"tags":[5544,5461],"wps_subtitle":"Ein entsprechender Antrag wurde auf der Jahresversammlung abgelehnt - er soll nun \u00fcberarbeitet werden","_links":{"self":[{"href":"https:\/\/alte.mannschaft.lgbt\/bimber\/wp-json\/wp\/v2\/posts\/44437"}],"collection":[{"href":"https:\/\/alte.mannschaft.lgbt\/bimber\/wp-json\/wp\/v2\/posts"}],"about":[{"href":"https:\/\/alte.mannschaft.lgbt\/bimber\/wp-json\/wp\/v2\/types\/post"}],"author":[{"embeddable":true,"href":"https:\/\/alte.mannschaft.lgbt\/bimber\/wp-json\/wp\/v2\/users\/3"}],"replies":[{"embeddable":true,"href":"https:\/\/alte.mannschaft.lgbt\/bimber\/wp-json\/wp\/v2\/comments?post=44437"}],"version-history":[{"count":0,"href":"https:\/\/alte.mannschaft.lgbt\/bimber\/wp-json\/wp\/v2\/posts\/44437\/revisions"}],"wp:featuredmedia":[{"embeddable":true,"href":"https:\/\/alte.mannschaft.lgbt\/bimber\/wp-json\/wp\/v2\/media\/44515"}],"wp:attachment":[{"href":"https:\/\/alte.mannschaft.lgbt\/bimber\/wp-json\/wp\/v2\/media?parent=44437"}],"wp:term":[{"taxonomy":"category","embeddable":true,"href":"https:\/\/alte.mannschaft.lgbt\/bimber\/wp-json\/wp\/v2\/categories?post=44437"},{"taxonomy":"post_tag","embeddable":true,"href":"https:\/\/alte.mannschaft.lgbt\/bimber\/wp-json\/wp\/v2\/tags?post=44437"}],"curies":[{"name":"wp","href":"https:\/\/api.w.org\/{rel}","templated":true}]}}