{"id":43946,"date":"2018-12-03T08:14:54","date_gmt":"2018-12-03T07:14:54","guid":{"rendered":"https:\/\/mannschaft.com\/?p=43946"},"modified":"2018-12-07T08:05:04","modified_gmt":"2018-12-07T07:05:04","slug":"beschaedigtes-denkmal-in-berlin-lsvd-wirft-kultursenator-untaetigkeit-vor","status":"publish","type":"post","link":"https:\/\/alte.mannschaft.lgbt\/bimber\/beschaedigtes-denkmal-in-berlin-lsvd-wirft-kultursenator-untaetigkeit-vor\/","title":{"rendered":"Besch\u00e4digtes Denkmal in Berlin: LSVD kritisiert Kultursenator"},"content":{"rendered":"<h3>Vor sechs Wochen wurden die Gedenktafeln am Berliner Magnus-Hirschfeld-Ufer besch\u00e4digt. Die Kulturverwaltung hat seither nicht reagiert, was den LSVD Berlin-Brandenburg \u00e4rgert.<\/h3>\n<p>Die beiden Gedenktafeln am Magnus-Hirschfeld-Ufer, die an die erste homosexuelle Emanzipationsbewegung erinnern, wurden erneut besch\u00e4digt. Die Augen von Anita Augspurg und Karl Heinrich Ulrichs wurden ausgekratzt. Die gleichen Besch\u00e4digungen fanden zuletzt im Sommer 2017 statt.<\/p>\n<p><strong><a href=\"https:\/\/mannschaft.com\/snax_poll\/umfrage-was-bringt-2019-fuer-lgbtiq-rechte\/\" target=\"_blank\" rel=\"noopener\">Unsere Umfrage: Erwartet Ihr 2019 eine Verbesserung f\u00fcr LGBTIQ?<\/a><\/strong><\/p>\n<p>Der Lesben- und Schwulenverband Berlin-Brandenburg hatte bei der Polizei Anzeige gegen Unbekannt gestellt. Die Kulturverwaltung als Inhaberin der Tafeln wurde um Schadensbeseitigung gebeten. Augspurg war eine Vertreterin der linken radikalen Frauenbewegung, eine Vork\u00e4mpferin f\u00fcr die Emanzipation der Frau und lesbisch. Sie starb 1943 in Z\u00fcrich. Ulrichs, ein offen schwuler deutscher Jurist, war ein fr\u00fcher Einzelk\u00e4mpfer der Homosexuellen-Bewegung im 19. Jahrhundert.<\/p>\n<p>Doch die Besch\u00e4digung wurde bisher nicht behoben. LSVD-Landeschef J\u00f6rg Steinert \u00e4rgert das.<\/p>\n<blockquote><p>Es w\u00e4re sch\u00f6n, wenn sich das \u00e4ndert<\/p><\/blockquote>\n<p>\u00abWir haben uns bereits ein zweites Mal an Senator Lederer gewendet, weil er und seine Verwaltung nicht reagieren. Sehr entt\u00e4uschend. In 6 Wochen ist nichts geschehen.Zum Vergleich: Die Stiftung Denkmal f\u00fcr die ermordeten Juden Europas dagegen reagiert binnen 48 Stunden, manchmal sogar 24 Stunden. Bei der Kulturverwaltung ist es fast jedes Mal umst\u00e4ndlich. Es w\u00e4re sch\u00f6n, wenn sich das \u00e4ndert.\u00bb<\/p>\n<p>MANNSCHAFT hat Kultursenator Lederer um eine Stellungnahme gebeten. Am Montag teilte uns seine stellvertretende Pressesprecherin mit:\u00a0\u00abWir arbeiten dran, es kommt schnellstm\u00f6glich.\u00bb<\/p>\n<p>Am Dienstag dann folgende Mitteilung: Man arbeite mit Hochdruck daran, die Vandalismus-Sch\u00e4den an den Gedenktafeln zu beseitigen. &#8222;Zu den Verz\u00f6gerungen kommt es zu unserem gro\u00dfen Bedauern, weil die Produktionsst\u00e4tte der bisher damit befassten Firma vor kurzem komplett abgebrannt ist und bisher noch keine andere Firma mit freien Kapazit\u00e4ten gefunden werden konnte, die die erforderlichen Drucktechniken umsetzen kann.&#8220; Das Problem betreffe zur Zeit auch andere Gedenktafeln.<\/p>\n<blockquote class=\"wp-embedded-content\" data-secret=\"LuKIP2yPpq\"><p><a href=\"https:\/\/mannschaft.com\/2018\/11\/30\/lsvd-mitglieder-wollen-lgbtiq-gedenkorte-videoueberwachen\/\">LSVD-Mitglieder wollen LGBTIQ-Gedenkorte video\u00fcberwachen<\/a><\/p><\/blockquote>\n<p><iframe title=\"&#8222;LSVD-Mitglieder wollen LGBTIQ-Gedenkorte video\u00fcberwachen&#8220; &#8212; Mannschaft Magazin\" class=\"wp-embedded-content\" sandbox=\"allow-scripts\" security=\"restricted\" style=\"position: absolute; clip: rect(1px, 1px, 1px, 1px);\" src=\"https:\/\/mannschaft.com\/2018\/11\/30\/lsvd-mitglieder-wollen-lgbtiq-gedenkorte-videoueberwachen\/embed\/#?secret=LuKIP2yPpq\" data-secret=\"LuKIP2yPpq\" width=\"600\" height=\"338\" frameborder=\"0\" marginwidth=\"0\" marginheight=\"0\" scrolling=\"no\"><\/iframe><\/p>\n<p>Er habe keine Informationen dar\u00fcber, wann es geschehen solle. \u00abDas w\u00e4re das Mindeste\u00bb, so Steinert. Manchmal gebe es zwar witterungsbedingte Einschr\u00e4nkungen.\u00abAber wir hatten es im Oktober sehr warm und trocken. Und auch im November nochmal eine sommerliche Woche.\u00bb<\/p>\n<p><strong>Immer wieder Vandalismus am Magnus-Hirschfeld-Ufer<\/strong><br \/>\nDie in etwa 30 Jahren m\u00fchevoll aufgebauten Gedenk- und Erinnerungsorte f\u00fcr die homosexuelle Verfolgungs- und Emanzipationsgeschichte wurden in den vergangenen Jahren wiederholt besch\u00e4digt. Der Vandalismus fand meist in zeitlicher N\u00e4he statt. Bislang konnten keine T\u00e4ter ermittelt werden.<\/p>\n","protected":false},"excerpt":{"rendered":"<p>Vor sechs Wochen wurden die Gedenktafeln am Berliner Magnus-Hirschfeld-Ufer besch\u00e4digt. Die Kulturverwaltung hat seither nicht reagiert, was den LSVD Berlin-Brandenburg \u00e4rgert. <a class=\"g1-link g1-link-more\" href=\"https:\/\/alte.mannschaft.lgbt\/bimber\/beschaedigtes-denkmal-in-berlin-lsvd-wirft-kultursenator-untaetigkeit-vor\/\">Weiterlesen<\/a><\/p>\n","protected":false},"author":3,"featured_media":43928,"comment_status":"closed","ping_status":"closed","sticky":false,"template":"","format":"standard","meta":[],"categories":[3],"tags":[128,5464,5461],"wps_subtitle":"Mitte Oktober wurden die beiden Gedenktafeln am Magnus-Hirschfeld-Ufer, die an die erste homosexuelle Emanzipationsbewegung erinnern, besch\u00e4digt. Getan hat sich dort seither nichts","_links":{"self":[{"href":"https:\/\/alte.mannschaft.lgbt\/bimber\/wp-json\/wp\/v2\/posts\/43946"}],"collection":[{"href":"https:\/\/alte.mannschaft.lgbt\/bimber\/wp-json\/wp\/v2\/posts"}],"about":[{"href":"https:\/\/alte.mannschaft.lgbt\/bimber\/wp-json\/wp\/v2\/types\/post"}],"author":[{"embeddable":true,"href":"https:\/\/alte.mannschaft.lgbt\/bimber\/wp-json\/wp\/v2\/users\/3"}],"replies":[{"embeddable":true,"href":"https:\/\/alte.mannschaft.lgbt\/bimber\/wp-json\/wp\/v2\/comments?post=43946"}],"version-history":[{"count":0,"href":"https:\/\/alte.mannschaft.lgbt\/bimber\/wp-json\/wp\/v2\/posts\/43946\/revisions"}],"wp:featuredmedia":[{"embeddable":true,"href":"https:\/\/alte.mannschaft.lgbt\/bimber\/wp-json\/wp\/v2\/media\/43928"}],"wp:attachment":[{"href":"https:\/\/alte.mannschaft.lgbt\/bimber\/wp-json\/wp\/v2\/media?parent=43946"}],"wp:term":[{"taxonomy":"category","embeddable":true,"href":"https:\/\/alte.mannschaft.lgbt\/bimber\/wp-json\/wp\/v2\/categories?post=43946"},{"taxonomy":"post_tag","embeddable":true,"href":"https:\/\/alte.mannschaft.lgbt\/bimber\/wp-json\/wp\/v2\/tags?post=43946"}],"curies":[{"name":"wp","href":"https:\/\/api.w.org\/{rel}","templated":true}]}}