{"id":43895,"date":"2018-12-02T13:01:04","date_gmt":"2018-12-02T12:01:04","guid":{"rendered":"https:\/\/mannschaft.com\/?p=43895"},"modified":"2018-12-03T18:00:48","modified_gmt":"2018-12-03T17:00:48","slug":"kramp-karrenbauer-meine-kinder-sehen-eheoeffnung-entspannter","status":"publish","type":"post","link":"https:\/\/alte.mannschaft.lgbt\/bimber\/kramp-karrenbauer-meine-kinder-sehen-eheoeffnung-entspannter\/","title":{"rendered":"Kramp-Karrenbauer: Meine Kinder sehen Ehe\u00f6ffnung \u00abentspannter\u00bb"},"content":{"rendered":"<h3>Annegret Kramp-Karrenbauer will kommende Woche CDU-Chefin werden. Ihre ablehnende Haltung zur Ehe f\u00fcr alle gilt bei Kritikern als reaktion\u00e4r. Ihre eigenen Kinder sind bei dem Thema auch nicht auf ihrer Seite, erz\u00e4hlte sie jetzt der Bild am Sonntag.<\/h3>\n<p>Die ehemalige Ministerpr\u00e4sidentin des Saarlands und potenzielle Nachfolgerin Merkels als CDU-Vorsitzende hatte 2015 die Ehe\u00f6ffnung mit Inzest und Polygamie gleichgesetzt. Wenn in Deutschland die Ehe ge\u00f6ffnet w\u00fcrde, so Kramp-Karrenbauer (AKK) damals, seien auch andere Forderungen nicht auszuschlie\u00dfen:\u00abetwa eine Heirat unter engen Verwandten oder von mehr als zwei Menschen\u00bb. Die damalige SPD-Generalsekret\u00e4rin Yasmin Fahimi sprach von einem \u201eTiefpunkt der Debatte \u00fcber die Ehe f\u00fcr alle\u00bb. <a href=\"https:\/\/mannschaft.com\/2018\/11\/09\/sogar-csu-berater-findet-kramp-karrenbauer-reaktionaer\/\" target=\"_blank\" rel=\"noopener\">AKK hatte ihre ablehnende Haltung k\u00fcrzlich in einer TV-Sendung bekr\u00e4ftigt.<\/a><\/p>\n<p><strong>Uneins \u00fcber Ehe\u00f6ffnung<br \/>\n<\/strong>Sie ist seit \u00fcber\u00a030 Jahren verheiratet und hat mit ihrem Mann drei erwachsene Kinder. In politischen Fragen sei man sich zu Hause nicht immer einig, wie sie jetzt der\u00a0<em>Bild am Sonntag <\/em>verriet. Das treffe etwa auf die Ehe\u00f6ffnung zu. Die 56-j\u00e4hrige Katholikin Kramp-Karrenbauer lehnt sie bekanntlich ab.<\/p>\n<p><strong><a href=\"https:\/\/mannschaft.com\/snax_poll\/umfrage-was-bringt-2019-fuer-lgbtiq-rechte\/\" target=\"_blank\" rel=\"noopener\">Jetzt abstimmen: Was bringt 2019 f\u00fcr LGBTIQ-Rechte?<\/a><\/strong><\/p>\n<p>\u00abBeim Thema Ehe f\u00fcr alle, die ich sehr traditionell sehe, haben meine Kinder eine andere, entspanntere Sichtweise\u00bb, sagte die Politikerin dem Blatt. \u00abDas ist zum Teil sicher auch eine Generationenfrage.\u00bb<\/p>\n<p>Ebenfalls in der Bild am Sonntag\u00a0wurden CDU-Delegierte zu ihrer Pr\u00e4ferenz f\u00fcr die Merkel-Nachfolge befragt. Viele der 1001 Wahlberechtigen sind allerdings unentschlossen \u2013 oder wollten sich nicht \u00e4u\u00dfern. Nur gut jeder Vierte war bereit, seine Vorliebe zu \u00e4u\u00dfern. Demnach f\u00fchrt Friedrich Merz vor AKK. <a href=\"https:\/\/mannschaft.com\/2018\/11\/04\/cdu-wuerde-ein-homosexueller-vorsitzender-jens-spahn-gut-zu-gesicht-stehen\/\" target=\"_blank\" rel=\"noopener\">Gesundheitsminister Jens Spahn<\/a> landete abgeschlagen auf Platz3.<\/p>\n<blockquote class=\"wp-embedded-content\" data-secret=\"OmwZPL1u6g\"><p><a href=\"https:\/\/mannschaft.com\/2018\/09\/17\/parteifreunde-wollten-jens-spahn-cdu-outen\/\">Parteifreunde wollten Jens Spahn (CDU) outen<\/a><\/p><\/blockquote>\n<p><iframe title=\"&#8222;Parteifreunde wollten Jens Spahn (CDU) outen&#8220; &#8212; Mannschaft Magazin\" class=\"wp-embedded-content\" sandbox=\"allow-scripts\" security=\"restricted\" style=\"position: absolute; clip: rect(1px, 1px, 1px, 1px);\" src=\"https:\/\/mannschaft.com\/2018\/09\/17\/parteifreunde-wollten-jens-spahn-cdu-outen\/embed\/#?secret=OmwZPL1u6g\" data-secret=\"OmwZPL1u6g\" width=\"600\" height=\"338\" frameborder=\"0\" marginwidth=\"0\" marginheight=\"0\" scrolling=\"no\"><\/iframe><\/p>\n<p>Au\u00dferdem gab sie an, sie sei eine brave Sch\u00fclerin gewesen und hatte nicht viel \u00fcbrig f\u00fcr Rebellentum.\u00abIch war eher das Modell Streberin, wobei ich nicht immer Bestnoten hatte\u201c, sagte die aussichtsreiche Kandidatin f\u00fcr den Parteivorsitz der <em>Bild am Sonntag<\/em>.\u00abIch habe nie blau gemacht. Da w\u00e4re ich den ganzen Tag nerv\u00f6s gewesen, dass mich jemand erwischt. Zur coolen Rockerin haben mir die Nerven gefehlt.\u00bb Auch Kiffen habe sie nie gereizt.<\/p>\n","protected":false},"excerpt":{"rendered":"<p>Annegret Kramp-Karrenbauer will CDU-Chefin werden. Ihre ablehnende Haltung zur Ehe f\u00fcr alle gilt bei Kritikern als reaktion\u00e4r. Auch ihre eigene Kinder sind das Thema lockerer. <a class=\"g1-link g1-link-more\" href=\"https:\/\/alte.mannschaft.lgbt\/bimber\/kramp-karrenbauer-meine-kinder-sehen-eheoeffnung-entspannter\/\">Weiterlesen<\/a><\/p>\n","protected":false},"author":1,"featured_media":37285,"comment_status":"closed","ping_status":"closed","sticky":false,"template":"","format":"standard","meta":[],"categories":[3],"tags":[5449,65,5544],"wps_subtitle":"Die potenzielle Nachfolgerin Merkels als CDU-Vorsitzende hatte 2015 die Ehe\u00f6ffnung mit Inzest und Polygamie gleichgesetzt und weicht auch heute davon nicht ab","_links":{"self":[{"href":"https:\/\/alte.mannschaft.lgbt\/bimber\/wp-json\/wp\/v2\/posts\/43895"}],"collection":[{"href":"https:\/\/alte.mannschaft.lgbt\/bimber\/wp-json\/wp\/v2\/posts"}],"about":[{"href":"https:\/\/alte.mannschaft.lgbt\/bimber\/wp-json\/wp\/v2\/types\/post"}],"author":[{"embeddable":true,"href":"https:\/\/alte.mannschaft.lgbt\/bimber\/wp-json\/wp\/v2\/users\/1"}],"replies":[{"embeddable":true,"href":"https:\/\/alte.mannschaft.lgbt\/bimber\/wp-json\/wp\/v2\/comments?post=43895"}],"version-history":[{"count":0,"href":"https:\/\/alte.mannschaft.lgbt\/bimber\/wp-json\/wp\/v2\/posts\/43895\/revisions"}],"wp:featuredmedia":[{"embeddable":true,"href":"https:\/\/alte.mannschaft.lgbt\/bimber\/wp-json\/wp\/v2\/media\/37285"}],"wp:attachment":[{"href":"https:\/\/alte.mannschaft.lgbt\/bimber\/wp-json\/wp\/v2\/media?parent=43895"}],"wp:term":[{"taxonomy":"category","embeddable":true,"href":"https:\/\/alte.mannschaft.lgbt\/bimber\/wp-json\/wp\/v2\/categories?post=43895"},{"taxonomy":"post_tag","embeddable":true,"href":"https:\/\/alte.mannschaft.lgbt\/bimber\/wp-json\/wp\/v2\/tags?post=43895"}],"curies":[{"name":"wp","href":"https:\/\/api.w.org\/{rel}","templated":true}]}}