{"id":39807,"date":"2018-10-09T18:45:33","date_gmt":"2018-10-09T16:45:33","guid":{"rendered":"https:\/\/mannschaft.com\/?p=39807"},"modified":"2018-10-09T19:07:18","modified_gmt":"2018-10-09T17:07:18","slug":"protestlied-mia-ned-warnt-vor-afd-in-bayern","status":"publish","type":"post","link":"https:\/\/alte.mannschaft.lgbt\/bimber\/protestlied-mia-ned-warnt-vor-afd-in-bayern\/","title":{"rendered":"Protestlied \u00abMia ned\u00bb warnt vor AfD in Bayern"},"content":{"rendered":"<p>Am Sonntag wird in Bayern gew\u00e4hlt. Der Freitstaat geh\u00f6rt zu den wenigen Landesparlamenten in Deutschland, in denen die AfD noch nicht sitzt. Ihr werden in Umfragen etwa 10 % vorhergesagt, die &#8222;Alternative f\u00fcr Deutschland&#8220; d\u00fcrfte also ziemlich sicher in den Landtag von M\u00fcnchen einziehen. <a href=\"https:\/\/mannschaft.com\/2018\/10\/03\/wir-haben-den-gruenen-viel-zu-verdanken-sagt-schwuler-csu-mann\/\">Die CSU dagegen steht vor einer historischen Niederlage.<\/a><\/p>\n<p>Genau davor warnt der Liedermacher und Kabarettisten Roland Hefter in dem Song \u201eMia ned\u201c und dem dazugeh\u00f6rigen Video, das bei Facebook seit dem Posting vor zwei Wochen schon rund 2,5 Millionen Mal angeklickt wurde. Seine Sorge ist, dass es viele Menschen gibt, die die AfD in Bayern w\u00e4hlen, ohne vorher das Programm gelesen zu haben. <a href=\"https:\/\/mannschaft.com\/2018\/09\/27\/afd-will-gesetz-zur-aufhebung-der-ehoeffnung-beraten\/\" target=\"_blank\" rel=\"noopener\">(U.a. will die AfD die Ehe\u00f6ffnung r\u00fcckg\u00e4ngig machen.)<\/a><\/p>\n<p>Der Liedermacher stellt darum verschiedene Punkte heraus. Dass die AfD f\u00fcr Atomstrom und Ausgrenzung ist, aber gegen Gleichberechtigung, dass sie die B\u00fcrger bewaffnen und Homosexuelle entrechten will. <a href=\"https:\/\/mannschaft.com\/2017\/09\/23\/afd-schwul-15-gute-gruende-sie-nicht-zu-waehlen\/\" target=\"_blank\" rel=\"noopener\">Es gibt viele Gr\u00fcnde, die AfD nicht zu w\u00e4hlen.<\/a><\/p>\n<div id=\"g1-fluid-wrapper-counter-1\" class=\"g1-fluid-wrapper \" style=\"width:662px;\" data-g1-fluid-width=\"662\" data-g1-fluid-height=\"372\">\n<div class=\"g1-fluid-wrapper-inner\" style=\"padding-bottom:56.19335347432%;\">\n<div class=\"mace-youtube\" data-mace-video=\"https:\/\/www.youtube.com\/embed\/YhRx37SA9Zo?showinfo=0&#038;rel=1&#038;ytp-pause-overlay=1&#038;autoplay=1&#038;enablejsapi=1\" data-mace-video-thumb=\"https:\/\/img.youtube.com\/vi\/YhRx37SA9Zo\/hqdefault.jpg\">\n<div class=\"mace-play-button\"><\/div>\n<\/div><\/div>\n<\/p><\/div>\n<p>&#8222;Wer schwul ist oder lesbisch, ist auch nicht mehr gern gesehen&#8220;, hei\u00dft es u.a. in seinem Protestlied der Initiative K\u00fcnstler mit Herz, der sich \u00fcber 100 K\u00fcnstler angeschlossen haben, darunter die Schauspieler Michaela May und Hannes Jaenicke, aber auch Musiker der Bananafishbones.<\/p>\n<figure id=\"attachment_39810\" aria-describedby=\"caption-attachment-39810\" style=\"width: 933px\" class=\"wp-caption alignnone\"><a href=\"https:\/\/mannschaft.com\/bimber\/wp-content\/uploads\/2018\/10\/afd2.jpg\"><img data-expand=\"600\" decoding=\"async\" loading=\"lazy\" class=\"lazyload wp-image-39810 size-full\" src=\"data:image\/svg+xml;charset=utf-8,%3Csvg xmlns%3D'http%3A%2F%2Fwww.w3.org%2F2000%2Fsvg' viewBox%3D'0 0 933 603'%2F%3E\" data-src=\"https:\/\/mannschaft.com\/bimber\/wp-content\/uploads\/2018\/10\/afd2.jpg\" alt=\"AfD in Bayern\" width=\"933\" height=\"603\" data-srcset=\"https:\/\/alte.mannschaft.lgbt\/bimber\/wp-content\/uploads\/2018\/10\/afd2.jpg 933w, https:\/\/alte.mannschaft.lgbt\/bimber\/wp-content\/uploads\/2018\/10\/afd2-300x194.jpg 300w, https:\/\/alte.mannschaft.lgbt\/bimber\/wp-content\/uploads\/2018\/10\/afd2-768x496.jpg 768w, https:\/\/alte.mannschaft.lgbt\/bimber\/wp-content\/uploads\/2018\/10\/afd2-425x275.jpg 425w, https:\/\/alte.mannschaft.lgbt\/bimber\/wp-content\/uploads\/2018\/10\/afd2-561x363.jpg 561w, https:\/\/alte.mannschaft.lgbt\/bimber\/wp-content\/uploads\/2018\/10\/afd2-364x235.jpg 364w, https:\/\/alte.mannschaft.lgbt\/bimber\/wp-content\/uploads\/2018\/10\/afd2-758x490.jpg 758w, https:\/\/alte.mannschaft.lgbt\/bimber\/wp-content\/uploads\/2018\/10\/afd2-608x393.jpg 608w, https:\/\/alte.mannschaft.lgbt\/bimber\/wp-content\/uploads\/2018\/10\/afd2-313x202.jpg 313w, https:\/\/alte.mannschaft.lgbt\/bimber\/wp-content\/uploads\/2018\/10\/afd2-400x259.jpg 400w, https:\/\/alte.mannschaft.lgbt\/bimber\/wp-content\/uploads\/2018\/10\/afd2-74x48.jpg 74w, https:\/\/alte.mannschaft.lgbt\/bimber\/wp-content\/uploads\/2018\/10\/afd2-149x96.jpg 149w\" data-sizes=\"(max-width: 933px) 100vw, 933px\" \/><\/a><figcaption id=\"caption-attachment-39810\" class=\"wp-caption-text\">Die Regenbogenfahne ist nicht zuf\u00e4llig im Bild (Foto: Screenshot)<\/figcaption><\/figure>\n<p><strong>AfD in Bayern &#8211; dunkel und kalt<\/strong><br \/>\nIn einem Interview mit dem <em>Merkur<\/em> erkl\u00e4rte Hefter: &#8222;So ein kaltes Bayern, wie es die AfD will, wollen wir nicht haben. Wenn man die Gespr\u00e4che verfolgt von den AfD-Anh\u00e4ngern in den Wirtsh\u00e4usern, die sind alle in einer dunklen Stimmung. Da wird nicht gelacht, da wird nur geschimpft. Das hat mit einem fr\u00f6hlichen, weltoffenen Bayern nichts zu tun&#8220;, sagt der Liedermacher. &#8222;Die leben wie unter Wolken, in einer dunklen Welt.&#8220;<\/p>\n","protected":false},"excerpt":{"rendered":"<p>Vor dem Einzug der Braunen\/Hellblauen ins bayerische Parlament warnt der Liedermacher Roland Hefter in \u201eMia ned\u201c. Das dazugeh\u00f6rige Video wurde bei Facebook schon rund 2,5 Millionen Mal angeklickt. <a class=\"g1-link g1-link-more\" href=\"https:\/\/alte.mannschaft.lgbt\/bimber\/protestlied-mia-ned-warnt-vor-afd-in-bayern\/\">Weiterlesen<\/a><\/p>\n","protected":false},"author":1,"featured_media":39809,"comment_status":"closed","ping_status":"closed","sticky":false,"template":"","format":"standard","meta":[],"categories":[10],"tags":[17,5449,5544],"wps_subtitle":"Der Liedermacher und Kabarettist Roland Hefter hat das homophobe, frauen- und behindertenfeindliche Parteiprogramm vertont","_links":{"self":[{"href":"https:\/\/alte.mannschaft.lgbt\/bimber\/wp-json\/wp\/v2\/posts\/39807"}],"collection":[{"href":"https:\/\/alte.mannschaft.lgbt\/bimber\/wp-json\/wp\/v2\/posts"}],"about":[{"href":"https:\/\/alte.mannschaft.lgbt\/bimber\/wp-json\/wp\/v2\/types\/post"}],"author":[{"embeddable":true,"href":"https:\/\/alte.mannschaft.lgbt\/bimber\/wp-json\/wp\/v2\/users\/1"}],"replies":[{"embeddable":true,"href":"https:\/\/alte.mannschaft.lgbt\/bimber\/wp-json\/wp\/v2\/comments?post=39807"}],"version-history":[{"count":0,"href":"https:\/\/alte.mannschaft.lgbt\/bimber\/wp-json\/wp\/v2\/posts\/39807\/revisions"}],"wp:featuredmedia":[{"embeddable":true,"href":"https:\/\/alte.mannschaft.lgbt\/bimber\/wp-json\/wp\/v2\/media\/39809"}],"wp:attachment":[{"href":"https:\/\/alte.mannschaft.lgbt\/bimber\/wp-json\/wp\/v2\/media?parent=39807"}],"wp:term":[{"taxonomy":"category","embeddable":true,"href":"https:\/\/alte.mannschaft.lgbt\/bimber\/wp-json\/wp\/v2\/categories?post=39807"},{"taxonomy":"post_tag","embeddable":true,"href":"https:\/\/alte.mannschaft.lgbt\/bimber\/wp-json\/wp\/v2\/tags?post=39807"}],"curies":[{"name":"wp","href":"https:\/\/api.w.org\/{rel}","templated":true}]}}