{"id":39791,"date":"2018-10-09T11:17:33","date_gmt":"2018-10-09T09:17:33","guid":{"rendered":"https:\/\/mannschaft.com\/?p=39791"},"modified":"2018-10-09T19:00:40","modified_gmt":"2018-10-09T17:00:40","slug":"wo-bleibt-der-selbstbestimmte-positive-dritte-geschlechtseintrag","status":"publish","type":"post","link":"https:\/\/alte.mannschaft.lgbt\/bimber\/wo-bleibt-der-selbstbestimmte-positive-dritte-geschlechtseintrag\/","title":{"rendered":"Wo bleibt der selbstbestimmte positive dritte Geschlechtseintrag?"},"content":{"rendered":"<p><a href=\"https:\/\/mannschaft.com\/2017\/11\/08\/bundesverfassungsgericht-fordert-drittes-geschlecht-fuer-geburtenregister\/\" target=\"_blank\" rel=\"noopener\">Vor einem Jahr, am 10. Oktober 2017, entschied das deutsche Bundesverfassungsgericht, dass das Grundgesetz auch die geschlechtliche Identit\u00e4t der Personen sch\u00fctzt, die sich dauerhaft weder dem m\u00e4nnlichen noch dem weiblichen Geschlecht zuordnen lassen.<\/a> Unter Federf\u00fchrung des Innenministeriums hat die Regierung einen Gesetzentwurf vorgelegt, der die M\u00f6glichkeit eines dritten positiven Geschlechtseintrags unter der Bezeichnung \u201edivers\u201c vorsieht \u2013 allerdings nur f\u00fcr Personen, die mit einer \u00e4rztlichen Bescheinigung nachweisen k\u00f6nnen, dass bei ihnen eine \u201eVariante der Geschlechtsentwicklung\u201c vorliegt. Der selbstbestimmte positive dritte Geschlechtseintrag ist weiterhin nicht in Sicht.<\/p>\n<p>Der bisherige Entwurf soll am 11. Oktober 2018 im Bundestag und am 19. Oktober 2018 im Bundesrat diskutiert werden. Er wird von der Bundesvereinigung Trans* (BVT*) und zahlreichen weiteren Fachgesellschaften viel kritisiert &#8211; und begleitet von einer bundesweiten Aktionswoche der Aktion Standesamt.<\/p>\n<p>Im Rahmen der &#8222;Aktion Standesamt 2018&#8220; hat am Dienstag Sven Lehmann MdB, Sprecher f\u00fcr Queerpolitik der Gr\u00fcnen Bundestagsfraktion, K\u00f6lner*innen w\u00e4hrend einer kleinen Inszenierung als &#8222;Standesbeamter&#8220; symbolisch neue Geburtsurkunden mit dem richtigen Namen und Geschlechtseintrag und Namen ausgestellt. &#8222;\u00dcber das eigene Geschlecht kann niemand besser bestimmen als jeder Mensch selber&#8220;, so Lehmann.<\/p>\n<figure id=\"attachment_39819\" aria-describedby=\"caption-attachment-39819\" style=\"width: 4496px\" class=\"wp-caption alignnone\"><a href=\"https:\/\/mannschaft.com\/bimber\/wp-content\/uploads\/2018\/10\/DSC_0265-004.jpg\"><img data-expand=\"600\" decoding=\"async\" loading=\"lazy\" class=\"lazyload wp-image-39819 size-full\" src=\"data:image\/svg+xml;charset=utf-8,%3Csvg xmlns%3D'http%3A%2F%2Fwww.w3.org%2F2000%2Fsvg' viewBox%3D'0 0 4496 3000'%2F%3E\" data-src=\"https:\/\/mannschaft.com\/bimber\/wp-content\/uploads\/2018\/10\/DSC_0265-004.jpg\" alt=\" dritte Geschlechtseintrag\" width=\"4496\" height=\"3000\" data-srcset=\"https:\/\/alte.mannschaft.lgbt\/bimber\/wp-content\/uploads\/2018\/10\/DSC_0265-004.jpg 4496w, https:\/\/alte.mannschaft.lgbt\/bimber\/wp-content\/uploads\/2018\/10\/DSC_0265-004-300x200.jpg 300w, https:\/\/alte.mannschaft.lgbt\/bimber\/wp-content\/uploads\/2018\/10\/DSC_0265-004-768x512.jpg 768w, https:\/\/alte.mannschaft.lgbt\/bimber\/wp-content\/uploads\/2018\/10\/DSC_0265-004-425x284.jpg 425w, https:\/\/alte.mannschaft.lgbt\/bimber\/wp-content\/uploads\/2018\/10\/DSC_0265-004-561x374.jpg 561w, https:\/\/alte.mannschaft.lgbt\/bimber\/wp-content\/uploads\/2018\/10\/DSC_0265-004-1122x749.jpg 1122w, https:\/\/alte.mannschaft.lgbt\/bimber\/wp-content\/uploads\/2018\/10\/DSC_0265-004-364x243.jpg 364w, https:\/\/alte.mannschaft.lgbt\/bimber\/wp-content\/uploads\/2018\/10\/DSC_0265-004-758x506.jpg 758w, https:\/\/alte.mannschaft.lgbt\/bimber\/wp-content\/uploads\/2018\/10\/DSC_0265-004-608x406.jpg 608w, https:\/\/alte.mannschaft.lgbt\/bimber\/wp-content\/uploads\/2018\/10\/DSC_0265-004-1152x769.jpg 1152w, https:\/\/alte.mannschaft.lgbt\/bimber\/wp-content\/uploads\/2018\/10\/DSC_0265-004-313x209.jpg 313w, https:\/\/alte.mannschaft.lgbt\/bimber\/wp-content\/uploads\/2018\/10\/DSC_0265-004-400x267.jpg 400w, https:\/\/alte.mannschaft.lgbt\/bimber\/wp-content\/uploads\/2018\/10\/DSC_0265-004-72x48.jpg 72w, https:\/\/alte.mannschaft.lgbt\/bimber\/wp-content\/uploads\/2018\/10\/DSC_0265-004-144x96.jpg 144w\" data-sizes=\"(max-width: 4496px) 100vw, 4496px\" \/><\/a><figcaption id=\"caption-attachment-39819\" class=\"wp-caption-text\">Sven Lehmann am Dienstag in K\u00f6ln (Foto: Gr\u00fcne)<\/figcaption><\/figure>\n<blockquote><p>Inter Menschen genauso wie alle trans Menschen, die sich weder dem m\u00e4nnlichen noch dem weiblichen Geschlecht zuordnen, werden ausgeschlossen<\/p><\/blockquote>\n<p>Cathrin Ramelow vom Vorstand der BVT* kritsiert: \u201eW\u00e4hrend die Entscheidung des Bundesverfassungsgerichts fast revolution\u00e4r war, stellt sich aktuell das, was der Gesetzgeber bislang aus dem Auftrag gemacht hat als ausschlie\u00dfend und pathologisierend dar. Der Gesetzentwurf zwingt Menschen weiterhin, sich ohne Notwendigkeit medizinisch begutachten zu lassen. Indem der Zugang zum dritten Geschlechtseintrag nur denjenigen er\u00f6ffnet wird, die bestimmte medizinische Diagnosen vorweisen k\u00f6nnen, werden einige intergeschlechtliche Menschen genauso wie alle trans* Menschen ausgeschlossen, die sich weder dem m\u00e4nnlichen noch dem weiblichen Geschlecht zuordnen.&#8220;<\/p>\n<p><strong> EU-Gerichtshof fasst Schutz vor geschlechtsbezogener Diskriminierung sehr weit<br \/>\n<\/strong>Ihnen bleibe das Recht auf einen dritten Geschlechtseintrag versagt. Und dies obwohl der Beschluss des Bundeverfassungsgerichts explizit darauf verweise, dass der Gerichtshof der Europ\u00e4ischen Union den Schutz vor geschlechtsbezogener Diskriminierung weit fasse und auch trans* Menschen einschlie\u00dfe. &#8222;Wir fordern ein Gesetz, das auf Selbstbestimmung basiert und menschenrechtskonform der Geschlechtervielfalt von inter* und trans* Menschen Rechnung tr\u00e4gt! Dies haben bereits einige europ\u00e4ische L\u00e4nder wie Malta, D\u00e4nemark und Irland erfolgreich vorgemacht und der Europ\u00e4ische Gerichtshof f\u00fcr Menschenrechte hat eine positive Verpflichtung zur Anerkennung des Geschlechts f\u00fcr europ\u00e4ische Staaten festgelegt\u201c, so Ramelow.<\/p>\n<blockquote><p>Wir lassen uns von unserem Recht auf einen selbstbestimmten positiven dritten Geschlechtseintrag nicht abbringen!<\/p><\/blockquote>\n<p>Frank Kr\u00fcger vom Beirat der BVT* erg\u00e4nzt: \u201eBereits \u00fcber 36.000 Menschen haben unsere Unterschriftenkampagne \u201aGleiches Recht f\u00fcr jedes Geschlecht \u2013 Stoppt Seehofers Gesetzentwurf zur dritten Option! Geschlechtervielfalt und Selbstbestimmung jetzt!\u2018 unterst\u00fctzt.&#8220; Der aktuelle Gesetzentwurf nehme weder Bezug auf die Empfehlungen der Fachgesellschaften noch auf die Ergebnisse der interministeriellen Arbeitsgruppe (IMAG) oder das Gutachten des Deutschen Instituts f\u00fcr Menschenrechte. Kr\u00fcger weiter:<\/p>\n<p>&#8222;Wir hoffen, dass die Bearbeitung in den Aussch\u00fcssen im Bundestag und die Bundesratsinitative zum Thema den aktuellen Entwurf verbessern. Wir unterst\u00fctzen die bundesweite Aktionswoche der Aktion Standesamt und rufen mit dazu auf diese Woche Antr\u00e4ge f\u00fcr einen selbstbestimmten Geschlechtseintrag oder seine Streichung bei den Standes\u00e4mtern zu stellen. Wir lassen uns von unserem Recht auf einen selbstbestimmten positiven dritten Geschlechtseintrag nicht abbringen!\u201c<\/p>\n","protected":false},"excerpt":{"rendered":"<p>Der vom Innenministerium vorgelegte Gesetzentwurf zwingt Menschen weiterhin, sich ohne Notwendigkeit medizinisch begutachten zu lassen, kritisiert die Bundesvereinigung Trans*. <a class=\"g1-link g1-link-more\" href=\"https:\/\/alte.mannschaft.lgbt\/bimber\/wo-bleibt-der-selbstbestimmte-positive-dritte-geschlechtseintrag\/\">Weiterlesen<\/a><\/p>\n","protected":false},"author":1,"featured_media":38684,"comment_status":"closed","ping_status":"closed","sticky":false,"template":"","format":"standard","meta":[],"categories":[3],"tags":[5544,833,5545],"wps_subtitle":"Bundesweite Aktionswoche f\u00fcr selbstbestimmten dritten Geschlechtseintrag - gegen Fremdbestimmung","_links":{"self":[{"href":"https:\/\/alte.mannschaft.lgbt\/bimber\/wp-json\/wp\/v2\/posts\/39791"}],"collection":[{"href":"https:\/\/alte.mannschaft.lgbt\/bimber\/wp-json\/wp\/v2\/posts"}],"about":[{"href":"https:\/\/alte.mannschaft.lgbt\/bimber\/wp-json\/wp\/v2\/types\/post"}],"author":[{"embeddable":true,"href":"https:\/\/alte.mannschaft.lgbt\/bimber\/wp-json\/wp\/v2\/users\/1"}],"replies":[{"embeddable":true,"href":"https:\/\/alte.mannschaft.lgbt\/bimber\/wp-json\/wp\/v2\/comments?post=39791"}],"version-history":[{"count":0,"href":"https:\/\/alte.mannschaft.lgbt\/bimber\/wp-json\/wp\/v2\/posts\/39791\/revisions"}],"wp:featuredmedia":[{"embeddable":true,"href":"https:\/\/alte.mannschaft.lgbt\/bimber\/wp-json\/wp\/v2\/media\/38684"}],"wp:attachment":[{"href":"https:\/\/alte.mannschaft.lgbt\/bimber\/wp-json\/wp\/v2\/media?parent=39791"}],"wp:term":[{"taxonomy":"category","embeddable":true,"href":"https:\/\/alte.mannschaft.lgbt\/bimber\/wp-json\/wp\/v2\/categories?post=39791"},{"taxonomy":"post_tag","embeddable":true,"href":"https:\/\/alte.mannschaft.lgbt\/bimber\/wp-json\/wp\/v2\/tags?post=39791"}],"curies":[{"name":"wp","href":"https:\/\/api.w.org\/{rel}","templated":true}]}}