{"id":39748,"date":"2018-10-08T21:03:48","date_gmt":"2018-10-08T19:03:48","guid":{"rendered":"https:\/\/mannschaft.com\/?p=39748"},"modified":"2018-10-09T10:38:43","modified_gmt":"2018-10-09T08:38:43","slug":"zu-schwulenfreundlich-vatikan-feuert-jesuiten-rektor","status":"publish","type":"post","link":"https:\/\/alte.mannschaft.lgbt\/bimber\/zu-schwulenfreundlich-vatikan-feuert-jesuiten-rektor\/","title":{"rendered":"Zu schwulenfreundlich: Vatikan feuert Jesuiten-Rektor"},"content":{"rendered":"<p>Allzu positive Aussagen zur Homosexualit\u00e4t und zur\u00a0Segnung schwuler und lesbischer Paare h\u00f6rt man aus der katholischen Kirche nicht oft. Ansgar Wucherpfennig werden sie jetzt sogar zum Verh\u00e4ngnis. Sie werden den Rektor der Theologisch-Philosophischen Hochschule Sankt Georgen in Frankfurt\/Main wohl das Amt kosten. Nach Berichten mehrerer Medien verweigert die Bildungskongregation im Vatikan dem Geistlichen die Unbedenklichkeitserkl\u00e4rung\u00a0und verlangt den \u00f6ffentlichen Widerruf seiner homofreundlichen Positionen.<\/p>\n<p>Was hatte Wucherpfennig gesagt? 2016 hatte der Professor f\u00fcr Neues Testament die biblischen Verurteilungen der Homosexualit\u00e4t in einem Interview als &#8222;tiefsitzende, zum Teil missverst\u00e4ndlich formulierte Stellen&#8220; bezeichnet. Wucherpfennig, der im katholischen Stadtdekanat Frankfurt auch Homosexuelle seelsorgerisch betreut, sprach sich demnach f\u00fcr eine st\u00e4rkere kirchliche Anerkennung von Schwulen und Lesben aus.<\/p>\n<p>Am anderer Stelle sagte er, man k\u00f6nne nicht verantworten, &#8222;dass wir Menschen, f\u00fcr die die Homosexualit\u00e4t zur Identit\u00e4t geh\u00f6rt, von der Kirche ausschlie\u00dfen.&#8220;<\/p>\n<p><a href=\"https:\/\/mannschaft.com\/2018\/09\/27\/mariengarden-hunderte-schueler-demonstrieren-fuer-schwulen-lehrer\/\" target=\"_blank\" rel=\"noopener\"><strong>Mehr lesen: In diesem katholischen Gymnasium ist ein schwuler Lehrer nicht erw\u00fcnscht<\/strong><\/a><\/p>\n<p><strong>Mit gro\u00dfer Mehrheit wiedergew\u00e4hlt<\/strong><br \/>\nErst im Februar war\u00a0Wucherpfennig f\u00fcr eine dritte Amtszeit von zwei Jahren wiedergew\u00e4hlt worden, und zwar mit gro\u00dfer Mehrheit. Ohne die r\u00f6mische Zustimmung darf er das Rektorenamt seit dem 1. Oktober allerdings nicht mehr aus\u00fcben. Die staatlich anerkannte, private katholische Hochschule wird nun kommissarisch von Prorektor Thomas Meckel geleitet.<\/p>\n<p><a href=\"https:\/\/mannschaft.com\/snax_poll\/bist-du-mitglied-einer-christlichen-kirche\/\" target=\"_blank\" rel=\"noopener\"><strong>Unsere Umfrage: Bist du (noch) Mitglied einer Kirche?<\/strong><\/a><\/p>\n<p>Von Wucherpfennigs \u00c4u\u00dferungen bekam offenbar irgendwie die Glaubenskongregation in Rom Wind. Beanstandet habe man dort \u00fcbrigens auch dessen Aussagen zur Diskussion \u00fcber Frauen in den geistlichen \u00c4mtern der katholischen Kirche, berichten die Zeitungen<\/p>\n<blockquote><p>An seiner Loyalit\u00e4t und damit auch an seiner Eignung f\u00fcr das Rektorenamt bestehen nicht die geringsten Zweifel<\/p><\/blockquote>\n<p>Wucherpfennig will seine \u00c4u\u00dferungen nicht widerrufen. &#8222;Nicht gegen meine \u00dcberzeugungen&#8220;, sagt der 52-J\u00e4hrige. &#8222;Ich halte die Einw\u00e4nde Roms f\u00fcr ein Missverst\u00e4ndnis von Aussagen, mit denen ich ganz und gar auf dem Boden der katholischen Lehre stehe.&#8220; Sein direkter Vorgesetzter, Provinzial Johannes Siebner SJ, sagte den Zeitungen, er stehe uneingeschr\u00e4nkt hinter\u00a0Wucherpfennig. Denn an seiner Loyalit\u00e4t und damit auch an seiner Eignung f\u00fcr das Rektorenamt best\u00fcnden nicht die geringsten Zweifel.<\/p>\n<p>Der f\u00fcr Sankt Georgen zust\u00e4ndige Bischof von Limburg, Georg B\u00e4tzing, stellte sich ebenfalls vor\u00a0Wucherpfennig. Er habe der Wiederwahl &#8222;uneingeschr\u00e4nkt&#8220; zugestimmt, sagte ein Bistumssprecher. B\u00e4tzing habe auch in Rom deutlich gemacht, dass &#8222;Bistum und Jesuitenorden gut beraten sind, an der bew\u00e4hrten Hochschul-Leitung festzuhalten&#8220;. Der Bischof hofft auf eine g\u00fctliche L\u00f6sung.<\/p>\n<p>In einem offenen Brief stellten sich aktuelle und ehemalige Studierende und Mitarbeitende der Hochschule hinter ihren &#8222;engagierten Lehrer&#8220; und forderten, seine Entlassung zu \u00fcberdenken.<\/p>\n<p>Die Pfarrer der katholischen Pfarreien in Frankfurt erkl\u00e4rten gemeinsam, man sei &#8222;fassungslos&#8220;. Man halte die Anregungen von Wucherpfennig f\u00fcr einen wichtigen Diskussionsbeitrag und sei ihm daf\u00fcr sehr dankbar. &#8222;Die zutiefst erschreckenden Erkenntnisse der MHG-Studie zum Missbrauch an Minderj\u00e4hrigen in der katholischen Kirche machen deutlich, dass auch der pathologische Umgang der Kirche mit dem Thema (Homo-)Sexualit\u00e4t sexualisierte Gewalt beg\u00fcnstigt. Der Versuch, das offene Gespr\u00e4ch \u00fcber Sexualfragen innerhalb der Kirche zu unterbinden, ist daher zum gegenw\u00e4rtigen Zeitpunkt genau das falsche Signal.&#8220;<\/p>\n<p>Der Essener Generalvikar Klaus Pfeffer zeigte sich ebenfalls \u00fcber das Vorgehen des Vatikan fassungslos. &#8222;Wann h\u00f6rt ein solches autorit\u00e4res Gebaren in unserer Kirche endlich auf?&#8220;, schrieb er am Sonntagabend auf Facebook. Am Montag f\u00fcgte er hinzu, der Fall zeige, wie gro\u00df der Reformbedarf in der katholischen Kirche sei.<\/p>\n<div id=\"fb-root\"><\/div>\n<p><script>(function(d, s, id) {  var js, fjs = d.getElementsByTagName(s)[0];  if (d.getElementById(id)) return;  js = d.createElement(s); js.id = id;  js.src = 'https:\/\/connect.facebook.net\/de_DE\/sdk.js#xfbml=1&version=v3.1';  fjs.parentNode.insertBefore(js, fjs);}(document, 'script', 'facebook-jssdk'));<\/script><\/p>\n<div class=\"fb-post\" data-href=\"https:\/\/www.facebook.com\/klaus.pfeffer.948\/posts\/953109668208592\" data-width=\"662\">\n<blockquote cite=\"https:\/\/www.facebook.com\/klaus.pfeffer.948\/posts\/953109668208592\" class=\"fb-xfbml-parse-ignore\">\n<p>Dieses Interview, das der Jesuit Ansgar Wucherpfennig im Jahre 2016 gegeben hat, soll nach Journalistenberichten dazu&#8230;<\/p>\n<p>Gepostet von <a href=\"#\" role=\"button\">Klaus Pfeffer<\/a> am&nbsp;<a href=\"https:\/\/www.facebook.com\/klaus.pfeffer.948\/posts\/953109668208592\">Montag, 8. Oktober 2018<\/a><\/p><\/blockquote>\n<\/div>\n<p>Auch der Frankfurter Stadtdekan, Johannes zu Eltz, reagierte mit \u00c4rger und Unverst\u00e4ndnis. Wucherpfennig sei &#8222;ein lauterer Priester und ein unbestechlicher Wissenschaftler&#8220;.<\/p>\n<p>Der Bund der Deutschen Katholischen Jugend (BDKJ) sprach von einem &#8222;unertr\u00e4glichen Vorgang&#8220;. Der BDKJ-Bundesvorsitzende Thomas Andonie sagte am Montag in Rom, Akteure der Kirche missbrauchten hier ihre Macht. &#8222;Es wird versucht, einen Menschen kaltzustellen&#8220;, so Andonie. Ein solches Vorgehen lehne der BDKJ entschieden ab.<\/p>\n","protected":false},"excerpt":{"rendered":"<p>Erst im Februar war Wucherpfennig f\u00fcr eine dritte zweij\u00e4hrige Amtszeit wiedergew\u00e4hlt worden, und zwar mit gro\u00dfer Mehrheit.  <a class=\"g1-link g1-link-more\" href=\"https:\/\/alte.mannschaft.lgbt\/bimber\/zu-schwulenfreundlich-vatikan-feuert-jesuiten-rektor\/\">Weiterlesen<\/a><\/p>\n","protected":false},"author":1,"featured_media":39754,"comment_status":"closed","ping_status":"closed","sticky":false,"template":"","format":"standard","meta":[],"categories":[3],"tags":[5512],"wps_subtitle":"Etliche Geistliche und Student*innen von Ansgar Wucherpfennig \u00e4u\u00dfern Kritik am Vorgehen Roms","_links":{"self":[{"href":"https:\/\/alte.mannschaft.lgbt\/bimber\/wp-json\/wp\/v2\/posts\/39748"}],"collection":[{"href":"https:\/\/alte.mannschaft.lgbt\/bimber\/wp-json\/wp\/v2\/posts"}],"about":[{"href":"https:\/\/alte.mannschaft.lgbt\/bimber\/wp-json\/wp\/v2\/types\/post"}],"author":[{"embeddable":true,"href":"https:\/\/alte.mannschaft.lgbt\/bimber\/wp-json\/wp\/v2\/users\/1"}],"replies":[{"embeddable":true,"href":"https:\/\/alte.mannschaft.lgbt\/bimber\/wp-json\/wp\/v2\/comments?post=39748"}],"version-history":[{"count":0,"href":"https:\/\/alte.mannschaft.lgbt\/bimber\/wp-json\/wp\/v2\/posts\/39748\/revisions"}],"wp:featuredmedia":[{"embeddable":true,"href":"https:\/\/alte.mannschaft.lgbt\/bimber\/wp-json\/wp\/v2\/media\/39754"}],"wp:attachment":[{"href":"https:\/\/alte.mannschaft.lgbt\/bimber\/wp-json\/wp\/v2\/media?parent=39748"}],"wp:term":[{"taxonomy":"category","embeddable":true,"href":"https:\/\/alte.mannschaft.lgbt\/bimber\/wp-json\/wp\/v2\/categories?post=39748"},{"taxonomy":"post_tag","embeddable":true,"href":"https:\/\/alte.mannschaft.lgbt\/bimber\/wp-json\/wp\/v2\/tags?post=39748"}],"curies":[{"name":"wp","href":"https:\/\/api.w.org\/{rel}","templated":true}]}}