{"id":37733,"date":"2017-11-23T13:38:45","date_gmt":"2017-11-23T12:38:45","guid":{"rendered":"https:\/\/mannschaft.com\/bimber\/2017\/11\/23\/lgbti-blog-des-tagesspiegel-erhaelt-respektpreis-2017\/"},"modified":"2018-09-24T11:19:31","modified_gmt":"2018-09-24T09:19:31","slug":"lgbti-blog-des-tagesspiegel-erhaelt-respektpreis-2017","status":"publish","type":"post","link":"https:\/\/alte.mannschaft.lgbt\/bimber\/lgbti-blog-des-tagesspiegel-erhaelt-respektpreis-2017\/","title":{"rendered":"LGBTI-Blog des Tagesspiegel erh\u00e4lt Respektpreis 2017"},"content":{"rendered":"<p>Am Donnerstagvormittag wurde die Tagesspiegel-Kolumne \u201eHeteros fragen, Homos antworten\u201c mit dem Respektpreis 2017 ausgezeichnet. Die Auszeichnung des B\u00fcndnisses gegen Homophobie, die seit 2010 jedes Jahr verliehen wird, nahmen Anja K\u00fchne, Tilmann Warnecke und Bj\u00f6rn Seeling von Senator Dr. Dirk Behrendt im Marshall-Haus auf dem Berliner Messegel\u00e4nde unter dem Funkturm entgegen.<\/p>\n<p>Nadine Lange, Anja K\u00fchne, Tilmann Warnecke und Bj\u00f6rn Seeling machen seit zwei Jahren den Queerspiegel, den ersten LGBTI-Blog einer gro\u00dfen Tageszeitung in Deutschland. Von April 2016 bis M\u00e4rz 2017 erschien in diesem Rahmen sowie in der Tagesspiegel-Samstagsbeilage \u201eMehr Berlin\u201c die Kolumne \u201eHeteros fragen, Homos antworten\u201c. In 50 Folgen wurde mit allerlei Vorurteilen und Stereotypen aufger\u00e4umt.<\/p>\n<p>Die Kolumnenreihe ist im September 2017 im Querverlag auch als Buch erschienen.<\/p>\n<figure id=\"attachment_24623\" aria-describedby=\"caption-attachment-24623\" style=\"width: 360px\" class=\"wp-caption alignnone\"><img data-expand=\"600\" decoding=\"async\" loading=\"lazy\" class=\"lazyload size-full wp-image-24623\" src=\"data:image\/svg+xml;charset=utf-8,%3Csvg xmlns%3D'http%3A%2F%2Fwww.w3.org%2F2000%2Fsvg' viewBox%3D'0 0 360 590'%2F%3E\" data-src=\"http:\/\/www.mannschaft.com\/wp-content\/uploads\/2017\/11\/csm_Cover_Heteros_fragen_cddb1d6788_Kopie.jpg\" alt=\"Respektpreis\" width=\"360\" height=\"590\" \/><figcaption id=\"caption-attachment-24623\" class=\"wp-caption-text\">Die Kolumne des Tagesspiegel als Buch, erschienen im Querverlag<\/figcaption><\/figure>\n<p><a href=\"http:\/\/www.mannschaft.com\/2017\/10\/respektpreis-des-lsvd-das-sind-die-nominierten-2017\/\" target=\"_blank\" rel=\"noopener noreferrer\">Nominiert waren zudem Pastorin Dagmar Wegener, Florian Mundt alias LeFloid sowie Angelika Sch\u00f6ttler<\/a>.<\/p>\n<p><strong>Aufkl\u00e4rungsquote der Polizei bei Hassverbrechen sinkt<\/strong><\/p>\n<p>Im Rahmen der Preisverleihung stellte der Leiter der Zentralstelle Pr\u00e4vention beim Landeskriminalamt Berlin, Kriminaldirektor Wolfram Pemp, die aktuelle Kriminalit\u00e4tsstatistik homophober und transphober \u00dcbergriffe im Jahr 2017 vor. Im Bereich der Hasskriminalit\u00e4t gegen die sexuelle Orientierung beziehungsweise gegen die geschlechtliche Identit\u00e4t wurden f\u00fcr Berlin in den ersten drei Quartalen 2017 insgesamt 121 F\u00e4lle statistisch erfasst <a href=\"http:\/\/www.mannschaft.com\/2017\/07\/erneut-homophobe-gewalt-in-berlin-2\/\" target=\"_blank\" rel=\"noopener noreferrer\">&#8211; etwa nach dem Stra\u00dfenfest im Sommer<\/a>. Im gleichen Zeitraum des Vorjahres waren es 123 Straftaten. Experten wie der MANEO-Leiter Bastian Finke weisen angesichts dieser offiziellen Statistiken immer wieder daraufhin, dass die Dunkelziffer deutlich h\u00f6her liegen d\u00fcrfte.<\/p>\n<p>Schwerpunkte von LGBTI-feindlicher Hassgewalt waren im Jahr 2017 die Bezirke Mitte, Sch\u00f6neberg und Neuk\u00f6lln. Die Aufkl\u00e4rungsquote der angezeigten Taten liegt im Moment bei 38 % und ist leicht abfallend im Vergleich zum Vorjahreszeitraum (43 %).<\/p>\n<p>&#8222;Um aktiv gegen Homophobie einzutreten setzt der Lesben- und Schwulenverband Berlin-Brandenburg im Auftrag der Senatsverwaltung f\u00fcr Justiz, Verbraucherschutz und Antidiskriminierung \u2013 Landesantidiskriminierungsstelle (LADS), das von ihm initiierte B\u00fcndnis gegen Homophobie im Rahmen der Initiative &#8218;Berlin tritt ein f\u00fcr Selbstbestimmung und Akzeptanz sexueller Vielfalt&#8216; um&#8220;, erk\u00e4rte der LSVD in einer Pressemitteilung.<\/p>\n","protected":false},"excerpt":{"rendered":"<p>Au\u00dferdem wurde die aktuelle Kriminalit\u00e4tsstatistik homophober und transphober \u00dcbergriffe vorgestellt. So wurden f\u00fcr Berlin bis Oktober 121 F\u00e4lle statistisch erfasst &#8211; fast so viele wie im Vorjahr. <a class=\"g1-link g1-link-more\" href=\"https:\/\/alte.mannschaft.lgbt\/bimber\/lgbti-blog-des-tagesspiegel-erhaelt-respektpreis-2017\/\">Weiterlesen<\/a><\/p>\n","protected":false},"author":1,"featured_media":37734,"comment_status":"open","ping_status":"open","sticky":false,"template":"","format":"standard","meta":[],"categories":[3],"tags":[128,5538,5461],"wps_subtitle":"","_links":{"self":[{"href":"https:\/\/alte.mannschaft.lgbt\/bimber\/wp-json\/wp\/v2\/posts\/37733"}],"collection":[{"href":"https:\/\/alte.mannschaft.lgbt\/bimber\/wp-json\/wp\/v2\/posts"}],"about":[{"href":"https:\/\/alte.mannschaft.lgbt\/bimber\/wp-json\/wp\/v2\/types\/post"}],"author":[{"embeddable":true,"href":"https:\/\/alte.mannschaft.lgbt\/bimber\/wp-json\/wp\/v2\/users\/1"}],"replies":[{"embeddable":true,"href":"https:\/\/alte.mannschaft.lgbt\/bimber\/wp-json\/wp\/v2\/comments?post=37733"}],"version-history":[{"count":0,"href":"https:\/\/alte.mannschaft.lgbt\/bimber\/wp-json\/wp\/v2\/posts\/37733\/revisions"}],"wp:featuredmedia":[{"embeddable":true,"href":"https:\/\/alte.mannschaft.lgbt\/bimber\/wp-json\/wp\/v2\/media\/37734"}],"wp:attachment":[{"href":"https:\/\/alte.mannschaft.lgbt\/bimber\/wp-json\/wp\/v2\/media?parent=37733"}],"wp:term":[{"taxonomy":"category","embeddable":true,"href":"https:\/\/alte.mannschaft.lgbt\/bimber\/wp-json\/wp\/v2\/categories?post=37733"},{"taxonomy":"post_tag","embeddable":true,"href":"https:\/\/alte.mannschaft.lgbt\/bimber\/wp-json\/wp\/v2\/tags?post=37733"}],"curies":[{"name":"wp","href":"https:\/\/api.w.org\/{rel}","templated":true}]}}