{"id":37691,"date":"2017-10-19T16:10:25","date_gmt":"2017-10-19T14:10:25","guid":{"rendered":"https:\/\/mannschaft.com\/bimber\/2017\/10\/19\/sechs-regenbogen-vaeter-auf-instagram\/"},"modified":"2017-10-19T16:10:25","modified_gmt":"2017-10-19T14:10:25","slug":"sechs-regenbogen-vaeter-auf-instagram","status":"publish","type":"post","link":"https:\/\/alte.mannschaft.lgbt\/bimber\/sechs-regenbogen-vaeter-auf-instagram\/","title":{"rendered":"Sieben Regenbogen-V\u00e4ter auf Instagram"},"content":{"rendered":"<p>Unten teilen wir die Geschichten und Fotos von sieben Familien, die wissen, was Kinder am meisten brauchen: Liebe, Stabilit\u00e4t und Unterst\u00fctzung.<\/p>\n<blockquote class=\"instagram-media\" style=\"background: #FFF; border: 0; border-radius: 3px; box-shadow: 0 0 1px 0 rgba(0,0,0,0.5),0 1px 10px 0 rgba(0,0,0,0.15); margin: 1px; max-width: 658px; padding: 0; width: calc(100% - 2px);\" data-instgrm-captioned=\"\" data-instgrm-version=\"7\">\n<div style=\"padding: 8px;\">\n<div style=\"background: #F8F8F8; line-height: 0; margin-top: 40px; padding: 50.0% 0; text-align: center; width: 100%;\"><\/div>\n<p style=\"margin: 8px 0 0 0; padding: 0 4px;\"><a style=\"color: #000; font-family: Arial,sans-serif; font-size: 14px; font-style: normal; font-weight: normal; line-height: 17px; text-decoration: none; word-wrap: break-word;\" href=\"https:\/\/www.instagram.com\/p\/BaOPRXDjQU6\/\" target=\"_blank\" rel=\"noopener noreferrer\">Die liebe @anna.mahna hat uns gemalt. Einfach so. Und wir sind so ger\u00fchrt und ber\u00fchrt von dieser wundervollen Zeichnung. Sie sagt sooo viel aus: Zusammenhalt. Zusammengeh\u00f6rigkeit. Familie. Liebe. Frieden. Bedingungslosigkeit. Halt. Gemeinsam. Unterst\u00fctzung. Farbenfroh. Lebensbejahend. Einfach wir. Wie sch\u00f6n ist denn bitte diese Illustration von @anna.mahna \u2764 Vielen Dank f\u00fcr die Zeichnung \u2764 Und vielen Dank an euch alle. Wir sind, ich bin, ganz tief im Herzen ber\u00fchrt von eurem Zuspruch und euren ganzem lieben Zeilen \u2764 #liebeistkrasseralshass Habt ein wundervolles Wochenende ihr tollen tollen Menschen \ud83d\ude19 #papapi #papablogger #mamablogger #elternblog #elternblogger #familienleben #liebe #geborgenheit #blogger_de #zweiv\u00e4ter #twodads #gaydads #regenbogenfamilie #lebenmitkind #pflegekind #pflegeeltern #papiblogt #dreim\u00e4nner<\/a><\/p>\n<p style=\"color: #c9c8cd; font-family: Arial,sans-serif; font-size: 14px; line-height: 17px; margin-bottom: 0; margin-top: 8px; overflow: hidden; padding: 8px 0 7px; text-align: center; text-overflow: ellipsis; white-space: nowrap;\">Ein Beitrag geteilt von Kevin (@_papapi_) am <time style=\"font-family: Arial,sans-serif; font-size: 14px; line-height: 17px;\" datetime=\"2017-10-14T08:55:18+00:00\">14. Okt 2017 um 1:55 Uhr<\/time><\/p>\n<\/div>\n<\/blockquote>\n<p><script async defer src=\"\/\/platform.instagram.com\/en_US\/embeds.js\"><\/script><\/p>\n<p>Deutscher Blogger von Ehemann, Papi, Schauspieler und Blogger, Kevin, der seit September 2015 mit seinem Sohn unterwegs und sagt: \u00abHeute sind wir eine richtige Familie und denken sogar hin und wieder \u00fcber ein zweites Kind nach.\u00bb<\/p>\n<blockquote class=\"instagram-media\" style=\"background: #FFF; border: 0; border-radius: 3px; box-shadow: 0 0 1px 0 rgba(0,0,0,0.5),0 1px 10px 0 rgba(0,0,0,0.15); margin: 1px; max-width: 658px; padding: 0; width: calc(100% - 2px);\" data-instgrm-captioned=\"\" data-instgrm-version=\"7\">\n<div style=\"padding: 8px;\">\n<div style=\"background: #F8F8F8; line-height: 0; margin-top: 40px; padding: 50.0% 0; text-align: center; width: 100%;\"><\/div>\n<p style=\"margin: 8px 0 0 0; padding: 0 4px;\"><a style=\"color: #000; font-family: Arial,sans-serif; font-size: 14px; font-style: normal; font-weight: normal; line-height: 17px; text-decoration: none; word-wrap: break-word;\" href=\"https:\/\/www.instagram.com\/p\/BWvy40bFlIY\/\" target=\"_blank\" rel=\"noopener noreferrer\">Post-pool vibes.<\/a><\/p>\n<p style=\"color: #c9c8cd; font-family: Arial,sans-serif; font-size: 14px; line-height: 17px; margin-bottom: 0; margin-top: 8px; overflow: hidden; padding: 8px 0 7px; text-align: center; text-overflow: ellipsis; white-space: nowrap;\">Ein Beitrag geteilt von Frank Lowe (@gayathomedad) am <time style=\"font-family: Arial,sans-serif; font-size: 14px; line-height: 17px;\" datetime=\"2017-07-19T23:35:53+00:00\">19. Jul 2017 um 16:35 Uhr<\/time><\/p>\n<\/div>\n<\/blockquote>\n<p><script async defer src=\"\/\/platform.instagram.com\/en_US\/embeds.js\"><\/script><\/p>\n<p>Frank Lowe bloggt \u00fcber das Leben als \u00abGay-at-Home-Dad\u00bb und wurde in der Today-Show \u00fcber das Leben als alleinerziehender Vater interviewt. \u00abIch wurde gefragt: &#8218;Wo ist deine Frau?&#8216; und &#8218;Wo ist seine Mami?&#8217;\u00bb, erz\u00e4hlt Lowe. \u00abIch bin sehr schnell dabei zu sagen: Ich habe keine Frau und er hat keine Mami, und das ist es, was ich tue: ich bin ein Vater zu Hause.\u00bb<\/p>\n<blockquote class=\"instagram-media\" style=\"background: #FFF; border: 0; border-radius: 3px; box-shadow: 0 0 1px 0 rgba(0,0,0,0.5),0 1px 10px 0 rgba(0,0,0,0.15); margin: 1px; max-width: 658px; padding: 0; width: calc(100% - 2px);\" data-instgrm-captioned=\"\" data-instgrm-version=\"7\">\n<div style=\"padding: 8px;\">\n<div style=\"background: #F8F8F8; line-height: 0; margin-top: 40px; padding: 62.5% 0; text-align: center; width: 100%;\"><\/div>\n<p style=\"margin: 8px 0 0 0; padding: 0 4px;\"><a style=\"color: #000; font-family: Arial,sans-serif; font-size: 14px; font-style: normal; font-weight: normal; line-height: 17px; text-decoration: none; word-wrap: break-word;\" href=\"https:\/\/www.instagram.com\/p\/BaP0ZNUFBJn\/\" target=\"_blank\" rel=\"noopener noreferrer\">Little man is leading the way \ud83d\udc63. . . . . @bbbuffaloe #walking #twins#twodads#dads#gayswithkids#myson #littleman<\/a><\/p>\n<p style=\"color: #c9c8cd; font-family: Arial,sans-serif; font-size: 14px; line-height: 17px; margin-bottom: 0; margin-top: 8px; overflow: hidden; padding: 8px 0 7px; text-align: center; text-overflow: ellipsis; white-space: nowrap;\">Ein Beitrag geteilt von Dustin Patrick Smith (@dustin_patrick_smith) am <time style=\"font-family: Arial,sans-serif; font-size: 14px; line-height: 17px;\" datetime=\"2017-10-14T23:38:56+00:00\">14. Okt 2017 um 16:38 Uhr<\/time><\/p>\n<\/div>\n<\/blockquote>\n<p><script async defer src=\"\/\/platform.instagram.com\/en_US\/embeds.js\"><\/script><\/p>\n<p>Verheiratet seit Januar 2015, sind die beiden V\u00e4ter Dustin Patrick Smith und Burton Buffaloe aus North Carolina die Eltern der einj\u00e4hrigen Zwillinge Stone und Holland. Das Paar sagt, jeden Moment, die sie als Familie zusammen verbringen k\u00f6nnen, sei \u00abein St\u00fcck vom Himmel\u00bb.<\/p>\n<blockquote class=\"instagram-media\" style=\"background: #FFF; border: 0; border-radius: 3px; box-shadow: 0 0 1px 0 rgba(0,0,0,0.5),0 1px 10px 0 rgba(0,0,0,0.15); margin: 1px; max-width: 658px; padding: 0; width: calc(100% - 2px);\" data-instgrm-captioned=\"\" data-instgrm-version=\"7\">\n<div style=\"padding: 8px;\">\n<div style=\"background: #F8F8F8; line-height: 0; margin-top: 40px; padding: 50.0% 0; text-align: center; width: 100%;\"><\/div>\n<p style=\"margin: 8px 0 0 0; padding: 0 4px;\"><a style=\"color: #000; font-family: Arial,sans-serif; font-size: 14px; font-style: normal; font-weight: normal; line-height: 17px; text-decoration: none; word-wrap: break-word;\" href=\"https:\/\/www.instagram.com\/p\/BX5xHkDlXKG\/\" target=\"_blank\" rel=\"noopener noreferrer\">This is our family featured in the Fall\/winter 2017 Campaign for @acnestudios shot by @inezandvinoodh We&#8217;re the first Black LGBT family to represent a high fashion European clothing line.<\/a><\/p>\n<p style=\"color: #c9c8cd; font-family: Arial,sans-serif; font-size: 14px; line-height: 17px; margin-bottom: 0; margin-top: 8px; overflow: hidden; padding: 8px 0 7px; text-align: center; text-overflow: ellipsis; white-space: nowrap;\">Ein Beitrag geteilt von Kordale N Kaleb (@kordalenkaleb) am <time style=\"font-family: Arial,sans-serif; font-size: 14px; line-height: 17px;\" datetime=\"2017-08-17T17:04:13+00:00\">17. Aug 2017 um 10:04 Uhr<\/time><\/p>\n<\/div>\n<\/blockquote>\n<p><script async defer src=\"\/\/platform.instagram.com\/en_US\/embeds.js\"><\/script><\/p>\n<p>Ein Foto von Kordale Lewis und Kaleb Anthony, die ihren T\u00f6chtern beim K\u00e4mmen ihrer Haare helfen, ging 2014 viral. In diesem Herbst spielten die V\u00e4ter und ihre vier Kinder Desmiray, Maliyah, Kordale Junior und Kaleb Junior in einer neuen Kampagne f\u00fcr das schwedische Bekleidungsunternehmen Acne Studios mit.<\/p>\n<blockquote class=\"instagram-media\" style=\"background: #FFF; border: 0; border-radius: 3px; box-shadow: 0 0 1px 0 rgba(0,0,0,0.5),0 1px 10px 0 rgba(0,0,0,0.15); margin: 1px; max-width: 658px; padding: 0; width: calc(100% - 2px);\" data-instgrm-captioned=\"\" data-instgrm-version=\"7\">\n<div style=\"padding: 8px;\">\n<div style=\"background: #F8F8F8; line-height: 0; margin-top: 40px; padding: 54.120370370370374% 0; text-align: center; width: 100%;\"><\/div>\n<p style=\"margin: 8px 0 0 0; padding: 0 4px;\"><a style=\"color: #000; font-family: Arial,sans-serif; font-size: 14px; font-style: normal; font-weight: normal; line-height: 17px; text-decoration: none; word-wrap: break-word;\" href=\"https:\/\/www.instagram.com\/p\/BYJJEEaA2GR\/\" target=\"_blank\" rel=\"noopener noreferrer\">Beach time cuddles &#8230; I&#8217;m the luckiest dad. #beach #sea #cuddle #cuddles #hug #fatherson #fathersontime #qualitytime #vacation #holiday #holidays #summer #israel #gaydad #dadsofinstagram<\/a><\/p>\n<p style=\"color: #c9c8cd; font-family: Arial,sans-serif; font-size: 14px; line-height: 17px; margin-bottom: 0; margin-top: 8px; overflow: hidden; padding: 8px 0 7px; text-align: center; text-overflow: ellipsis; white-space: nowrap;\">Ein Beitrag geteilt von Tuvia Borok (@iamtuvia) am <time style=\"font-family: Arial,sans-serif; font-size: 14px; line-height: 17px;\" datetime=\"2017-08-23T16:22:04+00:00\">23. Aug 2017 um 9:22 Uhr<\/time><\/p>\n<\/div>\n<\/blockquote>\n<p><script async defer src=\"\/\/platform.instagram.com\/en_US\/embeds.js\"><\/script><\/p>\n<p>Der alleinerziehede Tuvia Borok ist der Mitbegr\u00fcnder von \u00abProud Professional Parents\u00bb, einer Selbsthilfegruppe und einem Bildungsnetzwerk f\u00fcr LGBT-Eltern und alle, deren Familie nicht traditionell ist.<\/p>\n<blockquote class=\"instagram-media\" style=\"background: #FFF; border: 0; border-radius: 3px; box-shadow: 0 0 1px 0 rgba(0,0,0,0.5),0 1px 10px 0 rgba(0,0,0,0.15); margin: 1px; max-width: 658px; padding: 0; width: calc(100% - 2px);\" data-instgrm-captioned=\"\" data-instgrm-version=\"7\">\n<div style=\"padding: 8px;\">\n<div style=\"background: #F8F8F8; line-height: 0; margin-top: 40px; padding: 50% 0; text-align: center; width: 100%;\"><\/div>\n<p style=\"margin: 8px 0 0 0; padding: 0 4px;\"><a style=\"color: #000; font-family: Arial,sans-serif; font-size: 14px; font-style: normal; font-weight: normal; line-height: 17px; text-decoration: none; word-wrap: break-word;\" href=\"https:\/\/www.instagram.com\/p\/BYpI69KA08A\/\" target=\"_blank\" rel=\"noopener noreferrer\">Wanna know our &#8222;Cecret&#8220; for getting the kids to hike to this lake free of complaints? \u26f0\ufe0f Bribing them with frozen yogurt. \ud83c\udf67 We also let them pretend that they are Link and every tree stump is a place to put their &#8222;Sheikah slate&#8220; since their newest obsession is Zelda. \ud83c\udfae The blame for getting them hooked on that falls entirely on Rob. Hope every one had a great Labor Day weekend! \ud83d\ude0e<\/a><\/p>\n<p style=\"color: #c9c8cd; font-family: Arial,sans-serif; font-size: 14px; line-height: 17px; margin-bottom: 0; margin-top: 8px; overflow: hidden; padding: 8px 0 7px; text-align: center; text-overflow: ellipsis; white-space: nowrap;\">Ein Beitrag geteilt von Devon &amp; Rob (@dadsnotdaddies) am <time style=\"font-family: Arial,sans-serif; font-size: 14px; line-height: 17px;\" datetime=\"2017-09-05T02:36:31+00:00\">4. Sep 2017 um 19:36 Uhr<\/time><\/p>\n<\/div>\n<\/blockquote>\n<p><script async defer src=\"\/\/platform.instagram.com\/en_US\/embeds.js\"><\/script><\/p>\n<p>Zus\u00e4tzlich zur Erziehung ihrer beiden S\u00f6hne, arbeiten Devon Gibby und Rob Zimmerman ehrenamtlich als LGBT-Jugend Mentoren. Vor kurzem haben sie geholfen, das \u00abEncircle Resource Center\u00bb zu errichten, das in Provo, Utah, einen sicheren Platz f\u00fcr queere Jugendliche bietet.<\/p>\n<blockquote class=\"instagram-media\" style=\"background: #FFF; border: 0; border-radius: 3px; box-shadow: 0 0 1px 0 rgba(0,0,0,0.5),0 1px 10px 0 rgba(0,0,0,0.15); margin: 1px; max-width: 658px; padding: 0; width: calc(100% - 2px);\" data-instgrm-captioned=\"\" data-instgrm-version=\"7\">\n<div style=\"padding: 8px;\">\n<div style=\"background: #F8F8F8; line-height: 0; margin-top: 40px; padding: 62.5% 0; text-align: center; width: 100%;\"><\/div>\n<p style=\"margin: 8px 0 0 0; padding: 0 4px;\"><a style=\"color: #000; font-family: Arial,sans-serif; font-size: 14px; font-style: normal; font-weight: normal; line-height: 17px; text-decoration: none; word-wrap: break-word;\" href=\"https:\/\/www.instagram.com\/p\/BXdyWkolKnC\/\" target=\"_blank\" rel=\"noopener noreferrer\">He definitely knows how to find his light! \ud83d\ude02\ud83d\ude02\ud83d\ude02 I wonder who taught him?!?!? \ud83d\udc40<\/a><\/p>\n<p style=\"color: #c9c8cd; font-family: Arial,sans-serif; font-size: 14px; line-height: 17px; margin-bottom: 0; margin-top: 8px; overflow: hidden; padding: 8px 0 7px; text-align: center; text-overflow: ellipsis; white-space: nowrap;\">Ein Beitrag geteilt von TheRealDadsofNewYork (@therealdadsofnewyork) am <time style=\"font-family: Arial,sans-serif; font-size: 14px; line-height: 17px;\" datetime=\"2017-08-06T20:16:16+00:00\">6. Aug 2017 um 13:16 Uhr<\/time><\/p>\n<\/div>\n<\/blockquote>\n<p><script async defer src=\"\/\/platform.instagram.com\/en_US\/embeds.js\"><\/script><\/p>\n<p>Online bekannt als \u00abThe Real Dads of New York\u00bb, kannten sich Richard und Carlos Seigler-Carter 14 Jahre lang, bevor sie 2015 heirateten. Ein Jahr sp\u00e4ter adoptierten sie ihren Sohn Timothy. Die drei Jungs leben in Brooklyn.<\/p>\n<p>&nbsp;<\/p>\n","protected":false},"excerpt":{"rendered":"<p>Liebevolle Familien zu sehen, die von queeren Eltern angef\u00fchrt werden, kann manchmal ein gutes Gegenmittel gegen die hasserf\u00fcllte Rhetorik sein, die teilweise gegen Regenbogenfamilien verwendet wird. <a class=\"g1-link g1-link-more\" href=\"https:\/\/alte.mannschaft.lgbt\/bimber\/sechs-regenbogen-vaeter-auf-instagram\/\">Weiterlesen<\/a><\/p>\n","protected":false},"author":1,"featured_media":37692,"comment_status":"open","ping_status":"open","sticky":false,"template":"","format":"standard","meta":[],"categories":[2],"tags":[],"wps_subtitle":"","_links":{"self":[{"href":"https:\/\/alte.mannschaft.lgbt\/bimber\/wp-json\/wp\/v2\/posts\/37691"}],"collection":[{"href":"https:\/\/alte.mannschaft.lgbt\/bimber\/wp-json\/wp\/v2\/posts"}],"about":[{"href":"https:\/\/alte.mannschaft.lgbt\/bimber\/wp-json\/wp\/v2\/types\/post"}],"author":[{"embeddable":true,"href":"https:\/\/alte.mannschaft.lgbt\/bimber\/wp-json\/wp\/v2\/users\/1"}],"replies":[{"embeddable":true,"href":"https:\/\/alte.mannschaft.lgbt\/bimber\/wp-json\/wp\/v2\/comments?post=37691"}],"version-history":[{"count":0,"href":"https:\/\/alte.mannschaft.lgbt\/bimber\/wp-json\/wp\/v2\/posts\/37691\/revisions"}],"wp:featuredmedia":[{"embeddable":true,"href":"https:\/\/alte.mannschaft.lgbt\/bimber\/wp-json\/wp\/v2\/media\/37692"}],"wp:attachment":[{"href":"https:\/\/alte.mannschaft.lgbt\/bimber\/wp-json\/wp\/v2\/media?parent=37691"}],"wp:term":[{"taxonomy":"category","embeddable":true,"href":"https:\/\/alte.mannschaft.lgbt\/bimber\/wp-json\/wp\/v2\/categories?post=37691"},{"taxonomy":"post_tag","embeddable":true,"href":"https:\/\/alte.mannschaft.lgbt\/bimber\/wp-json\/wp\/v2\/tags?post=37691"}],"curies":[{"name":"wp","href":"https:\/\/api.w.org\/{rel}","templated":true}]}}