{"id":37624,"date":"2017-10-19T10:33:39","date_gmt":"2017-10-19T08:33:39","guid":{"rendered":"https:\/\/mannschaft.com\/bimber\/2017\/10\/19\/irland-oeffnet-adoption-fuer-unverheiratete-paare\/"},"modified":"2017-10-19T10:33:39","modified_gmt":"2017-10-19T08:33:39","slug":"irland-oeffnet-adoption-fuer-unverheiratete-paare","status":"publish","type":"post","link":"https:\/\/alte.mannschaft.lgbt\/bimber\/irland-oeffnet-adoption-fuer-unverheiratete-paare\/","title":{"rendered":"Irland \u00f6ffnet Adoption f\u00fcr unverheiratete Paare"},"content":{"rendered":"<p><a href=\"http:\/\/www.mannschaft.com\/2015\/05\/vatikan-nennt-irlands-abstimmung-niederlage-fuer-die-menschheit\/\" target=\"_blank\" rel=\"noopener noreferrer\">Als im Mai 2015 in Irland die Ehe per Referendum ge\u00f6ffnet wurde, sprach der Vatikan von einer Niederlage<\/a>. Man m\u00fcsse die Realit\u00e4t ber\u00fccksichtigen, sagte Kardinal-Staatssekret\u00e4r Pietro Parolin und f\u00fcgte hinzu: \u00abIch glaube, man kann nicht nur von einer Niederlage der christlichen Prinzipien sondern von einer Niederlage f\u00fcr die Menschheit sprechen.\u00bb Nun hat die Katholische Kirche erneut Grund zu lamentieren.<\/p>\n<p>Irische Paare, die nicht verheiratet sind &#8211; egal ob hetero oder homo -, k\u00f6nnen sich ab sofort f\u00fcr die Adoption eines Kindes bewerben. Voraussetzung: Sie leben mindestens drei Jahre zusammen. Das gilt demnach auch f\u00fcr Homopaare, die eine eingetragene Partnerschaft eingegangen sind, diese aber nicht in eine Ehe umgewandelt haben.<\/p>\n<blockquote><p>Wir suchen immer Eltern f\u00fcr ein Kind &#8211; nicht umgekehrt<\/p><\/blockquote>\n<p>Die Leiterin der Adoptionsbeh\u00f6rde Patricia Carey nannte die Neuregelung einen \u00abwichtigen Meilenstein\u00bb und betonte, das Kindeswohl sei bei jeder Adoption das allerwichtigste. Sie wies daraufhin, dann man grunds\u00e4tzlich immer Eltern f\u00fcr ein Kind suche, nicht umgekehrt. <a href=\"http:\/\/www.mannschaft.com\/2017\/10\/erste-adoption-durch-schwule-eltern-in-berlin\/\" target=\"_blank\" rel=\"noopener noreferrer\">(Diese M\u00e4nner aus Berlin haben als erstes schwules Paar nach Inkrafttreten der Ehe\u00f6ffnung ihr Pflegekind adoptiert.)<\/a><\/p>\n<p>Bisher war es in Irland so, dass Kinder von verheirateten Eltern, die von diesen in Pflege gegeben wurden, nicht adoptiert werden konnten. Ein Kind konnte \u00fcber mehrere Jahre in einer Pflegefamilie leben, ohne formell adoptiert zu werden. Wie die Leiterin der Adoptionsbeh\u00f6rde erkl\u00e4rte, bestand nach dem 18. Geburtstag der Kinder keine gesetzliche Verwandtschaft mehr zu ihrer Pflegefamilie. Das sei nun vorbei.<\/p>\n","protected":false},"excerpt":{"rendered":"<p>Voraussetzung f\u00fcr eine Adoption ist jetzt: Ein Paar lebt mindestens drei Jahre zusammen. Adoptieren k\u00f6nnen auch Homopaare in eingetragener Partnerschaft, die diese nicht in eine Ehe umgewandelt haben. <a class=\"g1-link g1-link-more\" href=\"https:\/\/alte.mannschaft.lgbt\/bimber\/irland-oeffnet-adoption-fuer-unverheiratete-paare\/\">Weiterlesen<\/a><\/p>\n","protected":false},"author":1,"featured_media":37625,"comment_status":"open","ping_status":"open","sticky":false,"template":"","format":"standard","meta":[],"categories":[2],"tags":[5449,493,5509],"wps_subtitle":"","_links":{"self":[{"href":"https:\/\/alte.mannschaft.lgbt\/bimber\/wp-json\/wp\/v2\/posts\/37624"}],"collection":[{"href":"https:\/\/alte.mannschaft.lgbt\/bimber\/wp-json\/wp\/v2\/posts"}],"about":[{"href":"https:\/\/alte.mannschaft.lgbt\/bimber\/wp-json\/wp\/v2\/types\/post"}],"author":[{"embeddable":true,"href":"https:\/\/alte.mannschaft.lgbt\/bimber\/wp-json\/wp\/v2\/users\/1"}],"replies":[{"embeddable":true,"href":"https:\/\/alte.mannschaft.lgbt\/bimber\/wp-json\/wp\/v2\/comments?post=37624"}],"version-history":[{"count":0,"href":"https:\/\/alte.mannschaft.lgbt\/bimber\/wp-json\/wp\/v2\/posts\/37624\/revisions"}],"wp:featuredmedia":[{"embeddable":true,"href":"https:\/\/alte.mannschaft.lgbt\/bimber\/wp-json\/wp\/v2\/media\/37625"}],"wp:attachment":[{"href":"https:\/\/alte.mannschaft.lgbt\/bimber\/wp-json\/wp\/v2\/media?parent=37624"}],"wp:term":[{"taxonomy":"category","embeddable":true,"href":"https:\/\/alte.mannschaft.lgbt\/bimber\/wp-json\/wp\/v2\/categories?post=37624"},{"taxonomy":"post_tag","embeddable":true,"href":"https:\/\/alte.mannschaft.lgbt\/bimber\/wp-json\/wp\/v2\/tags?post=37624"}],"curies":[{"name":"wp","href":"https:\/\/api.w.org\/{rel}","templated":true}]}}