{"id":36131,"date":"2014-04-23T13:36:01","date_gmt":"2014-04-23T11:36:01","guid":{"rendered":"https:\/\/mannschaft.com\/bimber\/2014\/04\/23\/vargas-llosa-homophobie-und-diskriminierung-sind-barbarei\/"},"modified":"2014-04-23T13:36:01","modified_gmt":"2014-04-23T11:36:01","slug":"vargas-llosa-homophobie-und-diskriminierung-sind-barbarei","status":"publish","type":"post","link":"https:\/\/alte.mannschaft.lgbt\/bimber\/vargas-llosa-homophobie-und-diskriminierung-sind-barbarei\/","title":{"rendered":"Vargas Llosa: Homophobie und Diskriminierung sind \u00abBarbarei\u00bb"},"content":{"rendered":"<figure id=\"attachment_4390\" aria-describedby=\"caption-attachment-4390\" style=\"width: 300px\" class=\"wp-caption alignright\"><a href=\"http:\/\/www.mannschaft.com\/wp-content\/uploads\/2014\/04\/mario-vargas-llosa-gegen-homophobie.jpg\"><img data-expand=\"600\" decoding=\"async\" loading=\"lazy\" class=\"lazyload size-medium wp-image-4390\" alt=\"Vargas Llosa bezeichnete die Haltung der Bisch\u00f6fe in Peru als \u00abh\u00f6hlenmenschenartig\u00bb (\u00a9 Jordi Boixareu, CC BY-NC-ND 2.0)\" src=\"data:image\/svg+xml;charset=utf-8,%3Csvg xmlns%3D'http%3A%2F%2Fwww.w3.org%2F2000%2Fsvg' viewBox%3D'0 0 300 226'%2F%3E\" data-src=\"http:\/\/www.mannschaft.com\/wp-content\/uploads\/2014\/04\/mario-vargas-llosa-gegen-homophobie-300x226.jpg\" width=\"300\" height=\"226\" data-wp-pid=\"4390\" \/><\/a><figcaption id=\"caption-attachment-4390\" class=\"wp-caption-text\">Vargas Llosa bezeichnete die Haltung der Bisch\u00f6fe in Peru als \u00abh\u00f6hlenmenschenartig\u00bb <br \/>(\u00a9 Jordi Boixareu, CC BY-NC-ND 2.0)<\/figcaption><\/figure>\n<p><em>(dpa)<\/em> &#8211; Der peruanische Literaturnobelpreistr\u00e4ger Mario Vargas Llosa hat sich mit der Forderung nach mehr Rechten f\u00fcr Homosexuelle den \u00c4rger der katholischen Kirche seines Landes zugezogen. \u00abEr masst sich das Recht an, der W\u00e4chter des Gewissens anderer zu sein\u00bb, kritisierte die peruanische Bischofskonferenz am Montag (Orstzeit) in einer Erkl\u00e4rung in Lima. Er \u00fcberschreite damit seine Zust\u00e4ndigkeiten. In einer Zeitungskolumne hatte der 78 Jahre alte Autor sich zuvor f\u00fcr eine Gesetzesinitiative zur Einf\u00fchrung von ehe\u00e4hnlichen Lebenspartnerschaften f\u00fcr homosexuelle Paare in Peru stark gemacht.<\/p>\n<p><strong>Haltung der Kirche sei \u00abh\u00f6hlenmenschenartig\u00bb<\/strong><br \/>\nIn dem Artikel in der Zeitung \u00abLa Rep\u00fablica\u00bb hatte Vargas Llosa (\u00abDas Fest des Ziegenbocks\u00bb) Homophobie und die Diskriminierung von Schwulen und Lesben als \u00abBarbarei\u00bb bezeichnet. Die Haltung der Bisch\u00f6fe, die das Gesetz strikt ablehnen, kritisierte er als \u00abh\u00f6hlenmenschenartig\u00bb und \u00abkrass ignorant\u00bb. Der Gesetzesvorschlag geht von dem Mitte-Rechts-Abgeordneten Carlos Bruce aus. Gegner des Vorhabens argumentieren unter anderem, seine Initiative werde zwangsl\u00e4ufig zur Einf\u00fchrung der \u00abHomo-Ehe\u00bb in dem konservativ gepr\u00e4gten Andenland f\u00fchren.<\/p>\n","protected":false},"excerpt":{"rendered":"<p>(dpa) &#8211; Der peruanische Literaturnobelpreistr\u00e4ger Mario Vargas Llosa hat sich mit der Forderung nach mehr Rechten f\u00fcr Homosexuelle den \u00c4rger der katholischen Kirche seines Landes zugezogen. \u00abEr masst sich das Recht an, der W\u00e4chter des Gewissens anderer zu sein\u00bb, kritisierte die peruanische Bischofskonferenz am Montag (Orstzeit) in einer Erkl\u00e4rung in Lima. Er \u00fcberschreite damit seine [&hellip;] <a class=\"g1-link g1-link-more\" href=\"https:\/\/alte.mannschaft.lgbt\/bimber\/vargas-llosa-homophobie-und-diskriminierung-sind-barbarei\/\">Weiterlesen<\/a><\/p>\n","protected":false},"author":1,"featured_media":36132,"comment_status":"open","ping_status":"open","sticky":false,"template":"","format":"standard","meta":[],"categories":[2],"tags":[],"wps_subtitle":"","_links":{"self":[{"href":"https:\/\/alte.mannschaft.lgbt\/bimber\/wp-json\/wp\/v2\/posts\/36131"}],"collection":[{"href":"https:\/\/alte.mannschaft.lgbt\/bimber\/wp-json\/wp\/v2\/posts"}],"about":[{"href":"https:\/\/alte.mannschaft.lgbt\/bimber\/wp-json\/wp\/v2\/types\/post"}],"author":[{"embeddable":true,"href":"https:\/\/alte.mannschaft.lgbt\/bimber\/wp-json\/wp\/v2\/users\/1"}],"replies":[{"embeddable":true,"href":"https:\/\/alte.mannschaft.lgbt\/bimber\/wp-json\/wp\/v2\/comments?post=36131"}],"version-history":[{"count":0,"href":"https:\/\/alte.mannschaft.lgbt\/bimber\/wp-json\/wp\/v2\/posts\/36131\/revisions"}],"wp:featuredmedia":[{"embeddable":true,"href":"https:\/\/alte.mannschaft.lgbt\/bimber\/wp-json\/wp\/v2\/media\/36132"}],"wp:attachment":[{"href":"https:\/\/alte.mannschaft.lgbt\/bimber\/wp-json\/wp\/v2\/media?parent=36131"}],"wp:term":[{"taxonomy":"category","embeddable":true,"href":"https:\/\/alte.mannschaft.lgbt\/bimber\/wp-json\/wp\/v2\/categories?post=36131"},{"taxonomy":"post_tag","embeddable":true,"href":"https:\/\/alte.mannschaft.lgbt\/bimber\/wp-json\/wp\/v2\/tags?post=36131"}],"curies":[{"name":"wp","href":"https:\/\/api.w.org\/{rel}","templated":true}]}}