{"id":35449,"date":"2014-05-08T07:43:03","date_gmt":"2014-05-08T05:43:03","guid":{"rendered":"https:\/\/mannschaft.com\/bimber\/2014\/05\/08\/pride-sao-paulo-gegen-hassverbrechen\/"},"modified":"2014-05-08T07:43:03","modified_gmt":"2014-05-08T05:43:03","slug":"pride-sao-paulo-gegen-hassverbrechen","status":"publish","type":"post","link":"https:\/\/alte.mannschaft.lgbt\/bimber\/pride-sao-paulo-gegen-hassverbrechen\/","title":{"rendered":"Pride S\u00e3o Paulo gegen Hassverbrechen"},"content":{"rendered":"<p><figure id=\"attachment_4487\" aria-describedby=\"caption-attachment-4487\" style=\"width: 300px\" class=\"wp-caption alignright\"><a href=\"http:\/\/www.mannschaft.com\/wp-content\/uploads\/2014\/05\/pride-sao-paulo.jpg\"><img data-expand=\"600\" decoding=\"async\" loading=\"lazy\" src=\"data:image\/svg+xml;charset=utf-8,%3Csvg xmlns%3D'http%3A%2F%2Fwww.w3.org%2F2000%2Fsvg' viewBox%3D'0 0 300 226'%2F%3E\" data-src=\"http:\/\/www.mannschaft.com\/wp-content\/uploads\/2014\/05\/pride-sao-paulo-300x226.jpg\" alt=\"Die Pride in Sao Paulo ist eine der ersten der Pridesaison 2014. (Bild: Bill Tavener, CC BY 2.0)\" width=\"300\" height=\"226\" class=\"lazyload size-medium wp-image-4487\" data-wp-pid=\"4487\" \/><\/a><figcaption id=\"caption-attachment-4487\" class=\"wp-caption-text\">Die Pride in S\u00e3o Paulo ist eine der ersten der Pridesaison 2014. (Bild: Bill Tavener, CC BY 2.0)<\/figcaption><\/figure>(dpa) &#8211; Tausende brasilianische Schwule und Lesben haben in S\u00e3o Paulo gegen sogenannte Hassverbrechen wegen sexueller Orientierung demonstriert. In fantasievollen Kost\u00fcmen und zu Samba-Kl\u00e4ngen zogen sie letzten Sonntag durch die Innenstadt der Metropole. \u00abNicht mehr Morde\u00bb, war auf einigen Transparenten zu lesen. Auf anderen stand: \u00abBestrafung, jetzt!\u00bb<\/p>\n<p>Nach Angaben eines Schwulenverbands aus Bah\u00eda wurden im vergangenen Jahr 312 Homosexuelle in Brasilien get\u00f6tet. \u00abHomophobie muss bestraft werden. Niemand h\u00e4lt die Verbrechen gegen Schwule mehr aus\u00bb, sagte der Organisator der \u00abGay Pride\u00bb-Parade, Fernando Quaresma.<\/p>\n<p>Die Kommission f\u00fcr Gerechtigkeit und Frieden der Erzdi\u00f6zese von S\u00e3o Paulo unterst\u00fctzte den Marsch. Alle Christen sollten sich daf\u00fcr einsetzen, die Ungerechtigkeiten gegen\u00fcber Homosexuellen zu \u00fcberwinden, hiess es in einer Stellungnahme.<\/p>\n","protected":false},"excerpt":{"rendered":"<p>(dpa) &#8211; Tausende brasilianische Schwule und Lesben haben in S\u00e3o Paulo gegen sogenannte Hassverbrechen wegen sexueller Orientierung demonstriert. In fantasievollen Kost\u00fcmen und zu Samba-Kl\u00e4ngen zogen sie letzten Sonntag durch die Innenstadt der Metropole. \u00abNicht mehr Morde\u00bb, war auf einigen Transparenten zu lesen. Auf anderen stand: \u00abBestrafung, jetzt!\u00bb Nach Angaben eines Schwulenverbands aus Bah\u00eda wurden im [&hellip;] <a class=\"g1-link g1-link-more\" href=\"https:\/\/alte.mannschaft.lgbt\/bimber\/pride-sao-paulo-gegen-hassverbrechen\/\">Weiterlesen<\/a><\/p>\n","protected":false},"author":1,"featured_media":35450,"comment_status":"open","ping_status":"open","sticky":false,"template":"","format":"standard","meta":[],"categories":[2],"tags":[],"wps_subtitle":"","_links":{"self":[{"href":"https:\/\/alte.mannschaft.lgbt\/bimber\/wp-json\/wp\/v2\/posts\/35449"}],"collection":[{"href":"https:\/\/alte.mannschaft.lgbt\/bimber\/wp-json\/wp\/v2\/posts"}],"about":[{"href":"https:\/\/alte.mannschaft.lgbt\/bimber\/wp-json\/wp\/v2\/types\/post"}],"author":[{"embeddable":true,"href":"https:\/\/alte.mannschaft.lgbt\/bimber\/wp-json\/wp\/v2\/users\/1"}],"replies":[{"embeddable":true,"href":"https:\/\/alte.mannschaft.lgbt\/bimber\/wp-json\/wp\/v2\/comments?post=35449"}],"version-history":[{"count":0,"href":"https:\/\/alte.mannschaft.lgbt\/bimber\/wp-json\/wp\/v2\/posts\/35449\/revisions"}],"wp:featuredmedia":[{"embeddable":true,"href":"https:\/\/alte.mannschaft.lgbt\/bimber\/wp-json\/wp\/v2\/media\/35450"}],"wp:attachment":[{"href":"https:\/\/alte.mannschaft.lgbt\/bimber\/wp-json\/wp\/v2\/media?parent=35449"}],"wp:term":[{"taxonomy":"category","embeddable":true,"href":"https:\/\/alte.mannschaft.lgbt\/bimber\/wp-json\/wp\/v2\/categories?post=35449"},{"taxonomy":"post_tag","embeddable":true,"href":"https:\/\/alte.mannschaft.lgbt\/bimber\/wp-json\/wp\/v2\/tags?post=35449"}],"curies":[{"name":"wp","href":"https:\/\/api.w.org\/{rel}","templated":true}]}}