{"id":35391,"date":"2014-04-24T12:30:04","date_gmt":"2014-04-24T10:30:04","guid":{"rendered":"https:\/\/mannschaft.com\/bimber\/2014\/04\/24\/michael-hasenfratz-gibt-nicht-auf\/"},"modified":"2024-09-20T10:17:18","modified_gmt":"2024-09-20T08:17:18","slug":"michael-hasenfratz-gibt-nicht-auf","status":"publish","type":"post","link":"https:\/\/alte.mannschaft.lgbt\/bimber\/michael-hasenfratz-gibt-nicht-auf\/","title":{"rendered":"Michael Hasenfratz gibt nicht auf"},"content":{"rendered":"<h3>Der Schweizer S\u00e4nger Michael Hasenfratz nimmt am 26.04.2014 als einer von f\u00fcnf Newcomern an der Sendung \u00abHello Again! \u2013 Die Pop-Schlager Show\u00bb des SRF teil. Sie alle interpretieren neu arrangierte Evergreens in der Bodensee-Arena.<\/h3>\n<figure id=\"attachment_4406\" aria-describedby=\"caption-attachment-4406\" style=\"width: 300px\" class=\"wp-caption alignright\"><a href=\"http:\/\/www.mannschaft.com\/wp-content\/uploads\/2014\/04\/michael-hasenfratz.jpg\"><img data-expand=\"600\" decoding=\"async\" loading=\"lazy\" class=\"lazyload size-medium wp-image-4406\" src=\"data:image\/svg+xml;charset=utf-8,%3Csvg xmlns%3D'http%3A%2F%2Fwww.w3.org%2F2000%2Fsvg' viewBox%3D'0 0 300 226'%2F%3E\" data-src=\"http:\/\/www.mannschaft.com\/wp-content\/uploads\/2014\/04\/michael-hasenfratz-300x226.jpg\" alt=\"Michael Hasenfratz tritt am 26. April auf SRF 1 auf.\" width=\"300\" height=\"226\" data-wp-pid=\"4406\" \/><\/a><figcaption id=\"caption-attachment-4406\" class=\"wp-caption-text\">Michael Hasenfratz tritt am 26. April auf SRF 1 auf.<\/figcaption><\/figure>\n<p>Der 28-j\u00e4hrige S\u00e4nger ver\u00f6ffentlichte letztes Jahr den Mundarttitel \u00abDini W\u00e4lt\u00bb und wollte damit die Schweiz am Eurovision Song Contest vertreten. Dass er nicht gew\u00e4hlt wurde entmutigte ihn nicht. Am 26.04. k\u00e4mpfen er und vier weitere Newcomer um den Sieg bei \u00abHello Again!\u00bb. In zwei Abstimmrunden entscheidet das Publikum, wer den Sieg davon tr\u00e4gt. \u00abIch bin schon so gl\u00fccklich, \u00fcberhaupt bei der Show mitmachen zu d\u00fcrfen. Der Finaleinzug oder der Sieg w\u00e4ren nur noch das Sahneh\u00e4ubchen\u00bb, sagt Michael.<\/p>\n<p><strong>\u00abEs gibt erfolgreiche Schlagers\u00e4nger, die auch geoutet sind.\u00bb <\/strong><br \/>\nMichael ist in Wil SG geboren und wuchs in Bronschhofen auf. Trotz abgeschlossenem BWL-Studium und Festanstellung in der Schweiz hat er sich 2010 dazu entschieden, in Berlin eine Musikerkarriere zu starten. Mit Jobs in Museen oder als Stimmbildner und gelegentlichen Auftritten verdient er seinen Unterhalt und feilt daneben an seiner Karriere. Vor kurzem wurde sein Erstlingswerk \u00abDini W\u00e4lt\u00bb auf iTunes ver\u00f6ffentlicht. Ende des Jahres soll ein Album erscheinen. \u00abNat\u00fcrlich hoffe ich, dass ich durch die Show Leute finde, die mich bei meinem Album unterst\u00fctzen m\u00f6chten. Der Idealfall w\u00e4re, dass ein Produzent auf mich aufmerksam wird\u00bb, so Michael.<\/p>\n<p>Dass die Schlagerwelt zu konservativ ist f\u00fcr schwule S\u00e4nger glaubt Michael nicht: \u00abIch finde es sehr wichtig, dass Menschen des \u00f6ffentlichen Lebens ihre Sexualit\u00e4t nicht verleugnen. Nur so k\u00f6nnen wir es schaffen, dass der Anblick von gleichgeschlechtlichen Paaren in der \u00d6ffentlichkeit ganz normal wird. Und interessanterweise ist dies im Schlager heutzutage schon der Fall. Es gibt erfolgreiche Schlagers\u00e4nger, die auch geoutet sind.\u00bb<\/p>\n<p><em>\u00abHello Again! \u2013 Die Pop-Schlager Show\u00bb l\u00e4uft am Samstag, 26. April, um 20.10 Uhr auf SRF 1. W\u00e4hrend der Show k\u00f6nnen Leute f\u00fcr die jeweiligen Beitr\u00e4ge abstimmen.<br \/>\nMichaels Website: <a href=\"http:\/\/hasenfratz.info\" target=\"_blank\" rel=\"noopener\">hasenfratz.info<\/a><\/em><\/p>\n<p><iframe loading=\"lazy\" src=\"\/\/www.youtube.com\/embed\/UOdg_osrnUc\" width=\"560\" height=\"315\" frameborder=\"0\" allowfullscreen=\"allowfullscreen\"><\/iframe><\/p>\n","protected":false},"excerpt":{"rendered":"<p>Der Schweizer S\u00e4nger Michael Hasenfratz nimmt am 26.04.2014 als einer von f\u00fcnf Newcomern an der Sendung \u00abHello Again! \u2013 Die Pop-Schlager Show\u00bb des SRF teil. Sie alle interpretieren neu arrangierte Evergreens in der Bodensee-Arena. Der 28-j\u00e4hrige S\u00e4nger ver\u00f6ffentlichte letztes Jahr den Mundarttitel \u00abDini W\u00e4lt\u00bb und wollte damit die Schweiz am Eurovision Song Contest vertreten. Dass [&hellip;] <a class=\"g1-link g1-link-more\" href=\"https:\/\/alte.mannschaft.lgbt\/bimber\/michael-hasenfratz-gibt-nicht-auf\/\">Weiterlesen<\/a><\/p>\n","protected":false},"author":1,"featured_media":35392,"comment_status":"open","ping_status":"open","sticky":false,"template":"","format":"standard","meta":[],"categories":[346],"tags":[],"wps_subtitle":"","_links":{"self":[{"href":"https:\/\/alte.mannschaft.lgbt\/bimber\/wp-json\/wp\/v2\/posts\/35391"}],"collection":[{"href":"https:\/\/alte.mannschaft.lgbt\/bimber\/wp-json\/wp\/v2\/posts"}],"about":[{"href":"https:\/\/alte.mannschaft.lgbt\/bimber\/wp-json\/wp\/v2\/types\/post"}],"author":[{"embeddable":true,"href":"https:\/\/alte.mannschaft.lgbt\/bimber\/wp-json\/wp\/v2\/users\/1"}],"replies":[{"embeddable":true,"href":"https:\/\/alte.mannschaft.lgbt\/bimber\/wp-json\/wp\/v2\/comments?post=35391"}],"version-history":[{"count":1,"href":"https:\/\/alte.mannschaft.lgbt\/bimber\/wp-json\/wp\/v2\/posts\/35391\/revisions"}],"predecessor-version":[{"id":206451,"href":"https:\/\/alte.mannschaft.lgbt\/bimber\/wp-json\/wp\/v2\/posts\/35391\/revisions\/206451"}],"wp:featuredmedia":[{"embeddable":true,"href":"https:\/\/alte.mannschaft.lgbt\/bimber\/wp-json\/wp\/v2\/media\/35392"}],"wp:attachment":[{"href":"https:\/\/alte.mannschaft.lgbt\/bimber\/wp-json\/wp\/v2\/media?parent=35391"}],"wp:term":[{"taxonomy":"category","embeddable":true,"href":"https:\/\/alte.mannschaft.lgbt\/bimber\/wp-json\/wp\/v2\/categories?post=35391"},{"taxonomy":"post_tag","embeddable":true,"href":"https:\/\/alte.mannschaft.lgbt\/bimber\/wp-json\/wp\/v2\/tags?post=35391"}],"curies":[{"name":"wp","href":"https:\/\/api.w.org\/{rel}","templated":true}]}}