{"id":35203,"date":"2014-01-31T08:59:17","date_gmt":"2014-01-31T07:59:17","guid":{"rendered":"https:\/\/mannschaft.com\/bimber\/2014\/01\/31\/checkpoint-zuerich-wird-groesser\/"},"modified":"2014-01-31T08:59:17","modified_gmt":"2014-01-31T07:59:17","slug":"checkpoint-zuerich-wird-groesser","status":"publish","type":"post","link":"https:\/\/alte.mannschaft.lgbt\/bimber\/checkpoint-zuerich-wird-groesser\/","title":{"rendered":"Checkpoint Z\u00fcrich wird gr\u00f6sser"},"content":{"rendered":"<p><strong>Der Checkpoint Z\u00fcrich zieht um und bietet ab Sonntag, 2. Februar 2014 den Ma\u0308nnern fast doppelt so viel Platz wie bisher. Der Checkpoint bleibt an der gleichen Adresse, ist neu aber im 1. Stock vorzufinden.<\/strong><\/p>\n<p><figure id=\"attachment_4082\" aria-describedby=\"caption-attachment-4082\" style=\"width: 332px\" class=\"wp-caption alignright\"><a href=\"http:\/\/www.mannschaft.com\/wp-content\/uploads\/2014\/01\/checkpoint-zurich.jpg\"><img data-expand=\"600\" decoding=\"async\" loading=\"lazy\" src=\"data:image\/svg+xml;charset=utf-8,%3Csvg xmlns%3D'http%3A%2F%2Fwww.w3.org%2F2000%2Fsvg' viewBox%3D'0 0 332 227'%2F%3E\" data-src=\"http:\/\/www.mannschaft.com\/wp-content\/uploads\/2014\/01\/checkpoint-zurich.jpg\" alt=\"Ab 2. Februar im ersten Stock: Checkpoint Z\u00fcrich.\" width=\"332\" height=\"227\" class=\"lazyload size-full wp-image-4082\" data-wp-pid=\"4082\" \/><\/a><figcaption id=\"caption-attachment-4082\" class=\"wp-caption-text\">Ab 2. Februar im ersten Stock: Checkpoint Z\u00fcrich.<\/figcaption><\/figure>Gem\u00e4ss einer Medienmitteilung der Z\u00fcrcher Aids-Hilfe kann dank neuen und gro\u0308sseren Praxisra\u0308umlichkeiten das Angebot und die Pra\u0308senzzeiten den Bedu\u0308rfnissen der Klienten angepasst werden. 2006 ins Leben gerufen war der Checkpoint anf\u00e4nglich nur sechs Stunden in der Woche ge\u00f6ffnet. Die g\u00fcnstige Lage direkt am Hauptbahnhof sowie das innovative Konzept als Gesundheitszentrum f\u00fcr schwule M\u00e4nner liess die Nachfrage stetig ansteigen. Heute ist der Checkpoint Z\u00fcrich 42 Stunden die Woche ge\u00f6ffnet.<\/p>\n<p><em>Checkpoint Z\u00fcrich<br \/>\nKonradstrasse 1, gleich beim Hauptbahnhof, Haltestelle Sihlquai, neu im 1. Stock.<\/em><\/p>\n<p><strong>O\u0308ffnungszeiten Checkpoint Z\u00fcrich<\/strong><br \/>\nSonntag: 16:00 bis 20:00 Uhr<br \/>\nMontag: 14:00 bis 20:00 Uhr<br \/>\nDienstag\/Donnerstag: 09:00 bis 17:00 Uhr<br \/>\nMittwoch\/Freitag: 12:00 bis 20:00 Uhr<\/p>\n","protected":false},"excerpt":{"rendered":"<p>Der Checkpoint Z\u00fcrich zieht um und bietet ab Sonntag, 2. Februar 2014 den Ma\u0308nnern fast doppelt so viel Platz wie bisher. Der Checkpoint bleibt an der gleichen Adresse, ist neu aber im 1. Stock vorzufinden. Gem\u00e4ss einer Medienmitteilung der Z\u00fcrcher Aids-Hilfe kann dank neuen und gro\u0308sseren Praxisra\u0308umlichkeiten das Angebot und die Pra\u0308senzzeiten den Bedu\u0308rfnissen der [&hellip;] <a class=\"g1-link g1-link-more\" href=\"https:\/\/alte.mannschaft.lgbt\/bimber\/checkpoint-zuerich-wird-groesser\/\">Weiterlesen<\/a><\/p>\n","protected":false},"author":1,"featured_media":35204,"comment_status":"open","ping_status":"open","sticky":false,"template":"","format":"standard","meta":[],"categories":[2],"tags":[],"wps_subtitle":"","_links":{"self":[{"href":"https:\/\/alte.mannschaft.lgbt\/bimber\/wp-json\/wp\/v2\/posts\/35203"}],"collection":[{"href":"https:\/\/alte.mannschaft.lgbt\/bimber\/wp-json\/wp\/v2\/posts"}],"about":[{"href":"https:\/\/alte.mannschaft.lgbt\/bimber\/wp-json\/wp\/v2\/types\/post"}],"author":[{"embeddable":true,"href":"https:\/\/alte.mannschaft.lgbt\/bimber\/wp-json\/wp\/v2\/users\/1"}],"replies":[{"embeddable":true,"href":"https:\/\/alte.mannschaft.lgbt\/bimber\/wp-json\/wp\/v2\/comments?post=35203"}],"version-history":[{"count":0,"href":"https:\/\/alte.mannschaft.lgbt\/bimber\/wp-json\/wp\/v2\/posts\/35203\/revisions"}],"wp:featuredmedia":[{"embeddable":true,"href":"https:\/\/alte.mannschaft.lgbt\/bimber\/wp-json\/wp\/v2\/media\/35204"}],"wp:attachment":[{"href":"https:\/\/alte.mannschaft.lgbt\/bimber\/wp-json\/wp\/v2\/media?parent=35203"}],"wp:term":[{"taxonomy":"category","embeddable":true,"href":"https:\/\/alte.mannschaft.lgbt\/bimber\/wp-json\/wp\/v2\/categories?post=35203"},{"taxonomy":"post_tag","embeddable":true,"href":"https:\/\/alte.mannschaft.lgbt\/bimber\/wp-json\/wp\/v2\/tags?post=35203"}],"curies":[{"name":"wp","href":"https:\/\/api.w.org\/{rel}","templated":true}]}}