{"id":34762,"date":"2017-10-20T08:59:54","date_gmt":"2017-10-20T06:59:54","guid":{"rendered":"https:\/\/mannschaft.com\/bimber\/2017\/10\/20\/berlin-demonstriert-gegen-hass-und-rassismus-im-bundestag\/"},"modified":"2018-09-24T11:19:06","modified_gmt":"2018-09-24T09:19:06","slug":"berlin-demonstriert-gegen-hass-und-rassismus-im-bundestag","status":"publish","type":"post","link":"https:\/\/alte.mannschaft.lgbt\/bimber\/berlin-demonstriert-gegen-hass-und-rassismus-im-bundestag\/","title":{"rendered":"Berlin demonstriert gegen Hass und Rassismus im Bundestag"},"content":{"rendered":"<p>Am 24. Oktober tritt der neu gew\u00e4hlte Bundestag zum ersten Mal zusammen. Dieser Tag ist eine Z\u00e4sur: Denn mit den Mitglieder der neuen AfD-Fraktion zieht eine unberechenbare, radikale und <a href=\"http:\/\/www.mannschaft.com\/2017\/09\/afd-schwul-15-gute-gruende-sie-nicht-zu-waehlen\/\" target=\"_blank\" rel=\"noopener noreferrer\">auch zutiefst homophobe<\/a> Partei Platz ins Parlament ein.<\/p>\n<p>Die Parteiprogrammatik wie auch zahlreiche \u00c4u\u00dferungen von AfD-Politikern zeigen, dass f\u00fcr die Rechtspopulisten Schwule, Lesben, Bisexuelle, trans- und intergeschlechtliche Menschen nicht gleichwertig sind. Die Familien-, Bildungs- und Gleichstellungspolitik der AfD ist &#8222;ein kaum verh\u00fcllter Frontalangriff auf Emanzipationserfolge und gesellschaftliche Liberalisierung&#8220;, warnt der LSVD, der neben Verb\u00e4nden und Gruppierungen wie dem D<span class=\"_4n-j _3cht fsl\" data-testid=\"event-permalink-details\"><span class=\"text_exposed_show\">GB und Demokratie in Bewegung eine f\u00fcr Sonntag geplante Gro\u00dfdemonstration unterst\u00fctzt. Organisiert wird sie von Ali Can, Avaaz, Campact und Breaking the Ice.<br \/>\n<\/span><\/span><\/p>\n<blockquote><p>Mit schrillen T\u00f6nen soll die Hetze gegen LGBTI, Fl\u00fcchtlinge und Andersdenkende zum Volkswillen erkl\u00e4rt werden<\/p><\/blockquote>\n<p><span class=\"_4n-j _3cht fsl\" data-testid=\"event-permalink-details\"><span class=\"text_exposed_show\">Vom Redepult im Reichstag drohten, Fremdenfeindlichkeit und Rassismus, Hass und Ressentiments gesch\u00fcrt zu werden, hei\u00dft es in dem Aufruf zur Demo weiter. &#8222;<\/span><\/span>Mit schrillen T\u00f6nen soll die Hetze gegen LSBTI, Fl\u00fcchtlinge, Migranten und Andersdenkende zum Volkswillen erkl\u00e4rt werden. Andere Parteien k\u00f6nnten dem Rechtsruck folgen&#8220;, teilte der LSVD mit.<\/p>\n<p><strong>Demo gegen Hass: Tausende haben zugesagt<\/strong><\/p>\n<p><span class=\"_4n-j _3cht fsl\" data-testid=\"event-permalink-details\"><a href=\"https:\/\/www.facebook.com\/events\/460475234336323\/\" target=\"_blank\" rel=\"noopener noreferrer\">&#8222;Das Wahlergebnis hat eine Schockwelle durch ganz Deutschland geschickt&#8220;, teilen die Organisatoren auf Facebook mit:<\/a> &#8222;Das Ergebnis tat weh, aber direkt danach ist etwas Wunderbares passiert: Tausende haben sich spontan zu dieser Veranstaltung angemeldet, um ein Zeichen GEGEN Rassismus und F\u00dcR ein vielf\u00e4ltiges Deutschland zu setzen. Das zeigt: Der Weckruf<span class=\"text_exposed_show\"> ist angekommen &#8211; lasst uns jetzt etwas Riesengro\u00dfes daraus machen!&#8220; Bisher haben sich \u00fcber 3.000 Menschen via Facebook angek\u00fcndigt.<br \/>\n<\/span><\/span><\/p>\n<p><a href=\"https:\/\/www.startnext.com\/gegen-rassismus-im-bundestag\" target=\"_blank\" rel=\"noopener noreferrer\">F\u00fcr die Demo und die anschlie\u00dfende Party, bei der Culcha Candela auftreten, sammelt Organisator Ali Can noch Geld, um B\u00fchne und Technik finanzieren zu k\u00f6nnen.<\/a><\/p>\n<p><strong>Entschlossener Widerstand<\/strong><\/p>\n<p>Am 22. Oktober, dem Sonntag vor der ersten Sitzung des neuen Bundestags, werde man den Bundestag mit vielen tausenden Menschen jeder politischen Richtung, jeden Alters und jeder Herkunft umschlie\u00dfen, um klarzumachen: &#8222;Wer in den n\u00e4chsten vier Jahren den Bundestag als B\u00fchne f\u00fcr Rassismus, Diskriminierung und Geschichtsverf\u00e4lschung verwendet, trifft auf unseren entschlossenen Widerstand.&#8220;<\/p>\n<p><em><strong>Sonntag, 22. Oktober, 12 Uhr<br \/>\nBrandenburger Tor &#8211; Platz des 18. M\u00e4rz<\/strong><\/em><\/p>\n","protected":false},"excerpt":{"rendered":"<p>Mit der AfD nimmt am Dienstag eine unberechenbare und auch zutiefst homophobe Partei Platz im Parlament &#8211; eine Gefahr f\u00fcr Emanzipationserfolge und gesellschaftliche Liberalisierung. <a class=\"g1-link g1-link-more\" href=\"https:\/\/alte.mannschaft.lgbt\/bimber\/berlin-demonstriert-gegen-hass-und-rassismus-im-bundestag\/\">Weiterlesen<\/a><\/p>\n","protected":false},"author":1,"featured_media":34763,"comment_status":"open","ping_status":"open","sticky":false,"template":"","format":"standard","meta":[],"categories":[3],"tags":[5459,5538,5544,5461],"wps_subtitle":"","_links":{"self":[{"href":"https:\/\/alte.mannschaft.lgbt\/bimber\/wp-json\/wp\/v2\/posts\/34762"}],"collection":[{"href":"https:\/\/alte.mannschaft.lgbt\/bimber\/wp-json\/wp\/v2\/posts"}],"about":[{"href":"https:\/\/alte.mannschaft.lgbt\/bimber\/wp-json\/wp\/v2\/types\/post"}],"author":[{"embeddable":true,"href":"https:\/\/alte.mannschaft.lgbt\/bimber\/wp-json\/wp\/v2\/users\/1"}],"replies":[{"embeddable":true,"href":"https:\/\/alte.mannschaft.lgbt\/bimber\/wp-json\/wp\/v2\/comments?post=34762"}],"version-history":[{"count":0,"href":"https:\/\/alte.mannschaft.lgbt\/bimber\/wp-json\/wp\/v2\/posts\/34762\/revisions"}],"wp:featuredmedia":[{"embeddable":true,"href":"https:\/\/alte.mannschaft.lgbt\/bimber\/wp-json\/wp\/v2\/media\/34763"}],"wp:attachment":[{"href":"https:\/\/alte.mannschaft.lgbt\/bimber\/wp-json\/wp\/v2\/media?parent=34762"}],"wp:term":[{"taxonomy":"category","embeddable":true,"href":"https:\/\/alte.mannschaft.lgbt\/bimber\/wp-json\/wp\/v2\/categories?post=34762"},{"taxonomy":"post_tag","embeddable":true,"href":"https:\/\/alte.mannschaft.lgbt\/bimber\/wp-json\/wp\/v2\/tags?post=34762"}],"curies":[{"name":"wp","href":"https:\/\/api.w.org\/{rel}","templated":true}]}}