{"id":34738,"date":"2017-11-24T09:23:41","date_gmt":"2017-11-24T08:23:41","guid":{"rendered":"https:\/\/mannschaft.com\/bimber\/2017\/11\/24\/75-jahre-rosa-von-praunheim-herzlichen-glueckwunsch\/"},"modified":"2023-01-26T14:30:53","modified_gmt":"2023-01-26T13:30:53","slug":"75-jahre-rosa-von-praunheim-herzlichen-glueckwunsch","status":"publish","type":"post","link":"https:\/\/alte.mannschaft.lgbt\/bimber\/75-jahre-rosa-von-praunheim-herzlichen-glueckwunsch\/","title":{"rendered":"75 Jahre Rosa von Praunheim &#8211; herzlichen Gl\u00fcckwunsch!"},"content":{"rendered":"<p>&#8222;Raus aus den Toiletten, rein in die Stra\u00dfen!\u201d Mit diesem Kampfruf wurde der Filmemacher und Aktivist Rosa von Praunheim Anfang der 70er Jahre zum Pionier der Schwulenbewegung. Sein Film \u201eNicht der Schwule ist pervers, sondern die Situation, in der er lebt\u201d sorgte bei der Ausstrahlung im Fernsehen f\u00fcr einen Skandal. Vielen Schwulen machte er aber Mut, sich zu outen: Binnen k\u00fcrzester Zeit gr\u00fcndeten sich in Westdeutschland mehr als 50 Schwulengruppen.<\/p>\n<p>26 Jahre ist es mittlerweile her, dass Rosa in der RTL-Krawallshow &#8222;Explosiv &#8211; Der hei\u00dfe Stuhl&#8220; die Fernseh-Lieblinge Hape Kerkeling und Alfred Biolek zwangsoutete. Das brachte ihm viel Kritik ein, auch aus der Homocommunity.<\/p>\n<p>Am Samstag, den 25. November nun wird Rosa 75. Aus diesem Anlass hat die <em>Mannschaft<\/em> bei Kollegen und Wegbegleitern Gl\u00fcckw\u00fcnsche f\u00fcr das Geburtstagskind eingesammelt. Zu den Gratulanten geh\u00f6rt die Theologin und Autorin <strong>Uta Ranke-Heinemann<\/strong>:<\/p>\n<div>&#8222;Lieber Rosa,<br \/>\njetzt ist unsere Freundschaft schon einige Jahre jung. Ich w\u00fcnsche dir weiterhin frohes Schaffen und Gl\u00fcck in der Liebe mit Olli. Bleibt verbunden und haltet zusammen, gerade im Alter ist das ein Segen.<\/div>\n<div>Deine Freundin Uta Ranke-Heinemann&#8220;<\/div>\n<div>\n<figure id=\"attachment_24676\" aria-describedby=\"caption-attachment-24676\" style=\"width: 1024px\" class=\"wp-caption alignnone\"><img data-expand=\"600\" decoding=\"async\" loading=\"lazy\" class=\"lazyload size-full wp-image-24676\" src=\"data:image\/svg+xml;charset=utf-8,%3Csvg xmlns%3D'http%3A%2F%2Fwww.w3.org%2F2000%2Fsvg' viewBox%3D'0 0 1024 1001'%2F%3E\" data-src=\"http:\/\/www.mannschaft.com\/wp-content\/uploads\/2017\/11\/Menschen-bei-Maischberger-3.jpg\" alt=\"Rosa von Praunheim\" width=\"1024\" height=\"1001\" \/><figcaption id=\"caption-attachment-24676\" class=\"wp-caption-text\">Uta Ranke-Heinemann gratuliert (Screenshot: &#8222;Menschen bei Maischberger&#8220;)<\/figcaption><\/figure>\n<\/div>\n<div><\/div>\n<div><strong>Wieland Speck<\/strong>, der langj\u00e4hrige Leiter der Sektion Panorama bei der Berlinale, huldigt Rosa von Praunheim folgenderma\u00dfen:<\/div>\n<p>&#8222;Als es im Sch\u00f6pfungsverlauf soweit war, den Menschen die Opportunismusfilter einzubauen &#8211; war Rosa im Park. Die daraus folgende Anpassungsschw\u00e4che \u00fcberspielte er gekonnt mit einem besonders leistungsf\u00e4higen Charmeoutput und einer einnehmenden Erscheinung. So konnte er Sachen machen wie andere Menschen mit Filterbesonderheiten dem vollgefilterten Publikum ans Herz zu legen und dort manche Filterschw\u00e4chen als St\u00e4rken aufzudecken. Heute heisst es EMPOWERMENT: das ist Rosas Gesch\u00e4ft, zu unser aller Wohl, seit er \u00fcberhaupt etwas macht.<\/p>\n<blockquote><p>Wir f\u00fchlen uns beleuchtet<\/p><\/blockquote>\n<p>Ein Heer (Armee der Liebenden sic!) von Inspirierten und gar Initiierten bilden den Sternenschwarm auf seinem pr\u00e4chtigen Umhang mit Schleppe den ich ihm hiermit \u00fcber die Schultern lege. Aus der lebenslangen Beleidigung, die jedem Schwulen widerf\u00e4hrt, den hinreissend philantropen Schluss zu ziehen den Rosas Filme uns vermitteln &#8211; das ist Buddhismus &#8211; das ist Erleuchtung &#8211; wir f\u00fchlen uns beleuchtet! Danke Rosa!&#8220;<\/p>\n<figure id=\"attachment_24831\" aria-describedby=\"caption-attachment-24831\" style=\"width: 652px\" class=\"wp-caption alignnone\"><img data-expand=\"600\" decoding=\"async\" loading=\"lazy\" class=\"lazyload size-full wp-image-24831\" src=\"data:image\/svg+xml;charset=utf-8,%3Csvg xmlns%3D'http%3A%2F%2Fwww.w3.org%2F2000%2Fsvg' viewBox%3D'0 0 652 435'%2F%3E\" data-src=\"http:\/\/www.mannschaft.com\/wp-content\/uploads\/2017\/11\/Rene-Rosa.jpg\" alt=\"\" width=\"652\" height=\"435\" \/><figcaption id=\"caption-attachment-24831\" class=\"wp-caption-text\">Rosa von Praunheim und Ren\u00e9 Koch auf einer Demonstration (Archiv: Ren\u00e9 Koch)<\/figcaption><\/figure>\n<p>&#8222;Nat\u00fcrlich ist \u00dc70 heute gar kein Thema mehr und so denke ich, sollten wir nicht auf ANTI-Aging machen, sondern besser auf HAPPY-Aging&#8220;, findet der Star-Visagist Ren\u00e9 Koch. &#8222;Genau das vermittelst Du, wenn man Dich agieren sieht. Es ist auch das, was Dich so jugendlich h\u00e4lt, mit dem wunderbaren Oliver an Deiner Seite.<br \/>\nLass Dich umarmen und bleib so wie Du bist.&#8220;<\/p>\n<p>&#8222;Ich bin immer wieder zutiefst beeindruckt von Rosa&#8217;s gro\u00dfer Schaffenskraft und dass er angesichts der vielen Widrigkeiten in der Branche nicht seinen Elan verliert. Das ist schon ziemlich einzigartig.&#8220; schreibt <a href=\"http:\/\/www.mannschaft.com\/2017\/06\/mein-wunderbares-west-berlin-kommt-ins-kino18413\/\" target=\"_blank\" rel=\"noopener noreferrer\">der deutsche Filmemacher<strong> Jochen Hick<\/strong>, in dessen Film M<em>ein wunderbares West-Berlin<\/em> auch Rosa zu Wort kommt.<\/a><\/p>\n<figure id=\"attachment_24672\" aria-describedby=\"caption-attachment-24672\" style=\"width: 3543px\" class=\"wp-caption alignnone\"><img data-expand=\"600\" decoding=\"async\" loading=\"lazy\" class=\"lazyload size-full wp-image-24672\" src=\"data:image\/svg+xml;charset=utf-8,%3Csvg xmlns%3D'http%3A%2F%2Fwww.w3.org%2F2000%2Fsvg' viewBox%3D'0 0 3543 2363'%2F%3E\" data-src=\"http:\/\/www.mannschaft.com\/wp-content\/uploads\/2017\/11\/RZ-TZ-Foto-Konstantin-Kr\u00f6ning.jpg\" alt=\"Rosa von Praunheim\" width=\"3543\" height=\"2363\" \/><figcaption id=\"caption-attachment-24672\" class=\"wp-caption-text\">Auch Regina und Tanja Ziegler gratulieren (Foto: Konstantin Kr\u00f6ning)<\/figcaption><\/figure>\n<p>Die gro\u00dfe deutsche Filmproduzentin <strong>Regina Ziegler<\/strong> gratuliert und hat ein besonderes Geschenk<\/p>\n<p>&#8222;Lieber Rosa!<br \/>\n75 Jahre! Das kann doch nicht wahr sein. Herzlichen Gl\u00fcckwunsch zum Geburtstag! Sehr gerne erinnere ich mich an unsere verr\u00fcckte Zeit, als ich als Produktionsleiterin f\u00fcr Dich bei Deinen legend\u00e4ren Filmen &#8218;Die Berliner Bettwurst&#8216; und &#8218;Axel von Auersperg&#8216; t\u00e4tig war. Ich w\u00fcnsche Dir noch ganz viele, tolle Filme!<br \/>\nTanja und ich schenken Dir eine Vorf\u00fchrung von einem Deiner Filme Deiner Wahl bei uns im <em>filmkunst 66 \u00bd<\/em> in der Bleibtreustra\u00dfe.<br \/>\nSehr herzlich,<br \/>\nDeine Regina und Tanja&#8220;<\/p>\n<p><img data-expand=\"600\" decoding=\"async\" loading=\"lazy\" class=\"lazyload alignnone size-full wp-image-24533\" src=\"data:image\/svg+xml;charset=utf-8,%3Csvg xmlns%3D'http%3A%2F%2Fwww.w3.org%2F2000%2Fsvg' viewBox%3D'0 0 1998 3137'%2F%3E\" data-src=\"http:\/\/www.mannschaft.com\/wp-content\/uploads\/2017\/11\/Rosa_rg4.jpg\" alt=\"Rosa von Praunheim\" width=\"1998\" height=\"3137\" \/><\/p>\n<p><strong>Ralf K\u00f6nig<\/strong>, \u00fcber den Rosa im Jahr 2012 den Film &#8222;K\u00f6nig des Comics&#8220; gedreht hat, reimt zum 75.<\/p>\n<p><em>F\u00dcNFUNDSIEBZIG wird er heute,<\/em><br \/>\n<em> doch nicht wie and&#8217;re alten Leute:<\/em><br \/>\n<em> Nachher hat er Geschlechtsverkehr!<\/em><\/p>\n<p><em>Ich gratulier in aller K\u00fcrze!<\/em><br \/>\n<em> L\u00e4sst er heut Geburtstagsf\u00fcrze?<\/em><br \/>\n<em> Denn Peinliches mag Rosa sehr! \ud83d\ude42<\/em><\/p>\n<p>Au\u00dferdem outet sich Musiker <strong>Rummelsnuff<\/strong> zu Rosas 75. als Fan, <strong>Eva Mattes<\/strong> jodelt, und <strong>Hella von Sinnen<\/strong> singt mit<strong> Cornelia Scheel<\/strong>. Auch der Berliner Kultursenator <strong>Klaus Lederer<\/strong> (Linke) lie\u00df sich nicht lumpen und schickte ein Video.<\/p>\n<div id=\"g1-fluid-wrapper-counter-1\" class=\"g1-fluid-wrapper \" style=\"width:662px;\" data-g1-fluid-width=\"662\" data-g1-fluid-height=\"372\">\n<div class=\"g1-fluid-wrapper-inner\" style=\"padding-bottom:56.19335347432%;\">\n<div class=\"mace-youtube\" data-mace-video=\"https:\/\/www.youtube.com\/embed\/7Tw4KVFBtf0?showinfo=0&#038;rel=1&#038;ytp-pause-overlay=1&#038;autoplay=1&#038;enablejsapi=1\" data-mace-video-thumb=\"https:\/\/img.youtube.com\/vi\/7Tw4KVFBtf0\/hqdefault.jpg\">\n<div class=\"mace-play-button\"><\/div>\n<\/div><\/div>\n<\/p><\/div>\n<p>&nbsp;<\/p>\n","protected":false},"excerpt":{"rendered":"<p>Deutschlands flei\u00dfigster queerster Filmemacher Rosa von Praunheim wird 75 &#8211; Ralf K\u00f6nig reimt, Hella von Sinnen singt und Eva Mattes jodelt. <a class=\"g1-link g1-link-more\" href=\"https:\/\/alte.mannschaft.lgbt\/bimber\/75-jahre-rosa-von-praunheim-herzlichen-glueckwunsch\/\">Weiterlesen<\/a><\/p>\n","protected":false},"author":1,"featured_media":34739,"comment_status":"open","ping_status":"open","sticky":false,"template":"","format":"standard","meta":[],"categories":[83],"tags":[5439,5440,2508],"wps_subtitle":"","_links":{"self":[{"href":"https:\/\/alte.mannschaft.lgbt\/bimber\/wp-json\/wp\/v2\/posts\/34738"}],"collection":[{"href":"https:\/\/alte.mannschaft.lgbt\/bimber\/wp-json\/wp\/v2\/posts"}],"about":[{"href":"https:\/\/alte.mannschaft.lgbt\/bimber\/wp-json\/wp\/v2\/types\/post"}],"author":[{"embeddable":true,"href":"https:\/\/alte.mannschaft.lgbt\/bimber\/wp-json\/wp\/v2\/users\/1"}],"replies":[{"embeddable":true,"href":"https:\/\/alte.mannschaft.lgbt\/bimber\/wp-json\/wp\/v2\/comments?post=34738"}],"version-history":[{"count":1,"href":"https:\/\/alte.mannschaft.lgbt\/bimber\/wp-json\/wp\/v2\/posts\/34738\/revisions"}],"predecessor-version":[{"id":160477,"href":"https:\/\/alte.mannschaft.lgbt\/bimber\/wp-json\/wp\/v2\/posts\/34738\/revisions\/160477"}],"wp:featuredmedia":[{"embeddable":true,"href":"https:\/\/alte.mannschaft.lgbt\/bimber\/wp-json\/wp\/v2\/media\/34739"}],"wp:attachment":[{"href":"https:\/\/alte.mannschaft.lgbt\/bimber\/wp-json\/wp\/v2\/media?parent=34738"}],"wp:term":[{"taxonomy":"category","embeddable":true,"href":"https:\/\/alte.mannschaft.lgbt\/bimber\/wp-json\/wp\/v2\/categories?post=34738"},{"taxonomy":"post_tag","embeddable":true,"href":"https:\/\/alte.mannschaft.lgbt\/bimber\/wp-json\/wp\/v2\/tags?post=34738"}],"curies":[{"name":"wp","href":"https:\/\/api.w.org\/{rel}","templated":true}]}}