{"id":34621,"date":"2018-08-02T22:10:56","date_gmt":"2018-08-02T20:10:56","guid":{"rendered":"https:\/\/mannschaft.com\/bimber\/2018\/08\/02\/bisher-groesster-jerusalem-pride-trotz-gegendemos\/"},"modified":"2022-06-03T09:36:25","modified_gmt":"2022-06-03T07:36:25","slug":"bisher-groesster-jerusalem-pride-trotz-gegendemos","status":"publish","type":"post","link":"https:\/\/alte.mannschaft.lgbt\/bimber\/bisher-groesster-jerusalem-pride-trotz-gegendemos\/","title":{"rendered":"Bisher gr\u00f6sste Jerusalem Pride \u2013 trotz Gegendemos"},"content":{"rendered":"<h3>Vor drei Jahren hatte ein strengreligi\u00f6ser Jude bei der Parade eine 16-J\u00e4hrige erstochen. Diesmal blieb es ruhig. Aber es gab Gegendemos.<\/h3>\n<p>Auf der Jerusalem Pride haben am Donnerstag nach Angaben der Veranstalter rund 35.000 Menschen demonstriert \u2013 in Medienberichten ist teilweise nur von \u00fcber 15.000 Demonstrant*innen die Rede. Es sei die bisher gr\u00f6sste Pride-Parade in Jerusalem, schrieben sie bei Facebook. Sie forderten gleiche Rechte f\u00fcr queere Menschen sowie eine erneute \u00c4nderung des Leihmutterschaftsgesetzes. \u00abDas Gesetz ist diskriminierend gegen schwule M\u00e4nner\u00bb, sagte Eran Globus, Vorsitzender des Jerusalem Open House, das die Pride veranstaltet, gegen\u00fcber der dpa.<\/p>\n<p>Die Polizei war nach Medienberichten mit 2500 Sicherheitskr\u00e4ften im Einsatz. Zwei Gegendemonstrationen waren demnach zugelassen, <a href=\"http:\/\/www.mannschaft.com\/jerusalem-pride-gegendemo-von-homohassern-erlaubt\/\" target=\"_blank\" rel=\"noopener\">wie schon im Vorjahr.<\/a><\/p>\n<p>Mehr als 200 orthodoxe Rabbiner h\u00e4tten zuvor einen Brief unterzeichnet, in dem LGBTIQ-Menschen als \u00abpervers\u00bb beschimpft wurden. Nach Angaben des israelischen Radios wurden 30 militante Anti-LGBTIQ-Aktivisten aufgefordert, w\u00e4hrend der Parade ausserhalb der Stadt zu bleiben. Vor der Stadt demonstrierten etwa 100 Menschen, unter ihnen nationalistisch-religi\u00f6se Rabbis, und forderten die \u00abR\u00fcckkehr zur normalen Familie\u00bb.<\/p>\n<p>Es gab aber auch Bilder wie dieses, das ein israelischer Diplomat postete: \u00abLiebe deinen N\u00e4chsten wie dich selbst\u00bb, steht auf dem regenbogenfarbenen Schild dieses orthodoxen Juden.<\/p>\n<blockquote class=\"twitter-tweet lazyload\" data-expand=\"600\" data-script=\"https:\/\/platform.twitter.com\/widgets.js\"  data-width=\"550\" data-dnt=\"true\">\n<p lang=\"en\" dir=\"ltr\">Despite all the controvorsy, an Ultra <a href=\"https:\/\/twitter.com\/hashtag\/Orthodox?src=hash&amp;ref_src=twsrc%5Etfw\">#Orthodox<\/a> Jew holding a sign which reads &quot;Love thy neighbor as thyself&quot; at <a href=\"https:\/\/twitter.com\/hashtag\/JerusalemPride?src=hash&amp;ref_src=twsrc%5Etfw\">#JerusalemPride<\/a>. I love <a href=\"https:\/\/twitter.com\/hashtag\/Jerusalem?src=hash&amp;ref_src=twsrc%5Etfw\">#Jerusalem<\/a>! <a href=\"https:\/\/t.co\/yBT1QXF1FC\">pic.twitter.com\/yBT1QXF1FC<\/a><\/p>\n<p>&mdash; Ariel Seidman (@SeidmanAriel) <a href=\"https:\/\/twitter.com\/SeidmanAriel\/status\/1025118945139978240?ref_src=twsrc%5Etfw\">August 2, 2018<\/a><\/p><\/blockquote>\n<p>Auch Volker Beck (Gr\u00fcne), der sich aktuell in Jerusalem aufh\u00e4lt, hat Bilder von der Pride gepostet.<\/p>\n<blockquote hcb-fetch-image-from=\"https:\/\/twitter.com\/Volker_Beck\/status\/1025014560430931968\" class=\"twitter-tweet\" data-width=\"550\" data-dnt=\"true\">\n<p lang=\"en\" dir=\"ltr\"><a href=\"https:\/\/twitter.com\/hashtag\/Jerusalernpride?src=hash&amp;ref_src=twsrc%5Etfw\">#Jerusalernpride<\/a> we are everywhere and it is only about respect <a href=\"https:\/\/twitter.com\/hashtag\/lgbtti?src=hash&amp;ref_src=twsrc%5Etfw\">#lgbtti<\/a> <a href=\"https:\/\/t.co\/eTtg95boHi\">pic.twitter.com\/eTtg95boHi<\/a><\/p>\n<p>&mdash; Volker Beck \ud83c\uddfa\ud83c\udde6 (@Volker_Beck) <a href=\"https:\/\/twitter.com\/Volker_Beck\/status\/1025014560430931968?ref_src=twsrc%5Etfw\">August 2, 2018<\/a><\/p><\/blockquote>\n<p>Am Morgen hatte ein Sicherheitsbriefing stattgefunden.<\/p>\n<div id=\"fb-root\"><\/div>\n<p><script>(function(d, s, id) {  var js, fjs = d.getElementsByTagName(s)[0];  if (d.getElementById(id)) return;  js = d.createElement(s); js.id = id;  js.src = 'https:\/\/connect.facebook.net\/de_DE\/sdk.js#xfbml=1&version=v3.1';  fjs.parentNode.insertBefore(js, fjs);}(document, 'script', 'facebook-jssdk'));<\/script><\/p>\n<div class=\"fb-post\" data-href=\"https:\/\/www.facebook.com\/JLM.Open.House\/photos\/a.1539061433001892.1073741831.1440566026184767\/2120222274885802\/?type=3&amp;theater\" data-width=\"662\">\n<blockquote cite=\"https:\/\/www.facebook.com\/JLM.Open.House\/photos\/a.1539061433001892\/2120222274885802\/?type=3\" class=\"fb-xfbml-parse-ignore\">\n<p>\u05ea\u05d3\u05e8\u05d5\u05da \u05dc\u05d4\u05d8&quot;\u05d1\u05d9 \u05dc\u05e9\u05d5\u05d8\u05e8\u05d9\u05dd \u05d1\u05d2\u05df \u05d4\u05e4\u05e2\u05de\u05d5\u05df\u2764\u05e2\u05d5\u05d3 \u05db\u05de\u05d4 \u05e9\u05e2\u05d5\u05ea \u05d6\u05d4 \u05e7\u05d5\u05e8\u05d4!!!\u05de\u05e6\u05e2\u05d3 \u05d4\u05d2\u05d0\u05d5\u05d5\u05d4 \u05d5\u05d4\u05e1\u05d5\u05d1\u05dc\u05e0\u05d5\u05ea \u05d1\u05d9\u05e8\u05d5\u05e9\u05dc\u05d9\u05dd \/\/ Jerusalem March for Pride and Tolerance<\/p>\n<p>Gepostet von \u200e<a href=\"https:\/\/www.facebook.com\/JLM.Open.House\/\">\u05d4\u05d1\u05d9\u05ea \u05d4\u05e4\u05ea\u05d5\u05d7 \u05d1\u05d9\u05e8\u05d5\u05e9\u05dc\u05d9\u05dd<\/a>\u200e am&nbsp;<a href=\"https:\/\/www.facebook.com\/JLM.Open.House\/photos\/a.1539061433001892\/2120222274885802\/?type=3\">Donnerstag, 2. August 2018<\/a><\/p><\/blockquote>\n<\/div>\n<p>Hintergrund f\u00fcr die grosse Beteiligung in diesem Jahr ist auch eine \u00c4nderung des Leihmutterschaftsgesetzes. Aber das sei nun ein viel gr\u00f6sseres Thema geworden, so Globus. Es gehe um die grunds\u00e4tzliche Frage: \u201eWird Israel ein Land, in dem alle Menschen, egal ob LGBTIQ oder nicht, frei und ohne Diskriminierung leben k\u00f6nnen?\u201c <a href=\"http:\/\/www.mannschaft.com\/2018\/05\/scharon-afek-wird-israels-erster-offen-schwuler-general\/\" target=\"_blank\" rel=\"noopener\">(Er ist Israels erster offen schwuler General.)<\/a><\/p>\n<figure id=\"attachment_33311\" aria-describedby=\"caption-attachment-33311\" style=\"width: 1440px\" class=\"wp-caption alignnone\"><img data-expand=\"600\" decoding=\"async\" loading=\"lazy\" class=\"lazyload size-full wp-image-33311\" src=\"data:image\/svg+xml;charset=utf-8,%3Csvg xmlns%3D'http%3A%2F%2Fwww.w3.org%2F2000%2Fsvg' viewBox%3D'0 0 1440 1080'%2F%3E\" data-src=\"http:\/\/www.mannschaft.com\/wp-content\/uploads\/2018\/08\/38223103_2120544031520293_7592529863156695040_o.jpg\" alt=\"Jerusalem Pride\" width=\"1440\" height=\"1080\" \/><figcaption id=\"caption-attachment-33311\" class=\"wp-caption-text\">Foto: Jerusalem Open House<\/figcaption><\/figure>\n<p>Die Regierung hatte im Juli entschieden, dass k\u00fcnftig nicht nur heterosexuelle Paare, sondern auch ledige Frauen mit Hilfe einer Leihmutter Kinder bekommen d\u00fcrfen &#8211; nicht aber\u00a0 ledige M\u00e4nner. Schwule M\u00e4nner sehen sich dadurch benachteiligt, weil sie in ihrem eigenen Land keine V\u00e4ter werden k\u00f6nnen.<\/p>\n<p>Vor drei Jahren hatte ein strengreligi\u00f6ser Jude bei der Parade eine 16-J\u00e4hrige erstochen. Ein Gericht verurteilte den M\u00f6rder sp\u00e4ter zu lebenslanger Haft plus 31 Jahre. Er hatte bereits im Jahr 2005 bei der Jerusalem Pride Teilnehmer mit einem Messer verletzt.<\/p>\n","protected":false},"excerpt":{"rendered":"<p>Vor drei Jahren hatte ein strengreligi\u00f6ser Jude bei der Parade eine 16-J\u00e4hrige erstochen. Diesmal blieb es ruhig. Aber es gab Gegendemos. <a class=\"g1-link g1-link-more\" href=\"https:\/\/alte.mannschaft.lgbt\/bimber\/bisher-groesster-jerusalem-pride-trotz-gegendemos\/\">Weiterlesen<\/a><\/p>\n","protected":false},"author":1,"featured_media":34622,"comment_status":"open","ping_status":"open","sticky":false,"template":"","format":"standard","meta":[],"categories":[2],"tags":[5503,5461,5509],"wps_subtitle":"","_links":{"self":[{"href":"https:\/\/alte.mannschaft.lgbt\/bimber\/wp-json\/wp\/v2\/posts\/34621"}],"collection":[{"href":"https:\/\/alte.mannschaft.lgbt\/bimber\/wp-json\/wp\/v2\/posts"}],"about":[{"href":"https:\/\/alte.mannschaft.lgbt\/bimber\/wp-json\/wp\/v2\/types\/post"}],"author":[{"embeddable":true,"href":"https:\/\/alte.mannschaft.lgbt\/bimber\/wp-json\/wp\/v2\/users\/1"}],"replies":[{"embeddable":true,"href":"https:\/\/alte.mannschaft.lgbt\/bimber\/wp-json\/wp\/v2\/comments?post=34621"}],"version-history":[{"count":2,"href":"https:\/\/alte.mannschaft.lgbt\/bimber\/wp-json\/wp\/v2\/posts\/34621\/revisions"}],"predecessor-version":[{"id":139902,"href":"https:\/\/alte.mannschaft.lgbt\/bimber\/wp-json\/wp\/v2\/posts\/34621\/revisions\/139902"}],"wp:featuredmedia":[{"embeddable":true,"href":"https:\/\/alte.mannschaft.lgbt\/bimber\/wp-json\/wp\/v2\/media\/34622"}],"wp:attachment":[{"href":"https:\/\/alte.mannschaft.lgbt\/bimber\/wp-json\/wp\/v2\/media?parent=34621"}],"wp:term":[{"taxonomy":"category","embeddable":true,"href":"https:\/\/alte.mannschaft.lgbt\/bimber\/wp-json\/wp\/v2\/categories?post=34621"},{"taxonomy":"post_tag","embeddable":true,"href":"https:\/\/alte.mannschaft.lgbt\/bimber\/wp-json\/wp\/v2\/tags?post=34621"}],"curies":[{"name":"wp","href":"https:\/\/api.w.org\/{rel}","templated":true}]}}