{"id":33787,"date":"2017-09-01T11:04:14","date_gmt":"2017-09-01T09:04:14","guid":{"rendered":"https:\/\/mannschaft.com\/bimber\/2017\/09\/01\/ein-letztes-mal-und-zwar-richtig\/"},"modified":"2024-09-20T10:13:39","modified_gmt":"2024-09-20T08:13:39","slug":"ein-letztes-mal-und-zwar-richtig","status":"publish","type":"post","link":"https:\/\/alte.mannschaft.lgbt\/bimber\/ein-letztes-mal-und-zwar-richtig\/","title":{"rendered":"\u00abEin letztes Mal \u2013 und zwar richtig!\u00bb"},"content":{"rendered":"<h3>Zur Feier seines 20-j\u00e4hrigen Jubil\u00e4ums kehrt das Duo \u00abMaurizio und Fabrizio\u00bb f\u00fcr einen Abend auf die B\u00fchne zur\u00fcck. Christian Knecht alias \u00abFabrizio\u00bb \u00fcber den Eurovision Song Contest, Vorfreude und Trash-Comedy.<\/h3>\n<p><strong>Christian, zuerst einmal ganz allgemein: Wie w\u00fcrdest du euren Stil beschreiben?<\/strong><br \/>\nAm ehesten w\u00fcrde ich es Musik-Comedy nennen. Die NZZ schrieb einst im positiven Sinne, dass es sich bei unseren Programmen um \u00abTrash-Comedy\u00bb handle (<em>lacht<\/em>).<\/p>\n<p><strong>Wie kam es vor zwanzig Jahren zur Gr\u00fcndung eures Duos?<\/strong><br \/>\nDie Idee entstand aus dem Eurovision Songcontest heraus. Damals merkte ich, dass ich rund um diese Thematik eine Geschichte erz\u00e4hlen wollte. So schufen wir unser erstes B\u00fchnenprogramm, \u00abSwitzerland 12 Points\u00bb. Das kam so gut an, sodass wir es im darauffolgenden Jahr gleich noch einmal spielten. Danach entwickelten wir alle zwei Jahre ein neues Programm, das letzte vor f\u00fcnf Jahren. Unter anderem hatten wir eine Las Vegas-Show, und in \u00abDISISID\u00bb zum Beispiel parodierten wir die Michael Jackson-Dokumentation \u00abThis Is It\u00bb.<\/p>\n<p><strong>Wie stark wart ihr mit \u00abMaurizio und Fabrizio\u00bb ausgelastet?<\/strong><br \/>\nMeist spielten wir die Programme w\u00e4hrend ein paar Monaten in Z\u00fcrich. Auf Anfrage hin machten wir auch Abstecher in andere St\u00e4dte, Z\u00fcrich war aber stets unser Hauptspielort. Die T\u00e4tigkeit als Comedy-Duo war nie unser Hauptberuf, sondern stellte ein Nebenprojekt dar, das uns viel Freude bereitete. Ich arbeite als Regisseur und Schauspieler auch sonst im Theaterbereich, f\u00fcr meinen B\u00fchnenpartner Daniel waren unsere Auftritte jeweils willkommene Abstecher in diese Welt.<\/p>\n<blockquote><p>Wir kehren noch ein letztes Mal auf die B\u00fchne zur\u00fcck, und danach ist unser Duo Geschichte.<\/p><\/blockquote>\n<p><strong>Und nun verabschiedet ihr euch am 16. September mit einem letzten Showabend von der Unterhaltungsb\u00fchne. <\/strong><br \/>\nGenau. Irgendwann merkten wir, dass das Jahr 2017 unser 20-j\u00e4hriges Jubil\u00e4um markiert. Da dachten wir: Komm, wir kehren noch ein letztes Mal auf die B\u00fchne zur\u00fcck, und danach ist unser Duo Geschichte. Entsprechend nannten wir das Programm \u00abBack Where They Belong \u2013 For One Last Performance\u00bb.<\/p>\n<p><strong>Was erwartet die Zuschauer?<\/strong><br \/>\nZum einen spielen wir unsere Klassiker, die wir ganz einfach bringen \u00abm\u00fcssen\u00bb. Zum anderen geben wir aber auch neues Material zum Besten. Es gibt ein rasantes Potpourri \u2013 grosse Geschichten, Superstars und pomp\u00f6se Auftritte, alles in musikalischen Collagen auf ein Kleinb\u00fchnenformat eingedampft. Wir treten zwar nur noch ein einziges Mal auf, wollen dabei aber mit der grossen Kelle anr\u00fchren. So leisten wir uns zum Beispiel eine Band, die uns begleitet.<\/p>\n<p><img data-expand=\"600\" decoding=\"async\" loading=\"lazy\" class=\"lazyload size-full wp-image-20753 aligncenter\" src=\"data:image\/svg+xml;charset=utf-8,%3Csvg xmlns%3D'http%3A%2F%2Fwww.w3.org%2F2000%2Fsvg' viewBox%3D'0 0 770 578'%2F%3E\" data-src=\"http:\/\/www.mannschaft.com\/wp-content\/uploads\/2017\/09\/Maurizio-Fabrizio-1.jpg\" alt=\"\" width=\"770\" height=\"578\" \/><\/p>\n<p><strong>F\u00e4llt es euch nicht schwer, das Ganze nur ein einziges Mal aufzuf\u00fchren?<\/strong><br \/>\nNein, eigentlich nicht. Der Aufwand ist eh riesig, unabh\u00e4ngig davon, wie oft wir auftreten (<em>lacht<\/em>). Wir wollen einfach ein letztes, grosses Ereignis und freuen uns besonders auch darauf, viele Leute noch einmal wieder zu sehen, die wir in den letzten zwanzig Jahren getroffen und kennengelernt haben.<\/p>\n<p><strong>Bist du sentimental?<\/strong><br \/>\nFrag mich das nach der Show! Zurzeit stehen die ganzen Proben im Vordergrund. Ich bin damit besch\u00e4ftigt, die Texte in meinen Kopf zu kriegen und alles im Programm unterzubringen, was wir unterbringen wollen. Im Moment dominieren Vorfreude und Spannung. Aber es wird wohl sein wie bei jeder Vorf\u00fchrung: Nach der Derni\u00e8re ist man immer ein bisschen traurig. Ich glaube aber nicht, dass ein Loch entstehen oder mir das Duo allzu stark fehlen wird. Wir hatten eine grossartige Zeit, doch irgendwann ist es auch sch\u00f6n, wenn der letzte Vorhang f\u00e4llt.<\/p>\n<p><strong>MAURIZIO &amp; FABRIZIO<\/strong><br \/>\n\u00abBack Where They Belong &#8211; For One Last Perfomance\u00bb, am\u00a016. September, um 20 Uhr im Z\u00fcrcher\u00a0Bernhard Theater.<\/p>\n","protected":false},"excerpt":{"rendered":"<p>Zur Feier seines 20-j\u00e4hrigen Jubil\u00e4ums kehrt das Duo \u00abMaurizio und Fabrizio\u00bb f\u00fcr einen Abend auf die B\u00fchne zur\u00fcck. Christian Knecht alias \u00abFabrizio\u00bb \u00fcber den Eurovision Song Contest, Vorfreude und Trash-Comedy.  <a class=\"g1-link g1-link-more\" href=\"https:\/\/alte.mannschaft.lgbt\/bimber\/ein-letztes-mal-und-zwar-richtig\/\">Weiterlesen<\/a><\/p>\n","protected":false},"author":1,"featured_media":33788,"comment_status":"open","ping_status":"open","sticky":false,"template":"","format":"standard","meta":[],"categories":[346],"tags":[5439,39],"wps_subtitle":"","_links":{"self":[{"href":"https:\/\/alte.mannschaft.lgbt\/bimber\/wp-json\/wp\/v2\/posts\/33787"}],"collection":[{"href":"https:\/\/alte.mannschaft.lgbt\/bimber\/wp-json\/wp\/v2\/posts"}],"about":[{"href":"https:\/\/alte.mannschaft.lgbt\/bimber\/wp-json\/wp\/v2\/types\/post"}],"author":[{"embeddable":true,"href":"https:\/\/alte.mannschaft.lgbt\/bimber\/wp-json\/wp\/v2\/users\/1"}],"replies":[{"embeddable":true,"href":"https:\/\/alte.mannschaft.lgbt\/bimber\/wp-json\/wp\/v2\/comments?post=33787"}],"version-history":[{"count":2,"href":"https:\/\/alte.mannschaft.lgbt\/bimber\/wp-json\/wp\/v2\/posts\/33787\/revisions"}],"predecessor-version":[{"id":206439,"href":"https:\/\/alte.mannschaft.lgbt\/bimber\/wp-json\/wp\/v2\/posts\/33787\/revisions\/206439"}],"wp:featuredmedia":[{"embeddable":true,"href":"https:\/\/alte.mannschaft.lgbt\/bimber\/wp-json\/wp\/v2\/media\/33788"}],"wp:attachment":[{"href":"https:\/\/alte.mannschaft.lgbt\/bimber\/wp-json\/wp\/v2\/media?parent=33787"}],"wp:term":[{"taxonomy":"category","embeddable":true,"href":"https:\/\/alte.mannschaft.lgbt\/bimber\/wp-json\/wp\/v2\/categories?post=33787"},{"taxonomy":"post_tag","embeddable":true,"href":"https:\/\/alte.mannschaft.lgbt\/bimber\/wp-json\/wp\/v2\/tags?post=33787"}],"curies":[{"name":"wp","href":"https:\/\/api.w.org\/{rel}","templated":true}]}}