{"id":33757,"date":"2014-04-18T13:20:41","date_gmt":"2014-04-18T11:20:41","guid":{"rendered":"https:\/\/mannschaft.com\/bimber\/2014\/04\/18\/der-kreis-kinostart-am-18-september\/"},"modified":"2019-06-05T10:31:32","modified_gmt":"2019-06-05T08:31:32","slug":"der-kreis-kinostart-am-18-september","status":"publish","type":"post","link":"https:\/\/alte.mannschaft.lgbt\/bimber\/der-kreis-kinostart-am-18-september\/","title":{"rendered":"\u00abDer Kreis\u00bb: Kinostart am 18. September"},"content":{"rendered":"<h3>Der weltweite Kinostart des Films \u00abDer Kreis\u00bb ist am 18. September und findet \u00abnat\u00fcrlich in der Schweiz statt\u00bb wie die Produzenten in einer Mitteilung am Karfreitag bekanntgaben.<\/h3>\n<p>Der Kinostart in Deutschland ist f\u00fcr Ende Oktober geplant.<\/p>\n<p>Schon heute feiert der Film einen grossen Erfolg: An der 64. Berlinale wurde der \u00abDer Kreis\u00bb mit dem Publikumspreis und dem Teddy-Award ausgezeichnet, einem der bedeutendsten schwullesbischen Filmpreisen der Welt.<\/p>\n<p>\u00abDas ist insofern ausserordentlich, als der Teddy erst zum zweiten Mal in die Schweiz geht und der Publikumspreis zum allerersten Mal\u00bb, sagt Produzent Ivan Madeo. \u00abUnd es ist das erste Mal in der 64-j\u00e4hrigen Geschichte der Berlinale, dass ein Film gleichzeitig sowohl den Teddy Award als auch den Publikumspreis bekommt.\u00bb<\/p>\n<p><strong>\u00abDer Kreis\u00bb bereits in mehrere L\u00e4nder verkauft<\/strong><br \/>\n\u00abDer Kreis\u00bb spielt Ende der F\u00fcnfzigerjahre in Zu\u0308rich und erza\u0308hlt die wahre Geschichte von Ro\u0308bi Rapp und Ernst Ostertag, die sich in der gleichnamigen Untergrundorganisation in Z\u00fcrich kennen und lieben lernen. Der Kreis entwickelt sich zur \u00abMutter\u00bb der Schwulenorganisationen in Europa, muss selber aber nach schweren Polizeirazzien und Repressionen gegen Homosexuellen geschlossen werden. Ernst und Ro\u0308bi lassen 2003, 50 Jahre spa\u0308ter, als erstes homosexuelles Paar der Schweiz offiziell ihre Partnerschaft eintragen.<\/p>\n<p>Im Vorfeld des Kinostarts wird \u00abDer Kreis\u00bb bereits an einigen Filmfestivals zu sehen sein, unter anderem am Seattle International Film Festival im Juni, am Torino LGBT Film Festival sowie am Frameline in San Francisco, dem gr\u00f6ssten und \u00e4ltesten LGBT-Festival der Welt. Zudem konnte der Film bereits an Verleihe von folgenden L\u00e4ndern verkauft werden, wo er Ende dieses oder n\u00e4chstes Jahr in die Kinos kommen wird: Deutschland, USA, Kanada, Polen und Mazedonien. Gibt die Zensurbeh\u00f6re in Thailand gr\u00fcnes Licht, wird er auch dort zu sehen sein.<\/p>\n<p><iframe loading=\"lazy\" src=\"\/\/www.youtube.com\/embed\/u_qO03QFGT8\" width=\"560\" height=\"315\" frameborder=\"0\" allowfullscreen=\"allowfullscreen\"><\/iframe><\/p>\n","protected":false},"excerpt":{"rendered":"<p>Der weltweite Kinostart des Films \u00abDer Kreis\u00bb ist am 18. September und findet \u00abnat\u00fcrlich in der Schweiz statt\u00bb wie die Produzenten in einer Mitteilung am Karfreitag bekanntgaben. <a class=\"g1-link g1-link-more\" href=\"https:\/\/alte.mannschaft.lgbt\/bimber\/der-kreis-kinostart-am-18-september\/\">Weiterlesen<\/a><\/p>\n","protected":false},"author":1,"featured_media":33758,"comment_status":"open","ping_status":"open","sticky":false,"template":"","format":"standard","meta":[],"categories":[83],"tags":[],"wps_subtitle":"","_links":{"self":[{"href":"https:\/\/alte.mannschaft.lgbt\/bimber\/wp-json\/wp\/v2\/posts\/33757"}],"collection":[{"href":"https:\/\/alte.mannschaft.lgbt\/bimber\/wp-json\/wp\/v2\/posts"}],"about":[{"href":"https:\/\/alte.mannschaft.lgbt\/bimber\/wp-json\/wp\/v2\/types\/post"}],"author":[{"embeddable":true,"href":"https:\/\/alte.mannschaft.lgbt\/bimber\/wp-json\/wp\/v2\/users\/1"}],"replies":[{"embeddable":true,"href":"https:\/\/alte.mannschaft.lgbt\/bimber\/wp-json\/wp\/v2\/comments?post=33757"}],"version-history":[{"count":0,"href":"https:\/\/alte.mannschaft.lgbt\/bimber\/wp-json\/wp\/v2\/posts\/33757\/revisions"}],"wp:featuredmedia":[{"embeddable":true,"href":"https:\/\/alte.mannschaft.lgbt\/bimber\/wp-json\/wp\/v2\/media\/33758"}],"wp:attachment":[{"href":"https:\/\/alte.mannschaft.lgbt\/bimber\/wp-json\/wp\/v2\/media?parent=33757"}],"wp:term":[{"taxonomy":"category","embeddable":true,"href":"https:\/\/alte.mannschaft.lgbt\/bimber\/wp-json\/wp\/v2\/categories?post=33757"},{"taxonomy":"post_tag","embeddable":true,"href":"https:\/\/alte.mannschaft.lgbt\/bimber\/wp-json\/wp\/v2\/tags?post=33757"}],"curies":[{"name":"wp","href":"https:\/\/api.w.org\/{rel}","templated":true}]}}