{"id":33741,"date":"2017-10-16T07:57:43","date_gmt":"2017-10-16T05:57:43","guid":{"rendered":"https:\/\/mannschaft.com\/bimber\/2017\/10\/16\/das-ende-von-eddy-in-basel\/"},"modified":"2017-10-16T07:57:43","modified_gmt":"2017-10-16T05:57:43","slug":"das-ende-von-eddy-in-basel","status":"publish","type":"post","link":"https:\/\/alte.mannschaft.lgbt\/bimber\/das-ende-von-eddy-in-basel\/","title":{"rendered":"\u00abDas Ende von Eddy\u00bb in Basel"},"content":{"rendered":"<p>Thiemo Strutzenberger, Mitglied im Schauspielensemble des Theater Basel, inszeniert mit Schauspiel und Ballett Eddys Kindheit und Jugend, die von Verwahrlosung und Brutalit\u00e4t gepr\u00e4gt sind.<\/p>\n<p>Billette gibt es f\u00fcr die Vorstellungen am 19. Oktober um 19:30 Uhr, am 22. Oktober um 18:30 Uhr und am 7. November um 19:30 Uhr unter <a href=\"http:\/\/www.theater-basel.ch\">www.theater-basel.ch<\/a> zu kaufen.<\/p>\n<p><strong>\u00abDas Ende von Eddy\u00bb und \u00abIm Herzen der Gewalt\u00bb<\/strong><br \/>\nEddy Bellegueule wuchs in einem nordfranz\u00f6sischen Dorf auf \u2013 Brutalit\u00e4t, Rassismus, Homophobie sowie Alkoholismus bestimmten seine Kindheit und Jugend. Als homosexueller Junge musste Eddy fr\u00fch am eigenen Leib erfahren, was es heisst, f\u00fcr sein \u00abAnders sein\u00bb bestraft und gedem\u00fctigt zu werden. Als Eddy mit 18 Jahren seinen ersten autobiografischen Roman \u00abDas Ende von Eddy\u00bb verfasste, in dem er genau jene Gewalt und Brutalit\u00e4t seiner Jugend wiederspiegelt, wollte er ein neues Leben beginnen. Wie der junge Schriftsteller gegen\u00fcber der MANNSCHAFT in einem Interview erkl\u00e4rte, war er nahezu besessen davon, ein neuer Mensch zu werden. Er \u00e4nderte diesbez\u00fcglich seinen Namen. Dies war das Ende von Eddy \u2013 \u00c9douard Louis war geboren.<\/p>\n<figure id=\"attachment_22789\" aria-describedby=\"caption-attachment-22789\" class=\"wp-caption aligncenter\"><img data-expand=\"600\" decoding=\"async\" loading=\"lazy\" class=\"lazyload size-full wp-image-22789\" src=\"data:image\/svg+xml;charset=utf-8,%3Csvg xmlns%3D'http%3A%2F%2Fwww.w3.org%2F2000%2Fsvg' viewBox%3D'0 0 500 816'%2F%3E\" data-src=\"http:\/\/www.mannschaft.com\/wp-content\/uploads\/2017\/10\/das-ende-von-eddy-3.jpg\" alt=\"\" width=\"500\" height=\"816\" \/><figcaption id=\"caption-attachment-22789\" class=\"wp-caption-text\">Mit unglaublicher Sprachgewalt erz\u00e4hlt der junge Autor \u00c9douard Louis die Geschichte einer Befreiung aus einer unertr\u00e4glichen Kindheit: Inspiriert von seiner eigenen.<\/figcaption><\/figure>\n<p>Am 24. August 2017 <a href=\"http:\/\/www.mannschaft.com\/2017\/07\/neues-buch-von-edouard-louis-erscheint-im-august\/\">erschien sein zweiter Roman \u00abIm Herzen der Gewalt\u00bb<\/a> in der deutschen \u00dcbersetzung. Auch sein zweites Buch ist autobiografisch. Die Geschichte spielt sich in Paris ab und erz\u00e4hlt von jener Dezembernacht, in der \u00c9douard auf der Place de la R\u00e9publique den jungen Algerier Reda kennenlernte. \u00c9douard nimmt Reda mit in seine Wohnung. Doch aus dem unschuldigen Flirt wird schnell bitterer Ernst, als Reda pl\u00f6tzlich eine Waffe z\u00fcckt und sie an \u00c9douards Kopf h\u00e4lt mit der Drohung, in zu t\u00f6ten.<\/p>\n<p>Die Mannschaft sprach mit dem jungen Schriftsteller <a href=\"http:\/\/www.mannschaft.com\/2015\/10\/edouard-louis-flucht-ins-leben\/\">vor zwei Jahren \u00fcber seinen ersten Roman<\/a> und im September <a href=\"http:\/\/www.mannschaft.com\/2017\/08\/ticketverlosung-fuer-edouard-louis-lesetour-im-herzen-der-gewalt\/\">dieses Jahres ein weiteres Mal<\/a>, aber \u00fcber sein neustes Werk \u00abIm Herzen der Gewalt\u00bb.<\/p>\n<p>\u00c9douard Louis befand sich bis vor Kurzem im Rahmen seines zweiten Romans in Deutschland noch auf Lesetour.<\/p>\n","protected":false},"excerpt":{"rendered":"<p>Am 19. und 22. Oktober sowie an weiteren Daten im November bringt das Theater Basel den autobiografischen Roman \u00abDas Ende von Eddy\u00bb von \u00c9douard Louis auf die B\u00fchne. <a class=\"g1-link g1-link-more\" href=\"https:\/\/alte.mannschaft.lgbt\/bimber\/das-ende-von-eddy-in-basel\/\">Weiterlesen<\/a><\/p>\n","protected":false},"author":1,"featured_media":33742,"comment_status":"open","ping_status":"open","sticky":false,"template":"","format":"standard","meta":[],"categories":[83],"tags":[5438,5523],"wps_subtitle":"","_links":{"self":[{"href":"https:\/\/alte.mannschaft.lgbt\/bimber\/wp-json\/wp\/v2\/posts\/33741"}],"collection":[{"href":"https:\/\/alte.mannschaft.lgbt\/bimber\/wp-json\/wp\/v2\/posts"}],"about":[{"href":"https:\/\/alte.mannschaft.lgbt\/bimber\/wp-json\/wp\/v2\/types\/post"}],"author":[{"embeddable":true,"href":"https:\/\/alte.mannschaft.lgbt\/bimber\/wp-json\/wp\/v2\/users\/1"}],"replies":[{"embeddable":true,"href":"https:\/\/alte.mannschaft.lgbt\/bimber\/wp-json\/wp\/v2\/comments?post=33741"}],"version-history":[{"count":0,"href":"https:\/\/alte.mannschaft.lgbt\/bimber\/wp-json\/wp\/v2\/posts\/33741\/revisions"}],"wp:featuredmedia":[{"embeddable":true,"href":"https:\/\/alte.mannschaft.lgbt\/bimber\/wp-json\/wp\/v2\/media\/33742"}],"wp:attachment":[{"href":"https:\/\/alte.mannschaft.lgbt\/bimber\/wp-json\/wp\/v2\/media?parent=33741"}],"wp:term":[{"taxonomy":"category","embeddable":true,"href":"https:\/\/alte.mannschaft.lgbt\/bimber\/wp-json\/wp\/v2\/categories?post=33741"},{"taxonomy":"post_tag","embeddable":true,"href":"https:\/\/alte.mannschaft.lgbt\/bimber\/wp-json\/wp\/v2\/tags?post=33741"}],"curies":[{"name":"wp","href":"https:\/\/api.w.org\/{rel}","templated":true}]}}