{"id":33735,"date":"2017-10-18T10:28:00","date_gmt":"2017-10-18T08:28:00","guid":{"rendered":"https:\/\/mannschaft.com\/bimber\/2017\/10\/18\/call-me-by-your-name-fortsetzung-geplant\/"},"modified":"2023-01-11T10:47:35","modified_gmt":"2023-01-11T09:47:35","slug":"call-me-by-your-name-fortsetzung-geplant","status":"publish","type":"post","link":"https:\/\/alte.mannschaft.lgbt\/bimber\/call-me-by-your-name-fortsetzung-geplant\/","title":{"rendered":"\u00abCall Me by Your Name\u00bb \u2013 Fortsetzung geplant"},"content":{"rendered":"<h3>Gem\u00e4ss <a href=\"https:\/\/www.screendaily.com\/news\/luca-guadagnino-plots-call-me-by-your-name-sequel-exclusive\/5123280.article\" target=\"_blank\" rel=\"noopener noreferrer\">\u00abScreen Daily\u00bb<\/a> \u00e4usserte \u00abCall Me by Your Name\u00bb-Produzent Luca Guadagnino am \u00abLondon Film Festival\u00bb seine Pl\u00e4ne \u00fcber eine Fortsetzung des romantischen Filmdramas.<\/h3>\n<p>Einer der Hauptbeweggr\u00fcnde ist, dass er die Film-Crew fantastisch findet: \u00abIch m\u00f6chte eine Fortsetzung produzieren, weil Timoth\u00e9e Chalamet, Armie Hammer, Michael Stuhlbarg, Amira Casar und Esther Garrel echte Juwelen sind. Die Dreharbeiten haben uns zusammengeschweisst\u00bb.<\/p>\n<p><strong>Achtung Spoiler!<\/strong><br \/>\nGuadagnino m\u00f6chte sich in der Fortsetzung nicht auf Elios Sexualit\u00e4t festlegen. \u00abIch finde es nicht zwingend notwendig, dass Elio zum offen schwulen Mann heranw\u00e4chst. Er hat seinen Platz im Leben noch nicht gefunden. Ich glaube, dass er erneut eine Liebesbeziehung mit Mariza (Esther Garrel) beginnen wird\u00bb, so der Regisseur. Im gleichnamigen Roman wird erz\u00e4hlt, dass Elio und Oliver sich 15 Jahre sp\u00e4ter in Amerika wiedersehen. Zu dieser Zeit hat Oliver zwei Kinder und ist mit einer Frau verheiratet.<\/p>\n<figure id=\"attachment_23028\" aria-describedby=\"caption-attachment-23028\" class=\"wp-caption aligncenter\"><img data-expand=\"600\" decoding=\"async\" loading=\"lazy\" class=\"lazyload wp-image-23028 size-full\" src=\"data:image\/svg+xml;charset=utf-8,%3Csvg xmlns%3D'http%3A%2F%2Fwww.w3.org%2F2000%2Fsvg' viewBox%3D'0 0 770 416'%2F%3E\" data-src=\"http:\/\/www.mannschaft.com\/wp-content\/uploads\/2017\/10\/call-me-by-your-name-sequel-2-2.jpg\" alt=\"Call Me by Your Name\" width=\"770\" height=\"416\" \/><figcaption id=\"caption-attachment-23028\" class=\"wp-caption-text\">Zwischen Elio und Oliver entwickelt sich vorsichtige Liebe eine heisse Aff\u00e4re. (Bild: Sony Pictures)<\/figcaption><\/figure>\n<p>Guadagnino legte 2020 als Erscheinungsjahr f\u00fcr die Fortsetzung fest. Zudem gab er folgende Informationen \u00fcber die geplante Fortsetzung preis: \u00abDer zweite Teil der Geschichte w\u00fcrde sich um das Jahr 1990 abspielen. Es ist die Zeit des Falles des Kommunismus und der Beginn einer neuen Weltordnung. Der Start der Berlusconi-\u00c4ra in Italien sowie der Umgang mit dem Krieg im Irak w\u00e4ren ebenfalls von Bedeutung.\u00bb<\/p>\n<p><strong>\u00abCall Me by Your Name\u00bb von Andr\u00e9 Aciman<\/strong><br \/>\nDie Geschichte im gleichnamigen Roman von Andr\u00e9 Aciman spielt w\u00e4hrend der Sommermonaten in Norditalien. Der US-amerikanische Student Oliver (Armie Hammer) verbringt den Sommer bei der Familie des 17-j\u00e4hrigen Elio (Timoth\u00e9e Chalamet), um dessen Vater w\u00e4hrend paar Wochen bei der Arbeit zu assistieren. Zwischen Elio und Oliver entwickelt sich eine heisse Aff\u00e4re und eine vorsichtige Liebe, die aber, wie Oliver meint, in Italien Mitte der 1980er-Jahre nicht \u00f6ffentlich ausgesprochen werden darf.<\/p>\n<hr \/>\n<p><a href=\"https:\/\/mannschaft.com\/von-giacomettis-modell-zum-schwulen-verfuehrer\/\">Armie Hammer: von Giacomettis Modell zum schwulen Verf\u00fchrer<\/a><\/p>\n<hr \/>\n<p>Der 130-min\u00fctige Liebesfilm wurde vom 29. September bis 6. Oktober 2017 am <a href=\"https:\/\/mannschaft.com\/queere-unterhaltung-am-zurich-film-festival\/\">\u00abZurich Film Festival\u00bb<\/a> gezeigt. Am 1. M\u00e4rz 2018 wird \u00abCall Me by Your Name\u00bb in den deutschen Kinos ausgestrahlt. Der Schweizer Kinostart soll voraussichtlich ebenfalls Anfangs M\u00e4rz 2018 sein.<\/p>\n","protected":false},"excerpt":{"rendered":"<p>Die Romanverfilmung \u00abCall Me by Your Name\u00bb wurde noch nicht in den Kinos ausgestrahlt und schon denkt Regisseur Luca Guadagnino \u00fcber eine Fortsetzung der Liebesgeschichte nach. Diese soll 2020 auf die Leinwand gebracht werden. <a class=\"g1-link g1-link-more\" href=\"https:\/\/alte.mannschaft.lgbt\/bimber\/call-me-by-your-name-fortsetzung-geplant\/\">Weiterlesen<\/a><\/p>\n","protected":false},"author":1,"featured_media":33183,"comment_status":"open","ping_status":"open","sticky":false,"template":"","format":"standard","meta":[],"categories":[2],"tags":[5539,5541],"wps_subtitle":"","_links":{"self":[{"href":"https:\/\/alte.mannschaft.lgbt\/bimber\/wp-json\/wp\/v2\/posts\/33735"}],"collection":[{"href":"https:\/\/alte.mannschaft.lgbt\/bimber\/wp-json\/wp\/v2\/posts"}],"about":[{"href":"https:\/\/alte.mannschaft.lgbt\/bimber\/wp-json\/wp\/v2\/types\/post"}],"author":[{"embeddable":true,"href":"https:\/\/alte.mannschaft.lgbt\/bimber\/wp-json\/wp\/v2\/users\/1"}],"replies":[{"embeddable":true,"href":"https:\/\/alte.mannschaft.lgbt\/bimber\/wp-json\/wp\/v2\/comments?post=33735"}],"version-history":[{"count":7,"href":"https:\/\/alte.mannschaft.lgbt\/bimber\/wp-json\/wp\/v2\/posts\/33735\/revisions"}],"predecessor-version":[{"id":159055,"href":"https:\/\/alte.mannschaft.lgbt\/bimber\/wp-json\/wp\/v2\/posts\/33735\/revisions\/159055"}],"wp:featuredmedia":[{"embeddable":true,"href":"https:\/\/alte.mannschaft.lgbt\/bimber\/wp-json\/wp\/v2\/media\/33183"}],"wp:attachment":[{"href":"https:\/\/alte.mannschaft.lgbt\/bimber\/wp-json\/wp\/v2\/media?parent=33735"}],"wp:term":[{"taxonomy":"category","embeddable":true,"href":"https:\/\/alte.mannschaft.lgbt\/bimber\/wp-json\/wp\/v2\/categories?post=33735"},{"taxonomy":"post_tag","embeddable":true,"href":"https:\/\/alte.mannschaft.lgbt\/bimber\/wp-json\/wp\/v2\/tags?post=33735"}],"curies":[{"name":"wp","href":"https:\/\/api.w.org\/{rel}","templated":true}]}}