{"id":33070,"date":"2018-07-18T18:14:46","date_gmt":"2018-07-18T16:14:46","guid":{"rendered":"http:\/\/www.mannschaft.com\/?p=33070"},"modified":"2018-09-24T10:45:40","modified_gmt":"2018-09-24T08:45:40","slug":"ob-boris-palmer-soll-sich-bei-lgbtiq-community-entschuldigen","status":"publish","type":"post","link":"https:\/\/alte.mannschaft.lgbt\/bimber\/ob-boris-palmer-soll-sich-bei-lgbtiq-community-entschuldigen\/","title":{"rendered":"Boris Palmer soll sich bei LGBTIQ-Community entschuldigen"},"content":{"rendered":"<p>Der Oberb\u00fcrgermeister von T\u00fcbingen, Boris Palmer, ist Mitglied der Gr\u00fcnen und in seiner Partei \u00e4u\u00dferst umstritten. So verwendete er k\u00fcrzlich in einem Facebook-Post die Formulierung \u00abLSBTTIQ-Ankerzentrum\u00ab. Das wird vom Kreisverband T\u00fcbingen als \u00abh\u00f6chst unsensibel&#8220; kritisert. Das Akronym \u00abAnker\u00ab steht f\u00fcr Ankunft, Entscheidung, R\u00fcckfuhr &#8211; eine Erfindung des politischen Gegners, der CSU: In den Ankerzentren sollen Fl\u00fcchtlinge ohne Bleibeperspektive 48 Stunden festgehalten und nach der Entscheidung abgeschoben werden.<\/p>\n<p>Die Kritik der Gr\u00fcnen richtet sich gegen einen Facebook-Scherz des Oberb\u00fcrgermeisters, der einen rosafarbenen Anstrich in seiner Stadt als \u00abLSBTTQI-Ankerzentrum\u00ab bezeichnet hatte. Auch wenn Boris Palmer in der Installation am Europaplatz ein \u00absichtbares Zeichen f\u00fcr mehr Toleranz und Vielfalt\u00ab ausmachte, lautet die Kritik, so vermittelt die Wortwahl das Gegenteil. Demnach h\u00e4tten LGBTIQ-Menschen keine Bleibeperspektive in T\u00fcbingen.<\/p>\n<p><strong>Scherz auf Kosten von Minderheiten<br \/>\n<\/strong>\u00abDer T\u00fcbinger Oberb\u00fcrgermeister nutzt die Installation, die \u00fcber den Umbau des Europaplatzes informieren soll, um einen Scherz auf Kosten von Minderheiten zu machen\u00ab, hei\u00dft es in einer Pressemitteilung. Dass es Palmer dabei keineswegs um ein \u00abZeichen f\u00fcr Toleranz und Vielfalt\u00ab geht, zeigt sich an den teils deutlich feindseligen Kommentaren gegen\u00fcber LSBTTIQ, die er einfach unkommentiert stehen l\u00e4sst.<\/p>\n<div id=\"fb-root\"><\/div>\n<p><script>(function(d, s, id) {  var js, fjs = d.getElementsByTagName(s)[0];  if (d.getElementById(id)) return;  js = d.createElement(s); js.id = id;  js.src = 'https:\/\/connect.facebook.net\/de_DE\/sdk.js#xfbml=1&version=v3.0';  fjs.parentNode.insertBefore(js, fjs);}(document, 'script', 'facebook-jssdk'));<\/script><\/p>\n<div class=\"fb-post\" data-href=\"https:\/\/www.facebook.com\/ob.boris.palmer\/posts\/1960757020630487\" data-width=\"662\">\n<blockquote cite=\"https:\/\/www.facebook.com\/ob.boris.palmer\/posts\/1960757020630487\" class=\"fb-xfbml-parse-ignore\">\n<p>T\u00fcbingen wird LSBTTQI-AnkerzentrumIm Zentrum der Stadt haben wir jetzt rosa als Leitfarbe etabliert. So werden jetzt&#8230;<\/p>\n<p>Gepostet von <a href=\"https:\/\/www.facebook.com\/ob.boris.palmer\">Boris Palmer<\/a> am&nbsp;<a href=\"https:\/\/www.facebook.com\/ob.boris.palmer\/posts\/1960757020630487\">Montag, 9. Juli 2018<\/a><\/p><\/blockquote>\n<\/div>\n<p>Ebenso sei der Begriff \u00abMenschenrechtsfundamentalismus\u00ab, den er an anderer Stelle in Bezug auf die Verteidigung der Seenotrettung ertrinkender Menschen verwendet, inakzeptabel. \u00abDer Begriff verspottet Menschen und Organisationen, die sich f\u00fcr die Verteidigung und Durchsetzung von Menschenrechten einsetzen\u00ab, kritisiert der Kreisverband.<\/p>\n<blockquote><p>Wir fordern Boris Palmer auf, sich bei der LGBTIQ-Community zu entschuldigen<\/p><\/blockquote>\n<p>\u00abWir Gr\u00fcne sind eine Partei, die f\u00fcr die Menschenrechte aller Menschen k\u00e4mpft. Menschenrechte sind f\u00fcr uns unteilbar und universell g\u00fcltig. Und f\u00fcr uns steht fest, dass Menschenrechte verteidigt werden m\u00fcssen. Wir treten jeder Andeutung, bei der Verteidigung von Menschenrechten handele es sich um eine engstirnige Sichtweise, entschieden entgegen.\u00ab Als Oberb\u00fcrgermeister m\u00fcsse man st\u00e4rker auf seine Wortwahl achten und sich der Wirkung seiner Worte bewusst sein. Mit seinen Beitrag auf Facebook habe Palmer Menschen verletzt. \u00abWir fordern Boris Palmer deshalb auf, sich bei der LSBTTIQ-Community und allen Menschen und Organisationen, die sich unerm\u00fcdlich f\u00fcr die Menschenrechte einsetzen, zu entschuldigen.\u00ab<\/p>\n","protected":false},"excerpt":{"rendered":"<p>Der Kreisvorstand von B\u00fcndnis 90\/Die Gr\u00fcnen in T\u00fcbingen geht auf Distanz zu Oberb\u00fcrgermeister Palmer. Der m\u00fcsse st\u00e4rker auf seine Wortwahl achten, fordern sie. <a class=\"g1-link g1-link-more\" href=\"https:\/\/alte.mannschaft.lgbt\/bimber\/ob-boris-palmer-soll-sich-bei-lgbtiq-community-entschuldigen\/\">Weiterlesen<\/a><\/p>\n","protected":false},"author":1,"featured_media":33073,"comment_status":"closed","ping_status":"closed","sticky":false,"template":"","format":"standard","meta":[],"categories":[3,2],"tags":[5544],"wps_subtitle":"","_links":{"self":[{"href":"https:\/\/alte.mannschaft.lgbt\/bimber\/wp-json\/wp\/v2\/posts\/33070"}],"collection":[{"href":"https:\/\/alte.mannschaft.lgbt\/bimber\/wp-json\/wp\/v2\/posts"}],"about":[{"href":"https:\/\/alte.mannschaft.lgbt\/bimber\/wp-json\/wp\/v2\/types\/post"}],"author":[{"embeddable":true,"href":"https:\/\/alte.mannschaft.lgbt\/bimber\/wp-json\/wp\/v2\/users\/1"}],"replies":[{"embeddable":true,"href":"https:\/\/alte.mannschaft.lgbt\/bimber\/wp-json\/wp\/v2\/comments?post=33070"}],"version-history":[{"count":0,"href":"https:\/\/alte.mannschaft.lgbt\/bimber\/wp-json\/wp\/v2\/posts\/33070\/revisions"}],"wp:featuredmedia":[{"embeddable":true,"href":"https:\/\/alte.mannschaft.lgbt\/bimber\/wp-json\/wp\/v2\/media\/33073"}],"wp:attachment":[{"href":"https:\/\/alte.mannschaft.lgbt\/bimber\/wp-json\/wp\/v2\/media?parent=33070"}],"wp:term":[{"taxonomy":"category","embeddable":true,"href":"https:\/\/alte.mannschaft.lgbt\/bimber\/wp-json\/wp\/v2\/categories?post=33070"},{"taxonomy":"post_tag","embeddable":true,"href":"https:\/\/alte.mannschaft.lgbt\/bimber\/wp-json\/wp\/v2\/tags?post=33070"}],"curies":[{"name":"wp","href":"https:\/\/api.w.org\/{rel}","templated":true}]}}