{"id":33045,"date":"2018-07-12T09:49:09","date_gmt":"2018-07-12T07:49:09","guid":{"rendered":"http:\/\/www.mannschaft.com\/?p=32887"},"modified":"2019-07-22T09:41:32","modified_gmt":"2019-07-22T07:41:32","slug":"verunglimpfung-der-nationalflagge-repressionen-gegen-lgbtiq-in-polen","status":"publish","type":"post","link":"https:\/\/alte.mannschaft.lgbt\/bimber\/verunglimpfung-der-nationalflagge-repressionen-gegen-lgbtiq-in-polen\/","title":{"rendered":"\u201eVerunglimpfung der Nationalflagge\u201c \u2013 Repressionen gegen LGBTIQ in Polen"},"content":{"rendered":"<h3>Am Mittwoch hat die polnische Staatsanwaltschaft Ermittlungen gegen einen Teilnehmer des CSD in der 230.000-Einwohner-Stadt Cz\u0119stochowa (deutsch: Tschenstochau) wegen Verunglimpfung der polnischen Flagge und des polnischen Wappen eingeleitet.<\/h3>\n<p>Ein Teilnehmer trug am Sonntag eine Flagge mit dem wei\u00dfen Adler des polnischen Wappens auf Regenbogen-Hintergrund. <a href=\"http:\/\/www.mannschaft.com\/2018\/01\/schwuler-tv-journalist-in-polen-gefeuert\/\" target=\"_blank\" rel=\"noopener noreferrer\">(Die Repressionen gegen LGBTIQ in Polen nehmen seit Jahren zu.)<\/a><\/p>\n<p>Es war die erste Pride Parade in der Stadt Cz\u0119stochowa im s\u00fcdlichen Polen. Der Innenminister Polens Joachim Brudzi\u0144ski hatte in einem Tweet am Sonntag die Beschwerde eines Users aufgegriffen, der die Verunglimpfung der polnischen Flagge zuerst thematisiert hatte. Dort fragte er, warum Polizisten bei der Pride ignorieren w\u00fcrden, dass queere Aktivisten das polnische Nationalwappen missbrauchen w\u00fcrden.<\/p>\n<blockquote class=\"twitter-tweet lazyload\" data-expand=\"600\" data-script=\"https:\/\/platform.twitter.com\/widgets.js\"  data-width=\"550\" data-dnt=\"true\">\n<p lang=\"pl\" dir=\"ltr\">Policjanci zareagowali i w twej sprawie b\u0119dzie zawiadomienie do prokuratury o zniewa\u017cenie i profanacj\u0119 symboli narodowych. <a href=\"https:\/\/t.co\/LyEMPlqA45\">https:\/\/t.co\/LyEMPlqA45<\/a><\/p>\n<p>&mdash; Joachim Brudzi\u0144ski (@jbrudzinski) <a href=\"https:\/\/twitter.com\/jbrudzinski\/status\/1015966522651574274?ref_src=twsrc%5Etfw\">July 8, 2018<\/a><\/p><\/blockquote>\n<p>Dazu erkl\u00e4rt Sven Lehmann MdB, Sprecher f\u00fcr Queerpolitik der Gr\u00fcnen Bundestagsfraktion:<\/p>\n<p>&#8222;Die Bundesregierung muss sich auf europ\u00e4ischer Ebene klar und deutlich gegen die Einsch\u00fcchterung von Lesben, Schwulen, Bisexuellen, Trans* und intergeschlechtlichen Menschen in Polen aussprechen. Auch der Bundesinnenminister muss seinem polnischen Kollegen, Joachim Brudzi\u0144ski, der die Staatsanwaltschaft zur Er\u00f6ffnung eines Ermittlungsverfahrens aufgerufen hat, die Kritik Deutschlands \u00fcbermitteln. Es kann nicht sein, dass mitten in der Europ\u00e4ischen Union Staatsanwaltschaften missbraucht werden, um das Versammlungsrecht einzuschr\u00e4nken. Mutige LGBTIQ-Aktivist*innen und ihre Unterst\u00fctzer*innen verdienen unseren Respekt und unsere Solidarit\u00e4t. Die Demokratie und Menschenrechte in Polen gehen uns auch in Deutschland an!&#8220;<\/p>\n<p><a href=\"http:\/\/www.mannschaft.com\/2017\/06\/warschauer-pride-neuer-rekord\/\" target=\"_blank\" rel=\"noopener noreferrer\">Die Pride in Warschau fand im vergangenen Jahr mit neuem Besucherrekord statt.<\/a><\/p>\n","protected":false},"excerpt":{"rendered":"<p>Gegen einen Teilnehmer der Pride in Cz\u0119stochowa wird wegen der Verunglimpfung der polnischen Flagge und des polnischen Wappens ermittelt. Die Gr\u00fcnen in Deutschland protestieren. <a class=\"g1-link g1-link-more\" href=\"https:\/\/alte.mannschaft.lgbt\/bimber\/verunglimpfung-der-nationalflagge-repressionen-gegen-lgbtiq-in-polen\/\">Weiterlesen<\/a><\/p>\n","protected":false},"author":1,"featured_media":32890,"comment_status":"closed","ping_status":"closed","sticky":false,"template":"","format":"standard","meta":[],"categories":[2],"tags":[106,5503,5461],"wps_subtitle":"Ein Pride-Teilnehmer trug eine Flagge mit dem weissen Adler des polnischen Wappens auf Regenbogen-Hintergrund","_links":{"self":[{"href":"https:\/\/alte.mannschaft.lgbt\/bimber\/wp-json\/wp\/v2\/posts\/33045"}],"collection":[{"href":"https:\/\/alte.mannschaft.lgbt\/bimber\/wp-json\/wp\/v2\/posts"}],"about":[{"href":"https:\/\/alte.mannschaft.lgbt\/bimber\/wp-json\/wp\/v2\/types\/post"}],"author":[{"embeddable":true,"href":"https:\/\/alte.mannschaft.lgbt\/bimber\/wp-json\/wp\/v2\/users\/1"}],"replies":[{"embeddable":true,"href":"https:\/\/alte.mannschaft.lgbt\/bimber\/wp-json\/wp\/v2\/comments?post=33045"}],"version-history":[{"count":0,"href":"https:\/\/alte.mannschaft.lgbt\/bimber\/wp-json\/wp\/v2\/posts\/33045\/revisions"}],"wp:featuredmedia":[{"embeddable":true,"href":"https:\/\/alte.mannschaft.lgbt\/bimber\/wp-json\/wp\/v2\/media\/32890"}],"wp:attachment":[{"href":"https:\/\/alte.mannschaft.lgbt\/bimber\/wp-json\/wp\/v2\/media?parent=33045"}],"wp:term":[{"taxonomy":"category","embeddable":true,"href":"https:\/\/alte.mannschaft.lgbt\/bimber\/wp-json\/wp\/v2\/categories?post=33045"},{"taxonomy":"post_tag","embeddable":true,"href":"https:\/\/alte.mannschaft.lgbt\/bimber\/wp-json\/wp\/v2\/tags?post=33045"}],"curies":[{"name":"wp","href":"https:\/\/api.w.org\/{rel}","templated":true}]}}