{"id":32969,"date":"2018-07-03T10:17:43","date_gmt":"2018-07-03T08:17:43","guid":{"rendered":"http:\/\/www.mannschaft.com\/?p=32616"},"modified":"2018-09-24T13:24:02","modified_gmt":"2018-09-24T11:24:02","slug":"michael-michalsky-anders-ist-das-neue-normal","status":"publish","type":"post","link":"https:\/\/alte.mannschaft.lgbt\/bimber\/michael-michalsky-anders-ist-das-neue-normal\/","title":{"rendered":"Michael Michalsky: \u00abAnders ist das neue Normal\u00bb"},"content":{"rendered":"<p><em>In Berlin beginnt am Dienstag die Fashion Week. Fester Bestandteil ist die StyleNite von Designer Michael Michalsky. Der 51-J\u00e4hrige ist einer der erfolgreichsten deutschen Modedesigner und einer der bekanntesten, sp\u00e4testens seit er 2016 Wolfgang Joop als Juror in der ProSieben-Show \u00abGermany&#8217;s next Topmodel\u00bb abl\u00f6ste. Mit der Mannschaft plaudert er \u00fcber Vielfalt in der Mode<\/em><\/p>\n<p><strong>Herr Michalsky, wie wichtig ist es Ihnen, dass Gegenst\u00e4nde, mit denen Sie sich umgeben, gut aussehen?<\/strong><br \/>\nIn meinem privaten und beruflichen Umfeld ist mir das sehr wichtig. Wenn ich unterwegs bin und ich sehe etwas, was mir nicht gef\u00e4llt, st\u00f6rt mich das aber nicht. Ich sehe es eher als Chance mir direkt zu \u00fcberlegen, wie es anders aussehen k\u00f6nnte. Meistens entwickelt sich daraus auch eine konkrete Idee. Meine MICHALSKY Eyewear Kollektion mit Mister Spex ist zum Beispiel so entstanden.<\/p>\n<p><strong>Kann man Stil lernen oder hat man Stil und das Gesp\u00fcr daf\u00fcr im Blut?<\/strong><br \/>\nGuter Stil zieht sich durch alle Bereiche des Lebens \u2013 Kommunikation, Living, Reisen, Sex. Stil ist Geisteshaltung, eine Einstellung. Wenn man sich dazu entscheidet, seine Person und sein Verhalten auch mal zu hinterfragen, dann kann man einen guten Stil erlernen.<\/p>\n<figure id=\"attachment_32619\" aria-describedby=\"caption-attachment-32619\" style=\"width: 3608px\" class=\"wp-caption alignnone\"><img data-expand=\"600\" decoding=\"async\" loading=\"lazy\" class=\"lazyload size-full wp-image-32619\" src=\"data:image\/svg+xml;charset=utf-8,%3Csvg xmlns%3D'http%3A%2F%2Fwww.w3.org%2F2000%2Fsvg' viewBox%3D'0 0 3608 2706'%2F%3E\" data-src=\"http:\/\/www.mannschaft.com\/wp-content\/uploads\/2018\/07\/MICHALSKY_Portrait-Michael-Michalsky.jpg\" alt=\"Michael Michalsky\" width=\"3608\" height=\"2706\" \/><figcaption id=\"caption-attachment-32619\" class=\"wp-caption-text\">Foto: Promo\/Michalsky<\/figcaption><\/figure>\n<p><strong>Sie haben schon so ziemlich alles designt \u2013 von Schuhen und Kleidung \u00fcber Waschmittelverpackung und Katzenfutter bis Tapeten und Sofas. Fehlt noch was in der Sammlung, etwas auf das Sie gro\u00dfe Lust h\u00e4tten?<\/strong><br \/>\nIch habe viele Dinge, die ich noch designen m\u00f6chte. Und jeden Tag kommen neue Ideen dazu. Mein Beruf ist zum Gl\u00fcck kein Nine-to-five-Job. Ich befasse mich im Grunde den ganzen Tag mit dem \u00e4sthetischen Anspruch von Dingen \u2013 ob beim Dinner mit Freunden oder beim Run durch Kreuzberg. Mich reizt es beispielsweise mal ein komplettes Hotel zu designen.<\/p>\n<p><strong>Sie sind seit der elften Staffel Mentor und Jurymitglied der Casting-Show \u00abGermanys Next Topmodel\u00bb. Warum, glauben Sie, ist dieses Format so erfolgreich?<\/strong><br \/>\nDie Show ist relevanter denn je. Das haben die Zuschauerzahlen gerade wieder bewiesen. Ich wurde oft in der Vergangenheit gefragt, ob ich bei der Show mitmachen m\u00f6chte. Aber erst als das Konzept ge\u00e4ndert wurde, habe ich mich dazu entschieden. Ich glaube, dass ich einiges dazu beitragen konnte, dass man Models mit anderen Augen sieht. <a href=\"http:\/\/www.mannschaft.com\/2018\/02\/erstes-schweizer-transgender-model-bei-gntm\/\" target=\"_blank\" rel=\"noopener\">F\u00fcr mich kommt Sch\u00f6nheit in verschiedenen Nuancen und genau das vertrete ich auch in der Show.<\/a><\/p>\n<p><strong>Eine Studie hat herausgefunden, dass bei jedem dritten M\u00e4dchen oder Jungen, die wegen Essst\u00f6rungen behandelt werden, diese Show verantwortlich sei. Das haben die Teilnehmer selber gesagt. Wie wichtig finden Sie es, bei den Kandidatinnen f\u00fcr eine Ausgewogenheit an K\u00f6rperbildern zu sorgen?<\/strong><br \/>\nF\u00fcr meine Fashion Shows caste ich seit Jahren die unterschiedlichsten Models. Mario Galla, der mit einem verk\u00fcrzten Bein auf die Welt gekommen ist, ist bei mir gelaufen. Und auch Evelyn Hall hat mit \u00fcber 60 ihre Modelkarriere bei mir begonnen. Mir ist nicht wichtig, welche Hautfarbe, sexuelle Orientierung, welches Geschlecht oder Alter ein Model hat. F\u00fcr mich ist Anders das neue Normal und das reflektiert auch die Show.<\/p>\n<p><strong>Das vollst\u00e4ndige Interview steht in der Juli\/August-Ausgabe der <em>Mannschaft.<\/em> Hier geht&#8217;s zum <a href=\"http:\/\/www.mannschaft.com\/abonnieren\" target=\"_blank\" rel=\"noopener\">Abo (Deutschland)<\/a>&#8211; und <a href=\"http:\/\/www.mannschaft.com\/abo\/\" target=\"_blank\" rel=\"noopener\">hier auch (Schweiz)<\/a>.<\/strong><\/p>\n","protected":false},"excerpt":{"rendered":"<p>Es ist wieder Fashion Week in Berlin. Mit dabei wie jedes Jahr ist auch Michael Michalsky. Mit ihm sprachen wir \u00fcber Vielfalt in der Mode und der Sendung \u00abGermany&#8217;s Next Topmodel\u00bb. <a class=\"g1-link g1-link-more\" href=\"https:\/\/alte.mannschaft.lgbt\/bimber\/michael-michalsky-anders-ist-das-neue-normal\/\">Weiterlesen<\/a><\/p>\n","protected":false},"author":3,"featured_media":38410,"comment_status":"closed","ping_status":"closed","sticky":false,"template":"","format":"standard","meta":[],"categories":[10],"tags":[5466,998,5540],"wps_subtitle":"","_links":{"self":[{"href":"https:\/\/alte.mannschaft.lgbt\/bimber\/wp-json\/wp\/v2\/posts\/32969"}],"collection":[{"href":"https:\/\/alte.mannschaft.lgbt\/bimber\/wp-json\/wp\/v2\/posts"}],"about":[{"href":"https:\/\/alte.mannschaft.lgbt\/bimber\/wp-json\/wp\/v2\/types\/post"}],"author":[{"embeddable":true,"href":"https:\/\/alte.mannschaft.lgbt\/bimber\/wp-json\/wp\/v2\/users\/3"}],"replies":[{"embeddable":true,"href":"https:\/\/alte.mannschaft.lgbt\/bimber\/wp-json\/wp\/v2\/comments?post=32969"}],"version-history":[{"count":0,"href":"https:\/\/alte.mannschaft.lgbt\/bimber\/wp-json\/wp\/v2\/posts\/32969\/revisions"}],"wp:featuredmedia":[{"embeddable":true,"href":"https:\/\/alte.mannschaft.lgbt\/bimber\/wp-json\/wp\/v2\/media\/38410"}],"wp:attachment":[{"href":"https:\/\/alte.mannschaft.lgbt\/bimber\/wp-json\/wp\/v2\/media?parent=32969"}],"wp:term":[{"taxonomy":"category","embeddable":true,"href":"https:\/\/alte.mannschaft.lgbt\/bimber\/wp-json\/wp\/v2\/categories?post=32969"},{"taxonomy":"post_tag","embeddable":true,"href":"https:\/\/alte.mannschaft.lgbt\/bimber\/wp-json\/wp\/v2\/tags?post=32969"}],"curies":[{"name":"wp","href":"https:\/\/api.w.org\/{rel}","templated":true}]}}