{"id":30371,"date":"2018-05-09T10:33:43","date_gmt":"2018-05-09T08:33:43","guid":{"rendered":"http:\/\/www.mannschaft.com\/?p=30371"},"modified":"2018-09-24T11:24:29","modified_gmt":"2018-09-24T09:24:29","slug":"cvp-mann-mann-geht-nicht","status":"publish","type":"post","link":"https:\/\/alte.mannschaft.lgbt\/bimber\/cvp-mann-mann-geht-nicht\/","title":{"rendered":"CVP: \u00abMann + Mann: Geht nicht\u00bb"},"content":{"rendered":"<p>Mit seinem Tweet \u00abMann+Frau: Geht. Frau+Frau: Geht irgendwie. Mann+Mann: Geht nicht.\u00bb hat der Luzerner CVP-Pr\u00e4sident Christian Ineichen seine Meinung zum Thema \u00abEhe f\u00fcr alle\u00bb ge\u00e4ussert. <\/p>\n<p>Die Debatte angestossen hat CVP-Politiker Michael Kaufmann aus dem Kanton Aargau. Auf Twitter teilte er ein Zitat von Alt-Bundesr\u00e4tin Ruth Metzler, ebenfalls CVP, die sich gegen\u00fcber dem Magazin der Zurich Pride f\u00fcr mehr Rechte f\u00fcr homosexuelle Paare aussprach. Metzler war 2002 als damalige Justizministerin treibende Kraft hinter dem definitiven Gesetzesvorschlag f\u00fcr die eingetragene Partnerschaft. Nun sei die Zeit reif, \u00abum \u00fcber weitere Gleichstellungsschritte zu diskutieren \u2013 die Politik ist gefordert!\u00bb, sagte sie gegen\u00fcber der Zurich Pride.<\/p>\n<blockquote class=\"twitter-tweet\" data-lang=\"de\">\n<p lang=\"de\" dir=\"ltr\">Seit der parlamentarischen Beratungen zur eingetragenen Partnerschafts sind rund 15 Jahre ins Land gezogen. Alt-<a href=\"https:\/\/twitter.com\/CVP_PDC?ref_src=twsrc%5Etfw\">@CVP_PDC<\/a>-Bundesr\u00e4tin Ruth Metzler ist davon \u00fcberzeugt, dass die Zeit nun reif ist \u00fcber weitere Gleichstellungsschritte zu diskutieren. <a href=\"https:\/\/twitter.com\/hashtag\/EhefuerAlle?src=hash&amp;ref_src=twsrc%5Etfw\">#EhefuerAlle<\/a> <a href=\"https:\/\/t.co\/IC69EpaVRb\">pic.twitter.com\/IC69EpaVRb<\/a><\/p>\n<p>&mdash; Michael Kaufmann (@TheDudeLebovski) <a href=\"https:\/\/twitter.com\/TheDudeLebovski\/status\/993135007148462081?ref_src=twsrc%5Etfw\">6. Mai 2018<\/a><\/p><\/blockquote>\n<p><script async src=\"https:\/\/platform.twitter.com\/widgets.js\" charset=\"utf-8\"><\/script><\/p>\n<blockquote class=\"twitter-tweet\" data-lang=\"de\">\n<p lang=\"de\" dir=\"ltr\">Mann+Frau: Geht.<br \/>Frau+Frau: Geht irgendwie.<br \/>Mann+Mann: Geht nicht.<\/p>\n<p>&mdash; Christian Ineichen (@Chr_Ineichen) <a href=\"https:\/\/twitter.com\/Chr_Ineichen\/status\/993736332148199425?ref_src=twsrc%5Etfw\">8. Mai 2018<\/a><\/p><\/blockquote>\n<p><script async src=\"https:\/\/platform.twitter.com\/widgets.js\" charset=\"utf-8\"><\/script><\/p>\n<p>Ineichen, der sich auf seiner Website als \u00abDie Eiche. Aus dem Entlebuch\u00bb bezeichnet, teilt die Meinung seiner ehemaligen Parteikollegin nicht. \u00abWir sollten in den Grenzen der Biologie bleiben und deren Vorsehungen anerkennen\u00bb, twitterte er. <\/p>\n<blockquote class=\"twitter-tweet\" data-lang=\"de\">\n<p lang=\"de\" dir=\"ltr\">Und: Wir sollten in den Grenzen der Biologie bleiben und deren Vorsehungen anerkennen.<\/p>\n<p>&mdash; Christian Ineichen (@Chr_Ineichen) <a href=\"https:\/\/twitter.com\/Chr_Ineichen\/status\/993626347548364800?ref_src=twsrc%5Etfw\">7. Mai 2018<\/a><\/p><\/blockquote>\n<p><script async src=\"https:\/\/platform.twitter.com\/widgets.js\" charset=\"utf-8\"><\/script><\/p>\n<p>Reaktionen liessen nicht lange auf sich warten. Die CVP w\u00fcrde ihr \u00abr\u00fcckst\u00e4ndiges, stockkonservatives Gesicht zeigen\u00bb, twitterte Marco Baumann, Vizepr\u00e4sident der Stadtluzerner Jungfreisinnigen und Vorstandsmitglied von Pink Cross Schweiz. Anne-Sophie Morand, Pr\u00e4sidentin der Jungfreisinnigen Kriens und Vertreterin der Zurich Pride, doppelt nach: \u00abUnd so einer ist CVP-Pr\u00e4sident.\u00bb<\/p>\n<blockquote class=\"twitter-tweet\" data-lang=\"de\">\n<p lang=\"de\" dir=\"ltr\">Die <a href=\"https:\/\/twitter.com\/cvpluzern?ref_src=twsrc%5Etfw\">@cvpluzern<\/a> zeigt ihr r\u00fcckst\u00e4ndiges stockkonservatives Gesicht. Die <a href=\"https:\/\/twitter.com\/hashtag\/ehefueralle?src=hash&amp;ref_src=twsrc%5Etfw\">#ehefueralle<\/a> will die \u00d6ffnung der zivilrechtlichen Ehe und den Zugang zum Adoptionsverfahren f\u00fcr homosexuelle Paare erm\u00f6glichen, nicht Gott spielen. Zivilehe und verwaiste Kinder sind durch Menschen verursacht <a href=\"https:\/\/t.co\/YIAYy4ksJt\">https:\/\/t.co\/YIAYy4ksJt<\/a><\/p>\n<p>&mdash; Marco Baumann (@MarcoBume) <a href=\"https:\/\/twitter.com\/MarcoBume\/status\/993793961872560128?ref_src=twsrc%5Etfw\">8. Mai 2018<\/a><\/p><\/blockquote>\n<p><script async src=\"https:\/\/platform.twitter.com\/widgets.js\" charset=\"utf-8\"><\/script><\/p>\n<blockquote class=\"twitter-tweet\" data-lang=\"de\">\n<p lang=\"de\" dir=\"ltr\">Und so einer ist CVP-Pr\u00e4sident des Kantons Luzern\ud83d\ude33\ud83d\ude35\ud83d\udc4e\ud83c\udffc <a href=\"https:\/\/twitter.com\/hashtag\/20minuten?src=hash&amp;ref_src=twsrc%5Etfw\">#20minuten<\/a> <a href=\"https:\/\/twitter.com\/hashtag\/blick?src=hash&amp;ref_src=twsrc%5Etfw\">#blick<\/a> <a href=\"https:\/\/twitter.com\/hashtag\/luzernerzeitung?src=hash&amp;ref_src=twsrc%5Etfw\">#luzernerzeitung<\/a> <a href=\"https:\/\/twitter.com\/hashtag\/blickamabend?src=hash&amp;ref_src=twsrc%5Etfw\">#blickamabend<\/a> <a href=\"https:\/\/twitter.com\/hashtag\/nzz?src=hash&amp;ref_src=twsrc%5Etfw\">#nzz<\/a> <a href=\"https:\/\/twitter.com\/hashtag\/tagesanzeiger?src=hash&amp;ref_src=twsrc%5Etfw\">#tagesanzeiger<\/a> <a href=\"https:\/\/twitter.com\/hashtag\/watson?src=hash&amp;ref_src=twsrc%5Etfw\">#watson<\/a> <a href=\"https:\/\/twitter.com\/hashtag\/nau?src=hash&amp;ref_src=twsrc%5Etfw\">#nau<\/a> <a href=\"https:\/\/twitter.com\/hashtag\/cvp?src=hash&amp;ref_src=twsrc%5Etfw\">#cvp<\/a> <a href=\"https:\/\/twitter.com\/hashtag\/FDP?src=hash&amp;ref_src=twsrc%5Etfw\">#FDP<\/a> <a href=\"https:\/\/twitter.com\/hashtag\/spschweiz?src=hash&amp;ref_src=twsrc%5Etfw\">#spschweiz<\/a> <a href=\"https:\/\/twitter.com\/hashtag\/glp?src=hash&amp;ref_src=twsrc%5Etfw\">#glp<\/a> <a href=\"https:\/\/twitter.com\/hashtag\/jungfreisinnigeschweiz?src=hash&amp;ref_src=twsrc%5Etfw\">#jungfreisinnigeschweiz<\/a> <a href=\"https:\/\/t.co\/RQmNZjKS9J\">pic.twitter.com\/RQmNZjKS9J<\/a><\/p>\n<p>&mdash; Anne-Sophie Morand (@morand_as) <a href=\"https:\/\/twitter.com\/morand_as\/status\/993798655026126848?ref_src=twsrc%5Etfw\">8. Mai 2018<\/a><\/p><\/blockquote>\n<p><script async src=\"https:\/\/platform.twitter.com\/widgets.js\" charset=\"utf-8\"><\/script><\/p>\n<p>Gegen\u00fcber der Luzerner Zeitung sagte Ineichen, die Tweets w\u00fcrden seine pers\u00f6nliche Meinung widerspiegeln und nicht die Haltung der CVP: \u00abDie Kommentare habe ich notabene \u00fcber meinen privaten Twitter-Account abgesetzt.\u00bb Der Politiker habe M\u00fche damit, wenn man pl\u00f6tzlich das ganze Familienbild auf den Kopf stellen wolle. \u00abIch bin der Ansicht, dass man sich in der Familienpolitik an den Spielregeln der Biologie orientieren soll. Grunds\u00e4tzlich bin ich schon daf\u00fcr, dass man \u00fcber neue Modelle in Partnerschaft und Familie sprechen und diese auch offen diskutieren soll. Ich pers\u00f6nlich bin so weit aufgeschlossen, dass ich neue Lebensformen und Partnerschaftsmodelle akzeptiere.\u00bb<\/p>\n<p>Der 39-j\u00e4hrige Politiker zeigt sich aber auch gespr\u00e4chsbereit, die Debatte \u00fcber die \u00abEhe f\u00fcr alle\u00bb m\u00fcsse man f\u00fchren. \u00abMerkw\u00fcrdigerweise zeigt sich nun ein Teil derjeniger, die immer Toleranz fordern, sehr intolerant gegen\u00fcber Leuten wie mir, die eine andere Meinung haben.  Offenbar habe ich da in ein Wespennest gestochen. Aber ich w\u00fcrde lieber mal mit denen, die anderer Meinung sind als ich, auf ein Bier zusammensitzen und reden, statt deren kritische Kommentare auf Twitter lesen zu m\u00fcssen\u00bb, sagte er.<\/p>\n","protected":false},"excerpt":{"rendered":"<p>Der Luzerner CVP-Pr\u00e4sident Christian Ineichen kann mit der \u00abEhe f\u00fcr alle\u00bb nicht viel anfangen, wenn es um zwei M\u00e4nner geht. Bei zwei Frauen \u00abirgendwie\u00bb schon. <a class=\"g1-link g1-link-more\" href=\"https:\/\/alte.mannschaft.lgbt\/bimber\/cvp-mann-mann-geht-nicht\/\">Weiterlesen<\/a><\/p>\n","protected":false},"author":1,"featured_media":30373,"comment_status":"closed","ping_status":"closed","sticky":false,"template":"","format":"standard","meta":[],"categories":[1340],"tags":[5449,5544,56],"wps_subtitle":"","_links":{"self":[{"href":"https:\/\/alte.mannschaft.lgbt\/bimber\/wp-json\/wp\/v2\/posts\/30371"}],"collection":[{"href":"https:\/\/alte.mannschaft.lgbt\/bimber\/wp-json\/wp\/v2\/posts"}],"about":[{"href":"https:\/\/alte.mannschaft.lgbt\/bimber\/wp-json\/wp\/v2\/types\/post"}],"author":[{"embeddable":true,"href":"https:\/\/alte.mannschaft.lgbt\/bimber\/wp-json\/wp\/v2\/users\/1"}],"replies":[{"embeddable":true,"href":"https:\/\/alte.mannschaft.lgbt\/bimber\/wp-json\/wp\/v2\/comments?post=30371"}],"version-history":[{"count":0,"href":"https:\/\/alte.mannschaft.lgbt\/bimber\/wp-json\/wp\/v2\/posts\/30371\/revisions"}],"wp:featuredmedia":[{"embeddable":true,"href":"https:\/\/alte.mannschaft.lgbt\/bimber\/wp-json\/wp\/v2\/media\/30373"}],"wp:attachment":[{"href":"https:\/\/alte.mannschaft.lgbt\/bimber\/wp-json\/wp\/v2\/media?parent=30371"}],"wp:term":[{"taxonomy":"category","embeddable":true,"href":"https:\/\/alte.mannschaft.lgbt\/bimber\/wp-json\/wp\/v2\/categories?post=30371"},{"taxonomy":"post_tag","embeddable":true,"href":"https:\/\/alte.mannschaft.lgbt\/bimber\/wp-json\/wp\/v2\/tags?post=30371"}],"curies":[{"name":"wp","href":"https:\/\/api.w.org\/{rel}","templated":true}]}}