{"id":30325,"date":"2018-05-07T11:46:16","date_gmt":"2018-05-07T09:46:16","guid":{"rendered":"http:\/\/www.mannschaft.com\/?p=30325"},"modified":"2018-05-07T11:46:16","modified_gmt":"2018-05-07T09:46:16","slug":"gluecklich-als-schwuler-vater-besser-gehts-nicht","status":"publish","type":"post","link":"https:\/\/alte.mannschaft.lgbt\/bimber\/gluecklich-als-schwuler-vater-besser-gehts-nicht\/","title":{"rendered":"Gl\u00fccklich als schwuler Vater: &#8222;Besser geht&#8217;s nicht&#8220;"},"content":{"rendered":"<p><em>Marco (32) ist ein schwuler Vater aus Mannheim. Gemeinsam mit Janna (35) hat er eine Tochter. Beide arbeiten als Gewerkschaftssekret\u00e4r*in. Er in Frankfurt, sie in Mannheim. Ein Paar sind sie aber nicht. Schlie\u00dflich stehen beide auf M\u00e4nner.<\/em><\/p>\n<p><strong>Marco, es war Dir wichtig, mit 30 Papa zu sein und nicht viel sp\u00e4ter &#8211; warum?<\/strong><br \/>\nDas war eine Kombi aus selbstgew\u00e4hlter Deadline und dem Gedanken, ein relativ junger Papa sein zu wollen. Dass das dann wirklich geklappt hat &#8211; Nora wurde im November geboren und im M\u00e4rz drauf wurde ich 31 &#8211; war aber eher Zufall.<\/p>\n<p><strong>Es gibt ja verschiedene Wege zur Vaterschaft, die unterschiedlich kompliziert oder auch teuer sind (Adoption, Leihmutter etc.). War es f\u00fcr Dich direkt klar, dass Du den gew\u00e4hlten Weg gehst?<\/strong><br \/>\nNee. Lange war eher Adoption die Idee, mit meinem damaligen Freund. Eher zuf\u00e4llig kam dann heraus, dass Janna auch diesen Kinderwunsch hat, und damit war dann Co-Parenting dann ein m\u00f6glicher Weg.<\/p>\n<p><strong>Habt Ihr Euch in irgendeiner Form rechtlich abgesichert, einen Vertrag o.\u00c4. gemacht?<\/strong><br \/>\nIch habe bereits vor der Geburt offiziell die Vaterschaft beim Jugendamt anerkannt, und wir haben beide offiziell das Sorgerecht, also geteiltes Sorgerecht. Besser geht&#8217;s im deutschen Familienrecht nicht (<em>lacht<\/em>).<\/p>\n<p><strong>Wie positiv auf einer Skala von 1 bis 10 kam bei Deinen Eltern und Freunden Eure Familienkonstellation an?<\/strong><br \/>\nAlso, meine Mama war, als ich es ihr erz\u00e4hlt habe, so bei 5. Als Janna dann tats\u00e4chlich schwanger war, so bei nach 10. Meine Familie v\u00e4terlichseits war bei eher bei 3 und meinte, es w\u00e4re ja wie ein Scheidungskind und ein Mann, der sich allein um ein Kind k\u00fcmmert, das ginge ja eh nicht. Und im Freundeskreis w\u00fcrde ich sagen, lagen alle durchweg zwischen 7-10.<\/p>\n<p><strong>Soll es bei dem einen Kind bleiben?<\/strong><br \/>\nErstmal schon. Also so auch wenn wir uns abwechseln, so bin ich trotzdem in Teilzeit alleinerziehend, und das ist ganz sch\u00f6n anstrengend. Ich kann mir schon vorstellen, mehr als ein Kind zu haben und auch in einem solchen Modell, dann aber doch lieber in einer Beziehung, wo man sich dann gemeinsam k\u00fcmmert. <a href=\"https:\/\/www.zinio.com\/de\/mannschaft-magazin-m8841#\/\" target=\"_blank\" rel=\"noopener noreferrer\">(Das ausf\u00fchrliche Interview steht im Mai-Heft der <em>Mannschaft<\/em> &#8211; hier geht&#8217;s zur digitalen Ausgabe!)<\/a><\/p>\n<blockquote><p>Kein Kind darf bez\u00fcglich seiner Familienform diskriminiert werden<\/p><\/blockquote>\n<p>Zum Internationalen Regenbogenfamilientag mit dem Motto \u201eChildren\u2018s Rights Matter\u201c am 6. Mai hat der LSVD erkl\u00e4rt:<\/p>\n<p>&#8222;Familie ist, wo Kinder sind. Die staatliche Verpflichtung, Familien zu sch\u00fctzen, ist im Grundgesetz festgelegt. Zudem hat sich die Bundesregierung im Koalitionsvertrag die St\u00e4rkung und Entlastung von Familien ausdr\u00fccklich zum Ziel gesetzt und sich verpflichtet, kein bestimmtes Familienmodell vorzuschreiben. Eine St\u00e4rkung und sp\u00fcrbare Entlastung w\u00e4re ein modernes Familien- und Abstammungsrecht.&#8220; Der Lesben- und Schwulenverband (LSVD) fordert daher die Anerkennung und rechtliche Absicherung der Vielfalt an gelebten Familienformen. &#8222;Homophobie und Transfeindlichkeit schaden dem Kindeswohl und Familien&#8220;, so Gabriela L\u00fcnsmann, Mitglied im LSVD-Bundesvorstand.<\/p>\n<p>&#8222;Die jetzige Diskriminierung von Regenbogenfamilien im Abstammungs- und Familienrecht geht zu Lasten der Versorgung und Absicherung der Kinder, die in Regenbogenfamilien aufwachsen. Kein Kind darf bez\u00fcglich seiner Familienform diskriminiert werden&#8220;, erkl\u00e4rte L\u00fcnsmann.<\/p>\n","protected":false},"excerpt":{"rendered":"<p>Am 10. Mai ist Vatertag. Der 32-j\u00e4hrige Marco darf ihn schon zum zweiten Mal feiern. Mit der Mutter seiner Tochter teilt er sich das Sorgerecht. <a class=\"g1-link g1-link-more\" href=\"https:\/\/alte.mannschaft.lgbt\/bimber\/gluecklich-als-schwuler-vater-besser-gehts-nicht\/\">Weiterlesen<\/a><\/p>\n","protected":false},"author":3,"featured_media":30326,"comment_status":"closed","ping_status":"closed","sticky":false,"template":"","format":"standard","meta":[],"categories":[3,2],"tags":[5538,5509],"wps_subtitle":"","_links":{"self":[{"href":"https:\/\/alte.mannschaft.lgbt\/bimber\/wp-json\/wp\/v2\/posts\/30325"}],"collection":[{"href":"https:\/\/alte.mannschaft.lgbt\/bimber\/wp-json\/wp\/v2\/posts"}],"about":[{"href":"https:\/\/alte.mannschaft.lgbt\/bimber\/wp-json\/wp\/v2\/types\/post"}],"author":[{"embeddable":true,"href":"https:\/\/alte.mannschaft.lgbt\/bimber\/wp-json\/wp\/v2\/users\/3"}],"replies":[{"embeddable":true,"href":"https:\/\/alte.mannschaft.lgbt\/bimber\/wp-json\/wp\/v2\/comments?post=30325"}],"version-history":[{"count":0,"href":"https:\/\/alte.mannschaft.lgbt\/bimber\/wp-json\/wp\/v2\/posts\/30325\/revisions"}],"wp:featuredmedia":[{"embeddable":true,"href":"https:\/\/alte.mannschaft.lgbt\/bimber\/wp-json\/wp\/v2\/media\/30326"}],"wp:attachment":[{"href":"https:\/\/alte.mannschaft.lgbt\/bimber\/wp-json\/wp\/v2\/media?parent=30325"}],"wp:term":[{"taxonomy":"category","embeddable":true,"href":"https:\/\/alte.mannschaft.lgbt\/bimber\/wp-json\/wp\/v2\/categories?post=30325"},{"taxonomy":"post_tag","embeddable":true,"href":"https:\/\/alte.mannschaft.lgbt\/bimber\/wp-json\/wp\/v2\/tags?post=30325"}],"curies":[{"name":"wp","href":"https:\/\/api.w.org\/{rel}","templated":true}]}}