{"id":30315,"date":"2018-05-05T10:59:26","date_gmt":"2018-05-05T08:59:26","guid":{"rendered":"http:\/\/www.mannschaft.com\/?p=30315"},"modified":"2021-05-25T16:15:23","modified_gmt":"2021-05-25T14:15:23","slug":"verliebt-in-den-besten-freund","status":"publish","type":"post","link":"https:\/\/alte.mannschaft.lgbt\/bimber\/verliebt-in-den-besten-freund\/","title":{"rendered":"Ber\u00fchrender Kurzfilm: Verliebt in den besten Freund"},"content":{"rendered":"<h3>Das Verliebtsein in den besten Freund oder die beste Freundin haben Generationen von queeren Teenagern erlebt. Die Geschichte von Miguel erz\u00e4hlt von der Sehnsucht nach N\u00e4he und dem Verschwimmen der Grenze zwischen Freundschaft und Liebe.<\/h3>\n<p>\u00abEin Stern weniger am Himmel\u00bb ist ein spanischer Film, den das Medienprojekt queerblick u.a. mit deutschen Untertiteln zeigt. Regisseur ist der Kubaner Roberto Carlos. <a href=\"http:\/\/www.mannschaft.com\/2018\/05\/mariela-castro-will-ehe-fuer-alle-in-kuba-durchsetzen\/\" target=\"_blank\" rel=\"noopener noreferrer\">(In Kuba will Mariela Castro die Ehe \u00f6ffnen.)<\/a><\/p>\n<p>Mit gerade einmal 17 Jahren drehte er den Film. Seine Botschaft: \u00abIch wollte schon immer einen Kurzfilm machen, der die Situation von vielen Jungs reflektiert. So viele von ihnen f\u00fchlen, dass sie keinen Platz in der Welt haben. Ich wollte ihnen zeigen, dass sie nicht allein sind.\u00bb<\/p>\n<p>Offensichtlich ist dieser Plan aufgegangen. \u00abIch habe so viele Nachrichten von Menschen auf der ganzen Welt erhalten, dass sie sich mit der Geschichte identifizieren konnten. Das macht mich sehr gl\u00fccklich\u00bb, sagt Carlos.<\/p>\n<figure id=\"attachment_30323\" aria-describedby=\"caption-attachment-30323\" style=\"width: 1918px\" class=\"wp-caption alignnone\"><img data-expand=\"600\" decoding=\"async\" loading=\"lazy\" class=\"lazyload size-full wp-image-30323\" src=\"data:image\/svg+xml;charset=utf-8,%3Csvg xmlns%3D'http%3A%2F%2Fwww.w3.org%2F2000%2Fsvg' viewBox%3D'0 0 1918 806'%2F%3E\" data-src=\"https:\/\/mannschaft.com\/bimber\/wp-content\/uploads\/2018\/05\/1.jpg\" alt=\"Verliebt\" width=\"1918\" height=\"806\" data-srcset=\"https:\/\/alte.mannschaft.lgbt\/bimber\/wp-content\/uploads\/2018\/05\/1.jpg 1918w, https:\/\/alte.mannschaft.lgbt\/bimber\/wp-content\/uploads\/2018\/05\/1-400x168.jpg 400w, https:\/\/alte.mannschaft.lgbt\/bimber\/wp-content\/uploads\/2018\/05\/1-300x126.jpg 300w, https:\/\/alte.mannschaft.lgbt\/bimber\/wp-content\/uploads\/2018\/05\/1-768x323.jpg 768w, https:\/\/alte.mannschaft.lgbt\/bimber\/wp-content\/uploads\/2018\/05\/1-1024x430.jpg 1024w\" data-sizes=\"(max-width: 1918px) 100vw, 1918px\" \/><figcaption id=\"caption-attachment-30323\" class=\"wp-caption-text\">Verliebt in den besten Freund (Screenshot\/EIN STERN WENIGER AM HIMMEL)<\/figcaption><\/figure>\n<p>Selbst habe er eine solche Situation aber noch nicht erlebt, sagt der nunmehr 19-J\u00e4hrige, der mittlerweile in den USA lebt und studiert. Dennoch spielte er der Hauptrolle Miguel. Das war Zweifelsohne eine Doppelbelastung f\u00fcr ihn, der sich das Filmemachen selbst beigebracht hat. \u00abEs war ziemlich kompliziert, aber nicht unm\u00f6glich. Ich habe jede einzelne Entscheidung in diesem Film getroffen. Dazu geh\u00f6rte auch, selbst die Hauptrolle zu spielen. Denn ich wusste genau, was sie f\u00fchlen sollte.\u00bb<\/p>\n<div id=\"g1-fluid-wrapper-counter-1\" class=\"g1-fluid-wrapper \" style=\"width:662px;\" data-g1-fluid-width=\"662\" data-g1-fluid-height=\"372\">\n<div class=\"g1-fluid-wrapper-inner\" style=\"padding-bottom:56.19335347432%;\">\n<div class=\"mace-youtube\" data-mace-video=\"https:\/\/www.youtube.com\/embed\/PNF6TIEPIMs?showinfo=0&#038;rel=1&#038;ytp-pause-overlay=1&#038;autoplay=1&#038;enablejsapi=1\" data-mace-video-thumb=\"https:\/\/img.youtube.com\/vi\/PNF6TIEPIMs\/hqdefault.jpg\">\n<div class=\"mace-play-button\"><\/div>\n<\/div><\/div>\n<\/p><\/div>\n<p>Dass sich dieses Gef\u00fchl vermittelt, beweisen mehr als 200&#8217;000 Videoabrufe des spanischen Originalfilms. Mit queerblick soll nun auch deutsches, englisches, franz\u00f6sisches, t\u00fcrkisches und hindi Publikum erreicht werden.<\/p>\n","protected":false},"excerpt":{"rendered":"<p>Das Verliebtsein in den besten Freund oder die beste Freundin haben Generationen von queeren Teenagern erlebt. Die Geschichte von Miguel erz\u00e4hlt von der Sehnsucht nach N\u00e4he und dem Verschwimmen der Grenze zwischen Freundschaft und Liebe. <a class=\"g1-link g1-link-more\" href=\"https:\/\/alte.mannschaft.lgbt\/bimber\/verliebt-in-den-besten-freund\/\">Weiterlesen<\/a><\/p>\n","protected":false},"author":1,"featured_media":30316,"comment_status":"closed","ping_status":"closed","sticky":false,"template":"","format":"standard","meta":[],"categories":[2],"tags":[5442,672],"wps_subtitle":"","_links":{"self":[{"href":"https:\/\/alte.mannschaft.lgbt\/bimber\/wp-json\/wp\/v2\/posts\/30315"}],"collection":[{"href":"https:\/\/alte.mannschaft.lgbt\/bimber\/wp-json\/wp\/v2\/posts"}],"about":[{"href":"https:\/\/alte.mannschaft.lgbt\/bimber\/wp-json\/wp\/v2\/types\/post"}],"author":[{"embeddable":true,"href":"https:\/\/alte.mannschaft.lgbt\/bimber\/wp-json\/wp\/v2\/users\/1"}],"replies":[{"embeddable":true,"href":"https:\/\/alte.mannschaft.lgbt\/bimber\/wp-json\/wp\/v2\/comments?post=30315"}],"version-history":[{"count":0,"href":"https:\/\/alte.mannschaft.lgbt\/bimber\/wp-json\/wp\/v2\/posts\/30315\/revisions"}],"wp:featuredmedia":[{"embeddable":true,"href":"https:\/\/alte.mannschaft.lgbt\/bimber\/wp-json\/wp\/v2\/media\/30316"}],"wp:attachment":[{"href":"https:\/\/alte.mannschaft.lgbt\/bimber\/wp-json\/wp\/v2\/media?parent=30315"}],"wp:term":[{"taxonomy":"category","embeddable":true,"href":"https:\/\/alte.mannschaft.lgbt\/bimber\/wp-json\/wp\/v2\/categories?post=30315"},{"taxonomy":"post_tag","embeddable":true,"href":"https:\/\/alte.mannschaft.lgbt\/bimber\/wp-json\/wp\/v2\/tags?post=30315"}],"curies":[{"name":"wp","href":"https:\/\/api.w.org\/{rel}","templated":true}]}}