{"id":28382,"date":"2018-02-27T17:35:20","date_gmt":"2018-02-27T16:35:20","guid":{"rendered":"http:\/\/www.mannschaft.com\/?p=28382"},"modified":"2018-09-24T10:48:29","modified_gmt":"2018-09-24T08:48:29","slug":"lsu-staerkt-annegret-kramp-karrenbauer-den-ruecken","status":"publish","type":"post","link":"https:\/\/alte.mannschaft.lgbt\/bimber\/lsu-staerkt-annegret-kramp-karrenbauer-den-ruecken\/","title":{"rendered":"LSU st\u00e4rkt Annegret Kramp-Karrenbauer den R\u00fccken"},"content":{"rendered":"<p>Der Bundesverband der Lesben und Schwulen in der Union (LSU) gratuliert Annegret Kramp-Karrenbauer zu Ihrer Wahl zur Generalsekret\u00e4rin der CDU Deutschlands: \u201eWir blicken gespannt auf eine Generalsekret\u00e4rin, deren Anspruch es ist, das Profil der Partei zu sch\u00e4rfen und zu st\u00e4rken. Ihre B\u00fcrgern\u00e4he sch\u00e4tzen wir\u201c, erkl\u00e4rte der Bundesvorsitzende der Lesben und Schwulen in der Union (LSU), Alexander Vogt in einer Pressemitteilung.<\/p>\n<p>Annegret Kramp-Karrenbauer, das ist die CDU-Politikerin, die die Ehe f\u00fcr alle nicht nur mit Vielehe und Inzest in Verbindung gebracht hatte. Nach der Ehe\u00f6ffnung im Sommer hatte sie in der in <em>Rheinischen Post<\/em> gewarnt: &#8222;Man muss aber im Blick behalten, dass das Fundament unseres gesellschaftlichen Zusammenhalts dadurch nicht schleichend erodiert.&#8220;<\/p>\n<p>Vogt verzeiht ihr das: \u201eJa, wir sind beim Thema der Ehe f\u00fcr gleichgeschlechtliche Paare stark unterschiedlicher Meinung. Dazu haben wir in der Vergangenheit dezidiert Stellung genommen und tun dies gerne wieder\u201c, so Vogt weiter. \u201ePolygamie und Verwandtenehe geh\u00f6ren nicht in diese Diskussion. Die Verwendung dieser Begriffe in diesem Zusammenhang ist f\u00fcr uns nicht akzeptabel. Statt eines reinen Verweises auf die Rechtslage w\u00fcnschen wir uns von der CDU eine zeitgem\u00e4\u00dfe Familienpolitik, die den heutigen Lebensverh\u00e4ltnissen in Deutschland endlich Rechnung tr\u00e4gt und u.a. auch die rechtliche Absicherung von Kindern in Regenbogenfamilien in den Fokus r\u00fcckt.<\/p>\n<p>Nichtsdestotrotz sind wir \u00fcberzeugt, dass es mit ihr als Generalsekret\u00e4rin und \u00fcberzeugter Demokratin keine Rolle r\u00fcckw\u00e4rts in puncto Ehe geben wird\u201c, betonte der LSU-Vorsitzende. Zudem habe Annegret Kramp-Karrenbauer die LSU trotz unterschiedlicher Ansichten zu Einzelthemen stets gef\u00f6rdert und die kontroverse Diskussion nie gescheut. Dabei habe sie der LSU klar signalisiert: \u201aIhr geh\u00f6rt dazu!\u2018 Nicht ohne Grund sei die LSU im saarl\u00e4ndischen Landesvorstand vertreten und habe auch am Programm der vergangenen Landtagswahl mitarbeiten und klare Akzente setzen k\u00f6nnen.<\/p>\n<figure id=\"attachment_18831\" aria-describedby=\"caption-attachment-18831\" style=\"width: 864px\" class=\"wp-caption alignnone\"><img data-expand=\"600\" decoding=\"async\" loading=\"lazy\" class=\"lazyload size-full wp-image-18831\" src=\"data:image\/svg+xml;charset=utf-8,%3Csvg xmlns%3D'http%3A%2F%2Fwww.w3.org%2F2000%2Fsvg' viewBox%3D'0 0 864 639'%2F%3E\" data-src=\"http:\/\/www.mannschaft.com\/wp-content\/uploads\/2017\/07\/IMG-20170702-WA0000-e1518074463721.jpg\" alt=\"LSU\" width=\"864\" height=\"639\" \/><figcaption id=\"caption-attachment-18831\" class=\"wp-caption-text\">LSU-Chef Alexander Vogt (Foto: LSU)<\/figcaption><\/figure>\n<p>\u201eWir werden zeitnah das Gespr\u00e4ch mit ihr suchen und unsere aktuell dr\u00e4ngenden Themen aufs Tapet bringen. Dazu geh\u00f6ren u.a. die Erweiterung des Art. 3 GG, die \u00dcberarbeitung des Transsexuellen- und des Personenstandsgesetzes, die bereits erw\u00e4hnte rechtliche Absicherung von Regenbogenfamilien und die weitere Zusammenarbeit mit der LSU innerhalb der Parteiorganisation\u201c, sagte Vogt.<\/p>\n<p><strong>LSU begr\u00fc\u00dft Personalaufstellung in einem m\u00f6glichen Kabinett<\/strong><\/p>\n<p>Ebenso gratuliert der LSU Bundesverband allen designierten Kabinettsmitgliedern. Alexander Vogt zeigt sich erfreut dar\u00fcber, dass mit Peter Altmaier, Jens Spahn, Ursula von der Leyen, Monika Gr\u00fctters und Hendrik Hoppenstedt gleich f\u00fcnf Personen, die 2017 im Deutschen Bundestag f\u00fcr die \u00d6ffnung der Zivilehe f\u00fcr Homosexuelle mit Ja gestimmt haben, dem neuen Kabinett angeh\u00f6ren sollen. \u201eZudem sind die Ressorts Bildung, Gesundheit, Integration und Wirtschaft ganz wesentlich f\u00fcr unsere Arbeit. Es handelt sich hierbei um wichtige Themenfelder f\u00fcr die LGBTI-Community. Sobald die Koalition zustande gekommen und die Minister vereidigt worden sind, werden wir zeitnah auch hier Gespr\u00e4che f\u00fchren und Gemeinsamkeiten ausloten. Ich freue mich und hoffe auf eine vertrauenswolle und intensive Zusammenarbeit\u201c, so Vogt.<\/p>\n","protected":false},"excerpt":{"rendered":"<p>LSU-Chef Vogt ist \u00fcberzeugt, dass es mit der neuen CDU-Generalsekret\u00e4rin keine Rolle r\u00fcckw\u00e4rts in puncto Ehe\u00f6ffnung geben wird. <a class=\"g1-link g1-link-more\" href=\"https:\/\/alte.mannschaft.lgbt\/bimber\/lsu-staerkt-annegret-kramp-karrenbauer-den-ruecken\/\">Weiterlesen<\/a><\/p>\n","protected":false},"author":1,"featured_media":20833,"comment_status":"closed","ping_status":"closed","sticky":false,"template":"","format":"standard","meta":[],"categories":[3,2],"tags":[5449,5544,5461],"wps_subtitle":"","_links":{"self":[{"href":"https:\/\/alte.mannschaft.lgbt\/bimber\/wp-json\/wp\/v2\/posts\/28382"}],"collection":[{"href":"https:\/\/alte.mannschaft.lgbt\/bimber\/wp-json\/wp\/v2\/posts"}],"about":[{"href":"https:\/\/alte.mannschaft.lgbt\/bimber\/wp-json\/wp\/v2\/types\/post"}],"author":[{"embeddable":true,"href":"https:\/\/alte.mannschaft.lgbt\/bimber\/wp-json\/wp\/v2\/users\/1"}],"replies":[{"embeddable":true,"href":"https:\/\/alte.mannschaft.lgbt\/bimber\/wp-json\/wp\/v2\/comments?post=28382"}],"version-history":[{"count":0,"href":"https:\/\/alte.mannschaft.lgbt\/bimber\/wp-json\/wp\/v2\/posts\/28382\/revisions"}],"wp:featuredmedia":[{"embeddable":true,"href":"https:\/\/alte.mannschaft.lgbt\/bimber\/wp-json\/"}],"wp:attachment":[{"href":"https:\/\/alte.mannschaft.lgbt\/bimber\/wp-json\/wp\/v2\/media?parent=28382"}],"wp:term":[{"taxonomy":"category","embeddable":true,"href":"https:\/\/alte.mannschaft.lgbt\/bimber\/wp-json\/wp\/v2\/categories?post=28382"},{"taxonomy":"post_tag","embeddable":true,"href":"https:\/\/alte.mannschaft.lgbt\/bimber\/wp-json\/wp\/v2\/tags?post=28382"}],"curies":[{"name":"wp","href":"https:\/\/api.w.org\/{rel}","templated":true}]}}