{"id":28290,"date":"2018-02-25T08:54:20","date_gmt":"2018-02-25T07:54:20","guid":{"rendered":"http:\/\/www.mannschaft.com\/?p=28290"},"modified":"2024-07-21T09:35:07","modified_gmt":"2024-07-21T07:35:07","slug":"jens-spahn-wird-minister-maechtigster-cdu-homo-rueckt-ins-kabinett-auf","status":"publish","type":"post","link":"https:\/\/alte.mannschaft.lgbt\/bimber\/jens-spahn-wird-minister-maechtigster-cdu-homo-rueckt-ins-kabinett-auf\/","title":{"rendered":"Jens Spahn wird Minister &#8211; M\u00e4chtigster Schwuler der CDU r\u00fcckt ins Kabinett auf"},"content":{"rendered":"<p>Der <em>Guardian<\/em> sah ihn schon vor Jahren aks k\u00fcnftigen Kanzler. Nun wird der einflussreichste (offen) Schwule in der CDU Minister. Die Parteichefin und Bundeskanzlerin will Finanzstaatssekret\u00e4r Jens Spahn nach dpa-Informationen zum Gesundheitsminister machen. Zuvor hatte die <em>BamS (Bild am Samstag)<\/em> dar\u00fcber berichtet.<\/p>\n<p>Falls die SPD-Mitglieder gr\u00fcnes Licht f\u00fcr eine neue gro\u00dfe Koalition geben, soll es eine Wiederauflage der Gro\u00dfen Koalition in Deutschland geben. Mit Spahn w\u00fcrde die Kanzlerin einen ihrer profiliertesten konservativen Kritiker ins Kabinett holen. Damit k\u00e4me sie ihren parteiinternen Widersachern vor dem Bundesparteitag am Montag entgegenkommen. Die Spitzengremien der CDU treffen sich am Sonntag in Berlin, um ihren Sonderparteitag vorzubereiten. Bei der Gelegenheit will Merkel Pr\u00e4sidium und Bundesvorstand mitteilen, welche sechs CDU-Politiker Minister in der neuen gro\u00dfen Koalition werden sollen.<\/p>\n<figure id=\"attachment_28302\" aria-describedby=\"caption-attachment-28302\" style=\"width: 5472px\" class=\"wp-caption alignnone\"><img data-expand=\"600\" decoding=\"async\" loading=\"lazy\" class=\"lazyload size-full wp-image-28302\" src=\"data:image\/svg+xml;charset=utf-8,%3Csvg xmlns%3D'http%3A%2F%2Fwww.w3.org%2F2000%2Fsvg' viewBox%3D'0 0 5472 3648'%2F%3E\" data-src=\"http:\/\/www.mannschaft.com\/wp-content\/uploads\/2018\/02\/presse_jens_spahn_2_300dpi.jpeg\" alt=\"Jens Spahn\" width=\"5472\" height=\"3648\" \/><figcaption id=\"caption-attachment-28302\" class=\"wp-caption-text\">Jens Spahn wird im neuen Kabinett Gesundheitsminister (Foto: Maximilian K\u00f6nig)<\/figcaption><\/figure>\n<p>Ausgewiesene Konservative und der CDU-Nachwuchs hatten von Merkel nach dem historisch miesen Ergebnis bei der Bundestagswahl im September eine personelle Erneuerung und Verj\u00fcngung von Regierung und Partei verlangt.<\/p>\n<p><a href=\"http:\/\/www.mannschaft.com\/2017\/12\/jens-spahn-und-daniel-funke-haben-geheiratet\/\" target=\"_blank\" rel=\"noopener noreferrer\">Spahn, der Ende 2017 seinen langj\u00e4hrigen Partner geheiratet hat,<\/a> ist in der LGBTIQ-Gemeinde umstritten. So hatte ihm der LSVD im vergangenen Jahr vorgeworfen, die Themen Homo- und Transphobie zu instrumentalisieren und \u00c4ngste vor Fl\u00fcchtlingen oder Muslim*innen zu sch\u00fcren. Anlass war ein Artikel in der <em>Welt<\/em>, in dem das CDU-Pr\u00e4sidiumsmitglied &#8211; aus LSVD-Sicht &#8211; einseitig Homophobie unter muslimischen Zuwanderern kritisiert hatte. Vorangegangen war ein Messerangriff auf einen T\u00fcrsteher einer Szenebar in K\u00f6ln.<\/p>\n","protected":false},"excerpt":{"rendered":"<p>Die Parteichefin und Bundeskanzlerin Merkel will Finanzstaatssekret\u00e4r Jens Spahn zum Gesundheitsminister machen. Konservative CDUler und der Parteinachwuchs hatten von ihr eine personelle Erneuerung und Verj\u00fcngung von Regierung und Partei verlangt. <a class=\"g1-link g1-link-more\" href=\"https:\/\/alte.mannschaft.lgbt\/bimber\/jens-spahn-wird-minister-maechtigster-cdu-homo-rueckt-ins-kabinett-auf\/\">Weiterlesen<\/a><\/p>\n","protected":false},"author":1,"featured_media":115487,"comment_status":"closed","ping_status":"closed","sticky":false,"template":"","format":"standard","meta":[],"categories":[3],"tags":[65,5544],"wps_subtitle":"","_links":{"self":[{"href":"https:\/\/alte.mannschaft.lgbt\/bimber\/wp-json\/wp\/v2\/posts\/28290"}],"collection":[{"href":"https:\/\/alte.mannschaft.lgbt\/bimber\/wp-json\/wp\/v2\/posts"}],"about":[{"href":"https:\/\/alte.mannschaft.lgbt\/bimber\/wp-json\/wp\/v2\/types\/post"}],"author":[{"embeddable":true,"href":"https:\/\/alte.mannschaft.lgbt\/bimber\/wp-json\/wp\/v2\/users\/1"}],"replies":[{"embeddable":true,"href":"https:\/\/alte.mannschaft.lgbt\/bimber\/wp-json\/wp\/v2\/comments?post=28290"}],"version-history":[{"count":1,"href":"https:\/\/alte.mannschaft.lgbt\/bimber\/wp-json\/wp\/v2\/posts\/28290\/revisions"}],"predecessor-version":[{"id":201919,"href":"https:\/\/alte.mannschaft.lgbt\/bimber\/wp-json\/wp\/v2\/posts\/28290\/revisions\/201919"}],"wp:featuredmedia":[{"embeddable":true,"href":"https:\/\/alte.mannschaft.lgbt\/bimber\/wp-json\/wp\/v2\/media\/115487"}],"wp:attachment":[{"href":"https:\/\/alte.mannschaft.lgbt\/bimber\/wp-json\/wp\/v2\/media?parent=28290"}],"wp:term":[{"taxonomy":"category","embeddable":true,"href":"https:\/\/alte.mannschaft.lgbt\/bimber\/wp-json\/wp\/v2\/categories?post=28290"},{"taxonomy":"post_tag","embeddable":true,"href":"https:\/\/alte.mannschaft.lgbt\/bimber\/wp-json\/wp\/v2\/tags?post=28290"}],"curies":[{"name":"wp","href":"https:\/\/api.w.org\/{rel}","templated":true}]}}