{"id":28232,"date":"2018-02-23T11:59:42","date_gmt":"2018-02-23T10:59:42","guid":{"rendered":"http:\/\/www.mannschaft.com\/?p=28232"},"modified":"2018-09-24T10:48:30","modified_gmt":"2018-09-24T08:48:30","slug":"homophober-poebler-stellt-sich-bei-der-polizei","status":"publish","type":"post","link":"https:\/\/alte.mannschaft.lgbt\/bimber\/homophober-poebler-stellt-sich-bei-der-polizei\/","title":{"rendered":"Homophober P\u00f6bler stellt sich bei der Polizei"},"content":{"rendered":"<p>Am Donnerstagabend meldete sich ein 20-j\u00e4hriger Mann aus M\u00f6nchengladbach auf einem Polizeirevier in Nordrhein-Westfalen und teilte mit, sich selbst auf den Fotos erkannt zu haben. Er gab an, von einem Bekannten ein Screenshot einer Tageszeitung erhalten zu haben, in der die Fahndungsfotos abgebildet waren. Die Ermittlungen dauern an.<\/p>\n<p>Ihm wird vorgeworfen, im Juli 2017 einen Fahrgast in der Tramlinie M10 mit den Worten &#8222;Homo-Fotze&#8220; und &#8222;Schwuchtel&#8220; beleidigt haben. Danach soll der Unbekannte von hinten an den 20-J\u00e4hrigen herangetreten sein und ihn unvermittelt an der um den Hals getragenen und verknoteten Regenbogenfahne aus der Bahn herausgezogen haben. <a href=\"http:\/\/www.mannschaft.com\/2018\/02\/homophober-uebergriff-in-der-tram-polizei-sucht-diesen-mann\/\" target=\"_blank\" rel=\"noopener noreferrer\">Der angegriffene Fahrgast soll dadurch Verletzungen im Hals- und R\u00fcckenbereich erlitten haben.<\/a><\/p>\n<p><strong>Fast jeden Tag ein homophober \u00dcbergriff<\/strong><br \/>\nDie Zahl der homo- und transfeindlichen Straftaten befindet sich in Deutschland seit Jahren auf einem hohen Niveau. Kaum ein Tag vergeht ohne \u00dcbergriffe gegen queere Menschen. <a href=\"http:\/\/www.mannschaft.com\/2018\/02\/wird-die-grosse-koalition-zur-grossen-enttaeuschung-fuer-lgbti\/\" target=\"_blank\" rel=\"noopener noreferrer\">Der LSVD fordert darum ein Bund-L\u00e4nder-Programm. Der zwischen CDU\/CSU und SPD ausgehandelte Koalitionsvertrag, \u00fcber den derzeit die Genossen abstimmen, geht darauf nicht ein. Ma\u00dfnahmen gegen die hohe Gewalt: Fehlanzeige.<\/a><\/p>\n","protected":false},"excerpt":{"rendered":"<p>Der Mann, der im Sommer in Berlin einen schwulen Fahrgast beleidigt und verletzt haben soll, meldete sich auf einem Polizeirevier in Nordrhein-Westfalen. Er hat sich auf den Fahndungsfotos erkannt. <a class=\"g1-link g1-link-more\" href=\"https:\/\/alte.mannschaft.lgbt\/bimber\/homophober-poebler-stellt-sich-bei-der-polizei\/\">Weiterlesen<\/a><\/p>\n","protected":false},"author":1,"featured_media":27785,"comment_status":"closed","ping_status":"closed","sticky":false,"template":"","format":"standard","meta":[],"categories":[3,2],"tags":[128,423,5501,5461],"wps_subtitle":"","_links":{"self":[{"href":"https:\/\/alte.mannschaft.lgbt\/bimber\/wp-json\/wp\/v2\/posts\/28232"}],"collection":[{"href":"https:\/\/alte.mannschaft.lgbt\/bimber\/wp-json\/wp\/v2\/posts"}],"about":[{"href":"https:\/\/alte.mannschaft.lgbt\/bimber\/wp-json\/wp\/v2\/types\/post"}],"author":[{"embeddable":true,"href":"https:\/\/alte.mannschaft.lgbt\/bimber\/wp-json\/wp\/v2\/users\/1"}],"replies":[{"embeddable":true,"href":"https:\/\/alte.mannschaft.lgbt\/bimber\/wp-json\/wp\/v2\/comments?post=28232"}],"version-history":[{"count":0,"href":"https:\/\/alte.mannschaft.lgbt\/bimber\/wp-json\/wp\/v2\/posts\/28232\/revisions"}],"wp:featuredmedia":[{"embeddable":true,"href":"https:\/\/alte.mannschaft.lgbt\/bimber\/wp-json\/wp\/v2\/media\/27785"}],"wp:attachment":[{"href":"https:\/\/alte.mannschaft.lgbt\/bimber\/wp-json\/wp\/v2\/media?parent=28232"}],"wp:term":[{"taxonomy":"category","embeddable":true,"href":"https:\/\/alte.mannschaft.lgbt\/bimber\/wp-json\/wp\/v2\/categories?post=28232"},{"taxonomy":"post_tag","embeddable":true,"href":"https:\/\/alte.mannschaft.lgbt\/bimber\/wp-json\/wp\/v2\/tags?post=28232"}],"curies":[{"name":"wp","href":"https:\/\/api.w.org\/{rel}","templated":true}]}}