{"id":28219,"date":"2018-02-22T16:17:42","date_gmt":"2018-02-22T15:17:42","guid":{"rendered":"http:\/\/www.mannschaft.com\/?p=28219"},"modified":"2018-09-24T10:48:30","modified_gmt":"2018-09-24T08:48:30","slug":"intoleranz-und-diskriminierung-machen-nicht-an-grenzen-halt","status":"publish","type":"post","link":"https:\/\/alte.mannschaft.lgbt\/bimber\/intoleranz-und-diskriminierung-machen-nicht-an-grenzen-halt\/","title":{"rendered":"&#8222;Intoleranz und Diskriminierung machen nicht an Grenzen halt&#8220;"},"content":{"rendered":"<p>Hessen ist ab Donnerstag<br \/>\nGastgeber des vierten L\u00e4ndertreffens zum Thema Antidiskriminierung: Die Bundesl\u00e4nder treffen sich zum Austausch \u00fcber Antidiskriminierungsarbeit.<\/p>\n<p>Staatssekret\u00e4r Kai Klose (Gr\u00fcne) sagte: \u201eL\u00e4nder\u00fcbergreifende Antidiskriminierungsarbeit st\u00e4rkt das demokratische Gemeinwesen in ganz Deutschland. Aktuelle Herausforderungen wie z. B. #metoo zeigen, dass ein koordiniertes und entschiedenes Eintreten gegen Sexismus, Rassismus und Diskriminierung notwendig und geboten ist.\u201c<\/p>\n<p>Am Donnerstag begr\u00fc\u00dfte der Bevollm\u00e4chtigte f\u00fcr Integration und Antidiskriminierung, Staatssekret\u00e4r Kai Klose, die Leiterin der Antidiskriminierungsstelle des Bundes, Christine L\u00fcders, sowie die Vertreterinnen und Vertreter der f\u00fcr Antidiskriminierung zust\u00e4ndigen staatlichen Stellen der Bundesl\u00e4nder zum \u201eVierten L\u00e4ndertreffen Antidiskriminierung\u201c im Hessischen Ministerium f\u00fcr Soziales und Integration. \u201eF\u00fcr die Weiterentwicklung der Antidiskriminierungsarbeit und die nachhaltige Verankerung dieser Querschnittsaufgabe in staatlichen Strukturen sind die regelm\u00e4\u00dfigen Treffen sehr wichtig. Deshalb freue ich mich sehr, dass Hessen in diesem Jahr Gastgeber dieses wichtigen Vernetzungstreffens ist\u201c, erkl\u00e4rte der Staatssekret\u00e4r.<\/p>\n<blockquote><p>Hessen, Berlin, Rheinland-Pfalz und Schleswig-Holstein haben eigene Antidiskriminierungsstellen gegr\u00fcndet. Das muss Schule machen.<\/p><\/blockquote>\n<p>Christine L\u00fcders, Leiterin der Antidiskriminierungsstelle des Bundes, betonte: \u201eDieses Treffen zeigt: Wir, der Bund und die L\u00e4nder, nehmen Diskriminierung und Antidiskriminierung sehr ernst. Wir erkennen an: Es gibt Diskriminierung \u2013 und wir tun etwas dagegen. Ich w\u00fcrde mir w\u00fcnschen, dass in Zukunft alle L\u00e4nder Ansprechpartner gegen Diskriminierung benennen. Hessen, Berlin, Rheinland-Pfalz und Schleswig-Holstein gehen sogar noch weiter: Sie haben eigene Antidiskriminierungsstellen gegr\u00fcndet. Das muss Schule machen \u2013 denn Intoleranz und Diskriminierung machen nicht an Grenzen halt.\u201c<\/p>\n<p>Neben aktuellen Entwicklungen im Bund und den L\u00e4ndern werden sich die Vertreterinnen und Vertreter u. a. \u00fcber den Auf- und Ausbau von Antidiskriminierungsstrukturen, Erscheinungsformen von und Ma\u00dfnahmen gegen Antiziganismus, rassistische Einlasskontrollen \u201ean der Clubt\u00fcr\u201c sowie Sexismus und die entsprechende Handlungsverantwortung der L\u00e4nder austauschen.<\/p>\n<p>Aktuell zeigten nicht zuletzt die #metoo- und Time\u2019s up-Bewegungen, dass Diskriminierungen kein Randph\u00e4nomen sind, sondern gesellschaftliche Realit\u00e4t, hei\u00dft es in einer Pressemitteilung des hessischen Sozialministeriums.<\/p>\n<p><strong>Staat und Verwaltung haben Vorbildfunktion<\/strong><\/p>\n<p>\u201eDem Staat und der Verwaltung kommt bei der Bek\u00e4mpfung von Diskriminierungen und Ausgrenzungen deshalb eine Vorbildfunktion zu. Durch sie wird der Grundstein f\u00fcr ein diskriminierungsfreies Miteinander gelegt. Ihnen obliegt die Aufgabe, die Entwicklung zivilgesellschaftlicher Initiativen zu unterst\u00fctzen und f\u00fcr Akzeptanz in der Bev\u00f6lkerung zu werben. In den n\u00e4chsten beiden Tagen geht es also um weit mehr als um die Kl\u00e4rung rechtlicher Definitionen und abstrakter Fragestellungen. Es geht darum, die freie Entfaltung der Pers\u00f6nlichkeit und die gesellschaftliche Teilhabe aller Menschen in den einzelnen Bundesl\u00e4ndern und in Deutschland insgesamt sicherzustellen und zu st\u00e4rken\u201c, unterstrich der Staatssekret\u00e4r abschlie\u00dfend.<\/p>\n<p><strong>J\u00e4hrlicher Austausch<\/strong> <strong>seit 2015<\/strong><\/p>\n<p>Seit 2015 treffen sich die f\u00fcr Antidiskriminierung zust\u00e4ndigen staatlichen Stellen der Bundesl\u00e4nder j\u00e4hrlich, um sich \u00fcber aktuelle Entwicklungen in der Antidiskriminierungs- und Vielfaltsarbeit auszutauschen und Handlungsoptionen der L\u00e4nder zu beleuchten. So sollen Synergieeffekte gewonnen und gemeinsame Initiativen auf Fachebene entwickelt werden. In diesem Jahr \u00fcbernahm Hessen zum ersten Mal die Gastgeberrolle. Die Antidiskriminierungsstelle im Hessischen Ministerium f\u00fcr Soziales und Integration hat das Vernetzungstreffen geplant und organisiert.<\/p>\n<p>Die Antidiskriminierungsstelle Hessen wurde 2015 von der aktuellen Landesregierung eingerichtet. Sie ist im Hessischen Ministerium f\u00fcr Soziales und Integration angesiedelt und als Stabsstelle direkt Staatssekret\u00e4r Kai Klose, Bevollm\u00e4chtigter des Landes Hessen f\u00fcr Integration und Antidiskriminierung, zugeordnet. Die Stelle befasst sich mit Diskriminierungen aus rassistischen Gr\u00fcnden, wegen der ethnischen Herkunft, des Geschlechts, der Religion oder Weltanschauung, einer Behinderung, des (Lebens-) Alters oder der sexuellen Identit\u00e4t. Sie hat f\u00fcnf Arbeitsschwerpunkte: \u00d6ffentlichkeitsarbeit, Pr\u00e4vention, Sensibilisierung, Vernetzung und Beratung.<\/p>\n<p>Die Antidiskriminierungsstelle bietet f\u00fcr von Diskriminierung Betroffenen ein Erst- und Verweisberatungsangebot an. Das hei\u00dft, Menschen, die sich aus rassistischen Gr\u00fcnden, wegen ihrer ethnischen Herkunft, des Geschlechts, der Religion oder Weltanschauung, einer Behinderung, des (Lebens-) Alters oder der sexuellen Identit\u00e4t benachteiligt sehen, k\u00f6nnen sich vertrauensvoll an die Stelle wenden. Das Angebot ist kostenfrei. Arbeitsgrundlage ist u. a. das Allgemeine Gleichbehandlungsgesetz (AGG). Es besteht die M\u00f6glichkeit, Sachverhalte anonym mitzuteilen.<\/p>\n","protected":false},"excerpt":{"rendered":"<p>Beim Treffen der Bundesl\u00e4nder in Hessen forderte die Leiterin der Antidiskriminierungsstelle des Bundes, L\u00fcders, alle L\u00e4nder sollten Ansprechpartner gegen Diskriminierung benennen. Positiv hob sie die Bem\u00fchungen in Hessen, Berlin, Rheinland-Pfalz und Schleswig-Holstein hervor. <a class=\"g1-link g1-link-more\" href=\"https:\/\/alte.mannschaft.lgbt\/bimber\/intoleranz-und-diskriminierung-machen-nicht-an-grenzen-halt\/\">Weiterlesen<\/a><\/p>\n","protected":false},"author":1,"featured_media":28222,"comment_status":"closed","ping_status":"closed","sticky":false,"template":"","format":"standard","meta":[],"categories":[3,2],"tags":[5507,5461],"wps_subtitle":"","_links":{"self":[{"href":"https:\/\/alte.mannschaft.lgbt\/bimber\/wp-json\/wp\/v2\/posts\/28219"}],"collection":[{"href":"https:\/\/alte.mannschaft.lgbt\/bimber\/wp-json\/wp\/v2\/posts"}],"about":[{"href":"https:\/\/alte.mannschaft.lgbt\/bimber\/wp-json\/wp\/v2\/types\/post"}],"author":[{"embeddable":true,"href":"https:\/\/alte.mannschaft.lgbt\/bimber\/wp-json\/wp\/v2\/users\/1"}],"replies":[{"embeddable":true,"href":"https:\/\/alte.mannschaft.lgbt\/bimber\/wp-json\/wp\/v2\/comments?post=28219"}],"version-history":[{"count":0,"href":"https:\/\/alte.mannschaft.lgbt\/bimber\/wp-json\/wp\/v2\/posts\/28219\/revisions"}],"wp:featuredmedia":[{"embeddable":true,"href":"https:\/\/alte.mannschaft.lgbt\/bimber\/wp-json\/"}],"wp:attachment":[{"href":"https:\/\/alte.mannschaft.lgbt\/bimber\/wp-json\/wp\/v2\/media?parent=28219"}],"wp:term":[{"taxonomy":"category","embeddable":true,"href":"https:\/\/alte.mannschaft.lgbt\/bimber\/wp-json\/wp\/v2\/categories?post=28219"},{"taxonomy":"post_tag","embeddable":true,"href":"https:\/\/alte.mannschaft.lgbt\/bimber\/wp-json\/wp\/v2\/tags?post=28219"}],"curies":[{"name":"wp","href":"https:\/\/api.w.org\/{rel}","templated":true}]}}