{"id":26869,"date":"2018-01-22T10:36:49","date_gmt":"2018-01-22T09:36:49","guid":{"rendered":"http:\/\/www.mannschaft.com\/?p=26869"},"modified":"2018-01-22T10:36:49","modified_gmt":"2018-01-22T09:36:49","slug":"zwei-us-militaerpiloten-heiraten-an-militaerakademie","status":"publish","type":"post","link":"https:\/\/alte.mannschaft.lgbt\/bimber\/zwei-us-militaerpiloten-heiraten-an-militaerakademie\/","title":{"rendered":"Zwei US-Milit\u00e4rpiloten heiraten an Milit\u00e4rakademie"},"content":{"rendered":"<p>Die beiden US-Amerikaner Daniel Hall (30) und Vincent Franchino (26) trafen im Sommer 2009 das erste Mal an der Milit\u00e4rakademie in West Point im US-Bundesstaat New York aufeinander, gingen daraufhin aber wieder getrennte Wege. Am 13. Januar 2018 kehrten sie an den Ort des Geschehens zur\u00fcck und heirateten in der \u00abCadet\u00bb-Kirche in West Point.<\/p>\n<p>Die M\u00e4nner trugen w\u00e4hrend der Zeremonie ihre Uniformen und als sie als frischgebackenes Ehepaar aus der Kapelle traten, standen Mitglieder der Milit\u00e4rakademie mit S\u00e4beln Spalier. Halls Offiziers\u00e4bel \u2013 ein Abschlussgeschenk seiner Grosseltern \u2013 kam f\u00fcr das Anschneiden des Hochzeitskuchens zum Einsatz.<\/p>\n<figure id=\"attachment_26871\" aria-describedby=\"caption-attachment-26871\" class=\"wp-caption aligncenter\"><img data-expand=\"600\" decoding=\"async\" loading=\"lazy\" class=\"lazyload size-full wp-image-26871\" src=\"data:image\/svg+xml;charset=utf-8,%3Csvg xmlns%3D'http%3A%2F%2Fwww.w3.org%2F2000%2Fsvg' viewBox%3D'0 0 770 770'%2F%3E\" data-src=\"http:\/\/www.mannschaft.com\/wp-content\/uploads\/2018\/01\/Hochzeit-1.jpg\" alt=\"\" width=\"770\" height=\"770\" data-srcset=\"https:\/\/alte.mannschaft.lgbt\/bimber\/wp-content\/uploads\/2018\/01\/Hochzeit-1.jpg 770w, https:\/\/alte.mannschaft.lgbt\/bimber\/wp-content\/uploads\/2018\/01\/Hochzeit-1-400x400.jpg 400w, https:\/\/alte.mannschaft.lgbt\/bimber\/wp-content\/uploads\/2018\/01\/Hochzeit-1-100x100.jpg 100w, https:\/\/alte.mannschaft.lgbt\/bimber\/wp-content\/uploads\/2018\/01\/Hochzeit-1-150x150.jpg 150w, https:\/\/alte.mannschaft.lgbt\/bimber\/wp-content\/uploads\/2018\/01\/Hochzeit-1-300x300.jpg 300w, https:\/\/alte.mannschaft.lgbt\/bimber\/wp-content\/uploads\/2018\/01\/Hochzeit-1-768x768.jpg 768w\" data-sizes=\"(max-width: 770px) 100vw, 770px\" \/><figcaption id=\"caption-attachment-26871\" class=\"wp-caption-text\">Daniel (r.) und Vincent Franchino-Hall bei ihrer Hochzeit in der Cadet-Kapelle in West Point. (Bild: Facebook)<\/figcaption><\/figure>\n<p>Als Franchino damals als Neuling an die Akademie kam, hatte Hall bereits einige Jahre Milit\u00e4rerfahrung. Laut der <a href=\"https:\/\/www.nytimes.com\/2018\/01\/19\/fashion\/weddings\/two-active-duty-soldiers-marry-in-same-sex-wedding-at-west-point.html\" target=\"_blank\" rel=\"noopener noreferrer\">New York Times<\/a> wurden beide als Piloten in Fort Bliss in El Paso, Texas, stationiert. Ihr erstes offizielles Date hatten die beiden M\u00e4nner im Februar 2012, nachdem im September 2011 \u00abDon\u2019t Ask, Don\u2019t Tell\u00bb aufgehoben wurde.<\/p>\n<p>Die von 1993 bis 2011 geltende wehrrechtliche Praxis verbietete es schwulen M\u00e4nnern in den Streitkr\u00e4ften der Vereinigten Staaten, \u00f6ffentlich zu romantischen Beziehungen mit dem gleichen Geschlecht zu stehen. \u00abEs ist wirklich frustrierend, wenn zwei Menschen Gef\u00fchle f\u00fcr einander haben, diese aber nicht gezeigt werden d\u00fcrfen\u00bb, so Hall.<\/p>\n<figure id=\"attachment_26872\" aria-describedby=\"caption-attachment-26872\" class=\"wp-caption aligncenter\"><img data-expand=\"600\" decoding=\"async\" loading=\"lazy\" class=\"lazyload size-full wp-image-26872\" src=\"data:image\/svg+xml;charset=utf-8,%3Csvg xmlns%3D'http%3A%2F%2Fwww.w3.org%2F2000%2Fsvg' viewBox%3D'0 0 770 578'%2F%3E\" data-src=\"http:\/\/www.mannschaft.com\/wp-content\/uploads\/2018\/01\/Hochzeit-2.jpg\" alt=\"\" width=\"770\" height=\"578\" data-srcset=\"https:\/\/alte.mannschaft.lgbt\/bimber\/wp-content\/uploads\/2018\/01\/Hochzeit-2.jpg 770w, https:\/\/alte.mannschaft.lgbt\/bimber\/wp-content\/uploads\/2018\/01\/Hochzeit-2-400x300.jpg 400w, https:\/\/alte.mannschaft.lgbt\/bimber\/wp-content\/uploads\/2018\/01\/Hochzeit-2-300x225.jpg 300w, https:\/\/alte.mannschaft.lgbt\/bimber\/wp-content\/uploads\/2018\/01\/Hochzeit-2-768x576.jpg 768w\" data-sizes=\"(max-width: 770px) 100vw, 770px\" \/><figcaption id=\"caption-attachment-26872\" class=\"wp-caption-text\">Vincent und Daniel waren\u00a0zusammen in Fort Bliss in El Paso stationiert. (Bild: Facebook)<\/figcaption><\/figure>\n","protected":false},"excerpt":{"rendered":"<p>Zwei US-amerikanische Armeekapit\u00e4ne gaben sich an der Milit\u00e4rakademie in West Point das Ja-Wort \u2013 an dem Ort, an dem sie sich kennen und lieben gelernt haben.<br \/>\n <a class=\"g1-link g1-link-more\" href=\"https:\/\/alte.mannschaft.lgbt\/bimber\/zwei-us-militaerpiloten-heiraten-an-militaerakademie\/\">Weiterlesen<\/a><\/p>\n","protected":false},"author":6,"featured_media":26873,"comment_status":"closed","ping_status":"closed","sticky":false,"template":"","format":"standard","meta":[],"categories":[2],"tags":[5531,5486],"wps_subtitle":"","_links":{"self":[{"href":"https:\/\/alte.mannschaft.lgbt\/bimber\/wp-json\/wp\/v2\/posts\/26869"}],"collection":[{"href":"https:\/\/alte.mannschaft.lgbt\/bimber\/wp-json\/wp\/v2\/posts"}],"about":[{"href":"https:\/\/alte.mannschaft.lgbt\/bimber\/wp-json\/wp\/v2\/types\/post"}],"author":[{"embeddable":true,"href":"https:\/\/alte.mannschaft.lgbt\/bimber\/wp-json\/wp\/v2\/users\/6"}],"replies":[{"embeddable":true,"href":"https:\/\/alte.mannschaft.lgbt\/bimber\/wp-json\/wp\/v2\/comments?post=26869"}],"version-history":[{"count":0,"href":"https:\/\/alte.mannschaft.lgbt\/bimber\/wp-json\/wp\/v2\/posts\/26869\/revisions"}],"wp:featuredmedia":[{"embeddable":true,"href":"https:\/\/alte.mannschaft.lgbt\/bimber\/wp-json\/wp\/v2\/media\/26873"}],"wp:attachment":[{"href":"https:\/\/alte.mannschaft.lgbt\/bimber\/wp-json\/wp\/v2\/media?parent=26869"}],"wp:term":[{"taxonomy":"category","embeddable":true,"href":"https:\/\/alte.mannschaft.lgbt\/bimber\/wp-json\/wp\/v2\/categories?post=26869"},{"taxonomy":"post_tag","embeddable":true,"href":"https:\/\/alte.mannschaft.lgbt\/bimber\/wp-json\/wp\/v2\/tags?post=26869"}],"curies":[{"name":"wp","href":"https:\/\/api.w.org\/{rel}","templated":true}]}}