{"id":26536,"date":"2018-01-16T10:45:18","date_gmt":"2018-01-16T09:45:18","guid":{"rendered":"http:\/\/www.mannschaft.com\/?p=26536"},"modified":"2018-09-24T10:49:04","modified_gmt":"2018-09-24T08:49:04","slug":"petition-bundestag-soll-erstmals-homosexueller-ns-opfer-gedenken","status":"publish","type":"post","link":"https:\/\/alte.mannschaft.lgbt\/bimber\/petition-bundestag-soll-erstmals-homosexueller-ns-opfer-gedenken\/","title":{"rendered":"Petition: Bundestag soll erstmals homosexueller NS-Opfer gedenken"},"content":{"rendered":"<p>Seit 1996 gilt der 27. Januar 1945 &#8211; der Tag der Befreiung von Auschwitz durch die Rote Armee &#8211; als offizieller Gedenktag in Deutschland. Die UNO erkl\u00e4rte ihn im Jahr 2005 weltweit zum &#8222;International Holocaust Remembrance Day&#8220;.<\/p>\n<p>Nun setzen sich Dutzende Holocaust-\u00dcberlebende, Wissenschaftler und LGBTI-Aktivisten daf\u00fcr ein, dass der Bundestag den &#8222;Tag des Gedenkens an die Opfer des Nationalsozialismus&#8220; im kommenden Jahr den homosexuellen Verfolgten widmen soll. <a href=\"http:\/\/www.mannschaft.com\/2017\/12\/stolpern-wider-das-vergessen\/\" target=\"_blank\" rel=\"noopener noreferrer\">(An vielen Orten in Deutschland erinnern Stolpersteine an schwule NS-Opfer.)<\/a><\/p>\n<p>Eine entsprechende Petition wurde jetzt an Bundestagspr\u00e4sident Wolfgang Sch\u00e4uble \u00fcbergeben. Darin wird erinnert, dass schon am ersten Gedenktag im Jahr 1996 der damalige Bundespr\u00e4sident Roman Herzog sowohl von den j\u00fcdischen NS-Opfern sprach, aber auch von anderen Opfergruppen wie den Sinti und Roma, Behinderten und Homosexuellen, die lange nicht \u00f6ffentlich anerkannt wurden.<\/p>\n<blockquote><p>Weil sie&#8230; vom willk\u00fcrlich festgelegten Menschenbild abwichen, bezeichnete man sie als &#8218;Untermenschen&#8216;, &#8218;Sch\u00e4dlinge&#8216; oder &#8218;lebensunwertes Leben&#8216;<\/p><\/blockquote>\n<p>&#8222;Weil sie&#8230; vom willk\u00fcrlich festgelegten Menschenbild abwichen, bezeichnete man sie als &#8218;Untermenschen&#8216;, &#8218;Sch\u00e4dlinge&#8216; oder &#8218;lebensunwertes Leben&#8216; &#8211; Juden, Sinti und Roma, Schwerstbehinderte, Homosexuelle&#8230; Die Wirkungen dieser Politik waren vor allem deshalb so furchtbar, weil sie sich wohldosiert in das \u00f6ffentliche Bewu\u00dftsein einschlichen, ja&#8230; den Gehirnen infiltriert wurden&#8220;, so Herzog damals.<\/p>\n<p>Es war, wie es in der Petition hei\u00dft, nicht nur f\u00fcr die Betroffenen von gro\u00dfer Bedeutung, sondern auch f\u00fcr eine breite \u00d6ffentlichkeit, dass au\u00dfer den j\u00fcdischen Opfern an diesem Gedenktag im Bundestag erstmals 2011 mit dem Niederl\u00e4nder Zoni Weisz (*1931) auch ein Vertreter der Roma und Sinti zu Wort kam, 2016 an die Leiden der Zwangsarbeiterinnen und -arbeiter erinnert wurde und 2017 sowohl zwei Angeh\u00f6rige von durch sogenannte &#8222;Euthanasie&#8220; Ermordeter, als auch der junge, mit Down-Syndrom lebende Schauspieler Sebastian Urbanski (*1978) zu h\u00f6ren waren.<\/p>\n<p><strong>Unterzeichner national und international anerkannt<\/strong><\/p>\n<p>Die Unterzeichner der Petition sind als Fachleute in unterschiedlichen Bereichen des Erinnerns national und international anerkannt und bitten Bundestagspr\u00e4sident Sch\u00e4uble sowie sein Pr\u00e4sidium eindringlich, nach mehr als zwei Jahrzehnten am Gedenktag f\u00fcr die Opfer des Nationalsozialismus 2019 erstmals auch an homosexuelle M\u00e4nner (unter ihnen vor allem an die KZ-H\u00e4ftlinge mit dem Rosa Winkel), aber<a href=\"http:\/\/www.mannschaft.com\/2017\/11\/nazi-verfolgung-und-was-ist-mit-den-lesbischen-opfern\/\" target=\"_blank\" rel=\"noopener noreferrer\"> auch an lesbische Frauen<\/a> und andere aufgrund ihrer sexuellen oder geschlechtlichen Orientierung Benachteiligte und Ausgegrenzte im Bundestag zu erinnern.<\/p>\n<p>Zu den Unterzeichnern geh\u00f6ren Dr. Thomas Rahe (Stellv. Leiter der Gedenkst\u00e4tte Bergen-Belsen, Hannover), Dr. Birgit Bosold (Schwules Museum, Berlin), Manfred Bruns (ehem. Bundesanwalt, Karlsruhe) und Ruth Weiss (Holocaust \u00dcberlebende, Schriftstellerin, Skipsted \/ D\u00e4nemark).<\/p>\n","protected":false},"excerpt":{"rendered":"<p>Der &#8222;Tag des Gedenkens an die Opfer des Nationalsozialismus&#8220; soll 2019 den homosexuellen Verfolgten gewidmet werden. Eine entsprechende Petition wurde jetzt an Bundestagspr\u00e4sident Sch\u00e4uble \u00fcbergeben. <a class=\"g1-link g1-link-more\" href=\"https:\/\/alte.mannschaft.lgbt\/bimber\/petition-bundestag-soll-erstmals-homosexueller-ns-opfer-gedenken\/\">Weiterlesen<\/a><\/p>\n","protected":false},"author":1,"featured_media":26562,"comment_status":"closed","ping_status":"closed","sticky":false,"template":"","format":"standard","meta":[],"categories":[3,2],"tags":[],"wps_subtitle":"","_links":{"self":[{"href":"https:\/\/alte.mannschaft.lgbt\/bimber\/wp-json\/wp\/v2\/posts\/26536"}],"collection":[{"href":"https:\/\/alte.mannschaft.lgbt\/bimber\/wp-json\/wp\/v2\/posts"}],"about":[{"href":"https:\/\/alte.mannschaft.lgbt\/bimber\/wp-json\/wp\/v2\/types\/post"}],"author":[{"embeddable":true,"href":"https:\/\/alte.mannschaft.lgbt\/bimber\/wp-json\/wp\/v2\/users\/1"}],"replies":[{"embeddable":true,"href":"https:\/\/alte.mannschaft.lgbt\/bimber\/wp-json\/wp\/v2\/comments?post=26536"}],"version-history":[{"count":0,"href":"https:\/\/alte.mannschaft.lgbt\/bimber\/wp-json\/wp\/v2\/posts\/26536\/revisions"}],"wp:featuredmedia":[{"embeddable":true,"href":"https:\/\/alte.mannschaft.lgbt\/bimber\/wp-json\/wp\/v2\/media\/26562"}],"wp:attachment":[{"href":"https:\/\/alte.mannschaft.lgbt\/bimber\/wp-json\/wp\/v2\/media?parent=26536"}],"wp:term":[{"taxonomy":"category","embeddable":true,"href":"https:\/\/alte.mannschaft.lgbt\/bimber\/wp-json\/wp\/v2\/categories?post=26536"},{"taxonomy":"post_tag","embeddable":true,"href":"https:\/\/alte.mannschaft.lgbt\/bimber\/wp-json\/wp\/v2\/tags?post=26536"}],"curies":[{"name":"wp","href":"https:\/\/api.w.org\/{rel}","templated":true}]}}