{"id":195622,"date":"2024-05-03T10:01:50","date_gmt":"2024-05-03T08:01:50","guid":{"rendered":"https:\/\/mannschaft.com\/?p=195622"},"modified":"2024-05-03T19:34:05","modified_gmt":"2024-05-03T17:34:05","slug":"so-lautet-das-motto-der-diesjaehrigen-bernpride","status":"publish","type":"post","link":"https:\/\/alte.mannschaft.lgbt\/bimber\/so-lautet-das-motto-der-diesjaehrigen-bernpride\/","title":{"rendered":"Bern Pride gibt Motto 2024 bekannt"},"content":{"rendered":"<h3>Nach der letztj\u00e4hrigen Premiere gibt es auch dieses Jahr wieder eine Bern Pride. Nun gaben die Organisator*innen das Motto bekannt: \u00abBunt. Laut. Bern.\u00bb<\/h3>\n<p>Bereits letztes Jahr kamen \u00fcber 10&#8217;000 Menschen trotz Regenwetter nach Bern, feierten und demonstrierten f\u00fcr queere Sexualit\u00e4t und Identit\u00e4t. In diesem Jahr werden ca. 6\u2019000 bis 8\u2019000 Besucher*innen erwartet. Die BernPride wird vom Verein \u00abBernPride\u00bb organisiert, der von einem 25-k\u00f6pfigen Organisationskomitee getragen wird. Dieser ist unabh\u00e4ngig und ehrenamtlich gef\u00fchrt.<\/p>\n<hr \/>\n<p><a href=\"https:\/\/mannschaft.com\/lesbisch-bdsm-kinky\/\" target=\"_blank\" rel=\"noopener\"><em>\u00abSind wir nicht alle ein bisschen kinky?\u00bb \u2013 Wie ein lesbisches Paar aus der Schweiz BDSM lebt (MANNSCHAFT+)<\/em><\/a><\/p>\n<hr \/>\n<p>Wie die Organisator*innen in einer Medienmitteilung mitteilte, stehe der Verein f\u00fcr die Anliegen der queeren Community in Bern und Umgebung ein und wolle diesen politischen Event in den n\u00e4chsten Jahren als fixer Bestandteil in Bern etablieren. Folgende Forderungen wurden ausgearbeitet:<\/p>\n<p>\u2022 Erweiterung der Antirassismus-Strafnorm auf trans und inter Personen<br \/>\n\u2022 Option eines dritten Geschlechtseintrags<br \/>\n\u2022 Explizites Verbot von <a href=\"https:\/\/mannschaft.com\/tag\/konversionstherapie\/\">Konversionstherapie<\/a><br \/>\n\u2022 Verbot Operationen an intergeschlechtlichen Kindern<br \/>\n\u2022 Rechtlichen Absicherung von Regenbogenfamilien und Zugang Fortpflanzungsmedizin<br \/>\n\u2022 Sexuelle Orientierung und Geschlechtsidentit\u00e4t als Fluchtgrund<br \/>\n\u2022 Mehr sichere Orte f\u00fcr die queere Community<\/p>\n<p>Die Bern Pride findet am Samstag, dem 03. August statt. Kernst\u00fcck der Bern Pride ist ein Demonstrationsumzug durch die Berner Innenstadt und ein Festival auf dem Bundesplatz. Das Motto lautet: Bunt. Laut. Bern.<\/p>\n<p>F\u00fcr Kritik seitens der Besucher*innen sorgte letztes Jahr die Polizei, die die Teilnehmenden des Umzugs fotografiert hatte (<a href=\"https:\/\/mannschaft.com\/polizei-fuer-praeventives-filmen-der-bern-pride-kritisiert\/\">MANNSCHAFT berichtete<\/a>). 2023 fand die Bern Pride im Anschluss der Eurogames statt. \u00dcber 500 freiwillige Helfer*innen standen w\u00e4hrend vier Tagen im Einsatz. Einer von ihnen: J\u00fcrgen Barth, der sich im Organisationskomitee des Pride Runs engagierte (<a href=\"https:\/\/mannschaft.com\/helfer-bei-eurogames-in-bern-ueber-100-stunden-arbeit-fuer-1-stunde-rennen\/\">MANNSCHAFT berichtete<\/a>).<\/p>\n<p><strong>Soll in Europa Sexkauf verboten werden? Was das f\u00fcr Sexarbeiter*innen bedeutet und warum nicht nur Konservative das gut finden, dar\u00fcber sprachen wir mit Sabrina Sanchez, der Direktorin der European Sex Worker Rights Alliance<a href=\"https:\/\/mannschaft.com\/verbot-von-sexkauf-es-war-als-wuerde-man-mit-der-wand-reden\/\">\u00a0(MANNSCHAFT+)<\/a>.<\/strong><\/p>\n","protected":false},"excerpt":{"rendered":"<p>Eine Pride in Bern gibt es dieses Jahr zum vierten Mal. Datum und Motto f\u00fcr die BernPride stehen nun fest. <a class=\"g1-link g1-link-more\" href=\"https:\/\/alte.mannschaft.lgbt\/bimber\/so-lautet-das-motto-der-diesjaehrigen-bernpride\/\">Weiterlesen<\/a><\/p>\n","protected":false},"author":1,"featured_media":195644,"comment_status":"closed","ping_status":"closed","sticky":false,"template":"","format":"standard","meta":[],"categories":[1340],"tags":[5531,5503],"wps_subtitle":"Am 3. August steht die Bundesstadt wieder im Zeichen des Regenbogens","_links":{"self":[{"href":"https:\/\/alte.mannschaft.lgbt\/bimber\/wp-json\/wp\/v2\/posts\/195622"}],"collection":[{"href":"https:\/\/alte.mannschaft.lgbt\/bimber\/wp-json\/wp\/v2\/posts"}],"about":[{"href":"https:\/\/alte.mannschaft.lgbt\/bimber\/wp-json\/wp\/v2\/types\/post"}],"author":[{"embeddable":true,"href":"https:\/\/alte.mannschaft.lgbt\/bimber\/wp-json\/wp\/v2\/users\/1"}],"replies":[{"embeddable":true,"href":"https:\/\/alte.mannschaft.lgbt\/bimber\/wp-json\/wp\/v2\/comments?post=195622"}],"version-history":[{"count":8,"href":"https:\/\/alte.mannschaft.lgbt\/bimber\/wp-json\/wp\/v2\/posts\/195622\/revisions"}],"predecessor-version":[{"id":195671,"href":"https:\/\/alte.mannschaft.lgbt\/bimber\/wp-json\/wp\/v2\/posts\/195622\/revisions\/195671"}],"wp:featuredmedia":[{"embeddable":true,"href":"https:\/\/alte.mannschaft.lgbt\/bimber\/wp-json\/wp\/v2\/media\/195644"}],"wp:attachment":[{"href":"https:\/\/alte.mannschaft.lgbt\/bimber\/wp-json\/wp\/v2\/media?parent=195622"}],"wp:term":[{"taxonomy":"category","embeddable":true,"href":"https:\/\/alte.mannschaft.lgbt\/bimber\/wp-json\/wp\/v2\/categories?post=195622"},{"taxonomy":"post_tag","embeddable":true,"href":"https:\/\/alte.mannschaft.lgbt\/bimber\/wp-json\/wp\/v2\/tags?post=195622"}],"curies":[{"name":"wp","href":"https:\/\/api.w.org\/{rel}","templated":true}]}}