{"id":195586,"date":"2024-05-02T16:11:45","date_gmt":"2024-05-02T14:11:45","guid":{"rendered":"https:\/\/mannschaft.com\/?p=195586"},"modified":"2024-05-02T16:58:41","modified_gmt":"2024-05-02T14:58:41","slug":"israel-verschaerft-vor-esc-reisewarnung-fuer-malmoe","status":"publish","type":"post","link":"https:\/\/alte.mannschaft.lgbt\/bimber\/israel-verschaerft-vor-esc-reisewarnung-fuer-malmoe\/","title":{"rendered":"Israel versch\u00e4rft vor ESC Reise&shy;warnung f\u00fcr Malm\u00f6"},"content":{"rendered":"<h3>Vor dem Eurovision Song Contest kommende Woche in Malm\u00f6 hat Israels Nationaler Sicherheitsrat (NSC) eine Reisewarnung f\u00fcr die schwedische Stadt versch\u00e4rft.<\/h3>\n<p>Das Risiko werde von 2 (potenzielle Bedrohung) auf 3 (mittlere Bedrohung) heraufgestuft, teilte der Rat am Donnerstag auf seiner Webseite mit. Israelis, die einen Besuch in Malm\u00f6 planen, werde nahegelegt, dies noch einmal zu \u00fcberdenken. Die Warnung gelte f\u00fcr die Zeit des ESC-Wettbewerbs vom 7. bis 11. Mai.<\/p>\n<hr \/>\n<p><a href=\"https:\/\/mannschaft.com\/erste-probe-so-tritt-nemo-beim-esc-auf\/\" target=\"_blank\" rel=\"noopener\"><em>Erste Probe in Malm\u00f6: So tritt Nemo beim ESC an! \u00abThe Code\u00bb hat grosse Chancen auf den Sieg\u00a0<\/em><\/a><\/p>\n<hr \/>\n<p>In der Mitteilung hiess es zur Begr\u00fcndung, Malm\u00f6 habe eine \u00abhohe Konzentration syrischer, libanesischer, irakischer und iranischer Migranten\u00bb und sei als Brennpunkt antiisraelischer Proteste bekannt. Diese passierten w\u00f6chentlich und involvierten h\u00e4ufig Aufrufe zur Gewalt gegen j\u00fcdische Menschen und Israelis sowie das Verbrennen israelischer Flaggen, hiess es weiter. Nach dem Massaker der Hamas und anderer extremistischer Organisationen im israelischen Grenzgebiet am 7. Oktober vergangenen Jahres sei es in Malm\u00f6 zu offenen Freudenbekundungen gekommen. Zudem gebe es Aufrufe radikaler Islamisten zu Anschl\u00e4gen auf westliche Ziele, einschliesslich spezieller Drohungen gegen Israelis und j\u00fcdische Menschen weltweit, mit Blick auf Ziele mit hohem Medieninteresse.<\/p>\n<p>Der Sicherheitsrat verwies auch auf die Festnahme zweier mutma\u00dflicher Islamisten im M\u00e4rz bei Gera in Th\u00fcringen, die einen Anschlag mit Schusswaffen neben dem schwedischen Parlament geplant haben sollen. Diese Entwicklungen n\u00e4hre \u00abdie konkrete Sorge, dass Terroristen die Proteste und die antiisraelische Atmosph\u00e4re ausnutzen k\u00f6nnten, um einen Anschlag auf Israelis zu ver\u00fcben\u00bb, die zum ESC kommen.<\/p>\n<p>Die schwedischen Beh\u00f6rden h\u00e4tten zwar die Sicherheit f\u00fcr Malm\u00f6 verst\u00e4rkt, es gebe aber &#8211; anders als f\u00fcr die israelische ESC-Delegation &#8211; f\u00fcr israelische Besucher*innen keine besonderen Sicherheitsvorkehrungen. Regul\u00e4ren israelischen Besucher*innen werde deshalb geraten, eine App der israelischen Heimatfront herunterladen, \u00fcber die sie im Fall eines Sicherheitsvorfalls in Malm\u00f6 w\u00e4hrend des ESC schnell \u00fcber Entwicklungen informiert werden k\u00f6nnten.<\/p>\n<p>Der ESC-Beitrag aus Israel hatte f\u00fcr einigen Wirbel gesorgt. Der Veranstalter des Wettbewerbs, die europ\u00e4ische Rundfunkunion (EBU), hielt den eingereichten Text f\u00fcr zu politisch. Sie sah darin Hinweise auf die von pal\u00e4stinensischen Terroristen am 7. Oktober in Israel ver\u00fcbten Massaker. Das Lied der israelischen S\u00e4ngerin Eden Golan wurde daraufhin \u00fcberarbeitet und zugelassen <a href=\"https:\/\/mannschaft.com\/jubel-in-israel-ueberarbeiteter-esc-song-genehmigt\/\" target=\"_blank\" rel=\"noopener\">(MANNSCHAFT berichtete)<\/a>. Unter anderem schwedische K\u00fcnstler*innen hatten wegen des Gaza-Krieges einen Ausschluss Israels vom ESC gefordert.<\/p>\n<p>Bei dem Massaker hatten Terroristen der Hamas und anderer extremistischer Gruppen rund 1200 Menschen ermordet und weitere 250 in den Gazastreifen verschleppt. Bei der israelischen Gegenoffensive sollen laut der von der Hamas kontrollierten Gesundheitsbeh\u00f6rde bislang rund 34&#8217;600 Pal\u00e4stinenser*innen get\u00f6tet worden sein. Der Gaza-Krieg hat weltweit starke Proteste ausgel\u00f6st.<\/p>\n<p><strong>50 Jahre nach \u00abWaterloo\u00bb \u2013 Doku und Ehrung f\u00fcr die ESC-Ikonen von Abba. Alles begann mit einem falschen Song \u2026 <a href=\"https:\/\/mannschaft.com\/50-jahre-nach-waterloo-doku-und-ehrung-fuer-abba\/\" target=\"_blank\" rel=\"noopener\">(MANNSCHAFT berichtete)<\/a>.<\/strong><\/p>\n","protected":false},"excerpt":{"rendered":"<p>Vor dem Eurovision Song Contest kommende Woche in Malm\u00f6 hat Israels Nationaler Sicherheitsrat (NSC) eine Reisewarnung f\u00fcr die schwedische Stadt versch\u00e4rft. <a class=\"g1-link g1-link-more\" href=\"https:\/\/alte.mannschaft.lgbt\/bimber\/israel-verschaerft-vor-esc-reisewarnung-fuer-malmoe\/\">Weiterlesen<\/a><\/p>\n","protected":false},"author":1950,"featured_media":0,"comment_status":"closed","ping_status":"closed","sticky":false,"template":"","format":"standard","meta":[],"categories":[2],"tags":[103,124,5521],"wps_subtitle":"Die Stadt sei als Brennpunkt antiisraelischer Proteste bekannt","_links":{"self":[{"href":"https:\/\/alte.mannschaft.lgbt\/bimber\/wp-json\/wp\/v2\/posts\/195586"}],"collection":[{"href":"https:\/\/alte.mannschaft.lgbt\/bimber\/wp-json\/wp\/v2\/posts"}],"about":[{"href":"https:\/\/alte.mannschaft.lgbt\/bimber\/wp-json\/wp\/v2\/types\/post"}],"author":[{"embeddable":true,"href":"https:\/\/alte.mannschaft.lgbt\/bimber\/wp-json\/wp\/v2\/users\/1950"}],"replies":[{"embeddable":true,"href":"https:\/\/alte.mannschaft.lgbt\/bimber\/wp-json\/wp\/v2\/comments?post=195586"}],"version-history":[{"count":6,"href":"https:\/\/alte.mannschaft.lgbt\/bimber\/wp-json\/wp\/v2\/posts\/195586\/revisions"}],"predecessor-version":[{"id":195596,"href":"https:\/\/alte.mannschaft.lgbt\/bimber\/wp-json\/wp\/v2\/posts\/195586\/revisions\/195596"}],"wp:attachment":[{"href":"https:\/\/alte.mannschaft.lgbt\/bimber\/wp-json\/wp\/v2\/media?parent=195586"}],"wp:term":[{"taxonomy":"category","embeddable":true,"href":"https:\/\/alte.mannschaft.lgbt\/bimber\/wp-json\/wp\/v2\/categories?post=195586"},{"taxonomy":"post_tag","embeddable":true,"href":"https:\/\/alte.mannschaft.lgbt\/bimber\/wp-json\/wp\/v2\/tags?post=195586"}],"curies":[{"name":"wp","href":"https:\/\/api.w.org\/{rel}","templated":true}]}}