{"id":189176,"date":"2024-02-13T08:37:55","date_gmt":"2024-02-13T07:37:55","guid":{"rendered":"https:\/\/mannschaft.com\/?p=189176"},"modified":"2024-03-11T19:44:11","modified_gmt":"2024-03-11T18:44:11","slug":"nach-ablehnung-queere-chirurgin-kritisiert-aerzte-ohne-grenzen","status":"publish","type":"post","link":"https:\/\/alte.mannschaft.lgbt\/bimber\/nach-ablehnung-queere-chirurgin-kritisiert-aerzte-ohne-grenzen\/","title":{"rendered":"Nach Ablehnung: Queere Chirurgin kritisiert \u00c4rzte ohne Grenzen"},"content":{"rendered":"<h3>Die Wiener Chirurgin Mariam Vedadinejad wollte sich bei \u00c4rzte ohne Grenzen engagieren, wurde aber abgewiesen. Grund sei ihrer Meinung nach, dass sie mit einer Frau zusammenlebe.<\/h3>\n<p>Die Vorw\u00fcrfe, die Mariam Vedadinejad gegen die Hilfsorganisations erhebt, wiegen schwer. Bei einem Bewerbungsgespr\u00e4ch f\u00fcr \u00c4rzte ohne Grenzen sei sie danach gefragt wurden, wie ihre Familie damit umgehe, dass sie in einem Krisengebiet arbeiten wolle. \u00abUnd da habe ich ganz normal, wie jeder andere Mensch, \u00fcber meine Beziehung gesprochen \u2013 die mit einer Frau ist\u00bb, erz\u00e4hlte die \u00c4rztin im <em>\u00d61<\/em>-Interview. Danach sei fast indes nur noch ihr Privatleben thematisiert worden. Weiter sei ihr ehrenamtliches Engagement f\u00fcr Frauenrechte negativ konnotiert worden.<\/p>\n<hr \/>\n<p><a href=\"https:\/\/mannschaft.com\/beyond-fashion-mode-doku-mit-queer-eye-hostin-avi-jakobs\/\">\u00abBeyond Fashion\u00bb: Doku mit \u00abQueer Eye\u00bb-Host Avi Jakobs zeigt Mode als Kultur und Zeichen der Identit\u00e4t<\/a><\/p>\n<hr \/>\n<p>\u00abWissen Sie, Ihre Homosexualit\u00e4t und Ihre feministischen Ansichten, sind gut und lobenswert, aber Sie m\u00fcssen schon wissen, dass Sie da in unterschiedlichen anderen Kulturen sind, wo gr\u00f6sstenteils M\u00e4nner \u00f6ffentlich unterwegs sind\u00bb, soll es in einem anschliessendem Telefonat geheissen haben. \u00abDa ist es mir unmittelbar geschossen, dass das eine eigenartige Konstellation ist, meine Nichtaufnahme zu erkl\u00e4ren\u00bb, erkl\u00e4rte Vedadinejad. Offiziell abgelehnt wurde die erfahrene Medizinerin, die vor kurzem Fussball-Legende Toni Polster operiert hat, wegen mangelnder Managementerfahrungen.<\/p>\n<p>\u00c4rzte ohne Grenzen wies zun\u00e4chst alle Vorw\u00fcrfe zur\u00fcck. Auf Anfrage des <a href=\"https:\/\/wien.orf.at\/stories\/3244381\/\" target=\"_blank\" rel=\"noopener\">ORF<\/a> wurden jedoch m\u00f6gliche Fehler zugegeben. \u00abWir sind uns dessen bewusst, dass wir alle \u2013 auch als Organisation \u2013 immer kontinuierlich lernen und uns weiterentwickeln m\u00fcssen\u00bb, heisst es in einer schriftlichen Stellungnahme. \u00abOftmals liegen Herausforderungen in kleinen Details, die Menschen, die einer Mehrheit angeh\u00f6ren, nicht immer automatisch im Blick haben. M\u00f6glichen blinden Flecken m\u00f6chten wir daher proaktiv begegnen.\u00bb<\/p>\n<p>Vedadinejad hat derweil nicht vor, weiter gegen \u00c4rzte ohne Grenzen vorzugehen. Ihr sei es wichtig gewesen, das Problem aufzuzeigen, sagte sie. Auch, weil es noch immer kein umfassendes <a href=\"https:\/\/mannschaft.com\/bundesregierung-im-kampf-gegen-diskriminierung-saeumig\/\">Antidiskriminierungsrecht in \u00d6sterreich<\/a> gibt.<\/p>\n<p><strong>\u00d6sterreich steht vor einem Superwahljahr. Umfragen zufolge k\u00f6nnte die rechtsextreme Freiheitliche Partei (FP\u00d6) im Parlament die stimmenst\u00e4rkste Partei werden. LGBTIQ sind besorgt <a href=\"https:\/\/mannschaft.com\/bekommt-oesterreich-einen-queerfeindlichen-volkskanzler\/\">(MANNSCHAFT berichtete)<\/a>.<\/strong><\/p>\n","protected":false},"excerpt":{"rendered":"<p>Die Wiener Chirurgin Mariam Vedadinejad wollte sich bei \u00c4rzte ohne Grenzen engagieren, wurde aber abgewiesen. Grund sei ihrer Meinung nach, dass sie mit einer Frau zusammenlebe <a class=\"g1-link g1-link-more\" href=\"https:\/\/alte.mannschaft.lgbt\/bimber\/nach-ablehnung-queere-chirurgin-kritisiert-aerzte-ohne-grenzen\/\">Weiterlesen<\/a><\/p>\n","protected":false},"author":1,"featured_media":189178,"comment_status":"closed","ping_status":"closed","sticky":false,"template":"","format":"standard","meta":[],"categories":[10,2,2527],"tags":[5478,5538],"wps_subtitle":"Wienerin erhebt schwere Diskriminierungsvorw\u00fcrfe gegen die Hilfsorganisation","_links":{"self":[{"href":"https:\/\/alte.mannschaft.lgbt\/bimber\/wp-json\/wp\/v2\/posts\/189176"}],"collection":[{"href":"https:\/\/alte.mannschaft.lgbt\/bimber\/wp-json\/wp\/v2\/posts"}],"about":[{"href":"https:\/\/alte.mannschaft.lgbt\/bimber\/wp-json\/wp\/v2\/types\/post"}],"author":[{"embeddable":true,"href":"https:\/\/alte.mannschaft.lgbt\/bimber\/wp-json\/wp\/v2\/users\/1"}],"replies":[{"embeddable":true,"href":"https:\/\/alte.mannschaft.lgbt\/bimber\/wp-json\/wp\/v2\/comments?post=189176"}],"version-history":[{"count":4,"href":"https:\/\/alte.mannschaft.lgbt\/bimber\/wp-json\/wp\/v2\/posts\/189176\/revisions"}],"predecessor-version":[{"id":191471,"href":"https:\/\/alte.mannschaft.lgbt\/bimber\/wp-json\/wp\/v2\/posts\/189176\/revisions\/191471"}],"wp:featuredmedia":[{"embeddable":true,"href":"https:\/\/alte.mannschaft.lgbt\/bimber\/wp-json\/wp\/v2\/media\/189178"}],"wp:attachment":[{"href":"https:\/\/alte.mannschaft.lgbt\/bimber\/wp-json\/wp\/v2\/media?parent=189176"}],"wp:term":[{"taxonomy":"category","embeddable":true,"href":"https:\/\/alte.mannschaft.lgbt\/bimber\/wp-json\/wp\/v2\/categories?post=189176"},{"taxonomy":"post_tag","embeddable":true,"href":"https:\/\/alte.mannschaft.lgbt\/bimber\/wp-json\/wp\/v2\/tags?post=189176"}],"curies":[{"name":"wp","href":"https:\/\/api.w.org\/{rel}","templated":true}]}}