{"id":189031,"date":"2024-02-10T18:49:26","date_gmt":"2024-02-10T17:49:26","guid":{"rendered":"https:\/\/mannschaft.com\/?p=189031"},"modified":"2024-02-13T13:54:59","modified_gmt":"2024-02-13T12:54:59","slug":"osnabrueck-feiert-karneval-mit-schwulem-prinzenpaar","status":"publish","type":"post","link":"https:\/\/alte.mannschaft.lgbt\/bimber\/osnabrueck-feiert-karneval-mit-schwulem-prinzenpaar\/","title":{"rendered":"Osnabr\u00fcck feiert Karneval mit schwulem Prinzenpaar"},"content":{"rendered":"<h3>Tausende Zuschauer*innen haben am Samstag die Karnevalsumz\u00fcge in Niedersachsen verfolgt.<\/h3>\n<p>In Osnabr\u00fcck feierten zwischen 25 000 und 30 000 Menschen den \u00abOssensamstag\u00bb in der Innenstadt, wie eine Sprecherin der Polizei sagte. Mehr als 60 Tanzgruppen und Festwagen waren dort nach Angaben der Veranstalter*innen unter dem Motto \u00abKreuz und queer, kunterbunt, das sind wir!\u00bb unterwegs.<\/p>\n<hr \/>\n<p><a href=\"https:\/\/mannschaft.com\/das-letzte-tabu-dokumentation-ueber-schwulsein-und-fussball\/\">\u00abDas letzte Tabu\u00bb \u2013 Neue Dokumentation \u00fcber Schwulsein und Fussball<\/a><\/p>\n<hr \/>\n<p>Dort sind Yut I. (Punnuruk) und Thomas I. (Wolf) das erste queere und gleichzeitig binationale Stadtprinzenpaar <a href=\"https:\/\/mannschaft.com\/osnabrueck-begruesst-das-erste-queere-stadtprinzenpaar\/\" target=\"_blank\" rel=\"noopener\">(MANNSCHAFT berichtete)<\/a>. Beim B\u00fcrgerausschuss Osnabr\u00fccker Karneval hat es noch nie ein Majest\u00e4ten-Doppel aus schwulen Prinzen gegeben.<\/p>\n<p>In Hannover fuhren nach Angaben der Stadt rund zehn geschm\u00fcckte Festwagen begleitet von acht Spielmannsz\u00fcgen durch die Fussg\u00e4ngerzone in der Innenstadt. Auch in Varel im Landkreis Friesland gab es einen Umzug.<\/p>\n<p>Der gr\u00f6sste Karnevalsumzug in Norddeutschland findet dann am Sonntag in Braunschweig statt. Beim \u00abSchoduvel\u00bb werden nach Angaben der Stadt rund 300&#8217;000 Zuschauer*innen und mehr als 5000 aktive Teilnehmer*innen erwartet. \u00abSchoduvel\u00bb ist niederdeutsch und heisst so viel wie \u00abScheuch den Teufel!\u00bb<\/p>\n<p><strong>Polens Pr\u00e4sident Duda hat das neue Kabinett von Regierungschef Donald Tusk vereidigt. LGBTIQ-Aktivist*innen sehen beispiellose M\u00f6glichkeiten zur Gleichstellung <a href=\"https:\/\/mannschaft.com\/polen-queere-paare-sollen-anerkannt-werden\/\">(MANNSCHAFT berichtete)<\/a>.<\/strong><\/p>\n","protected":false},"excerpt":{"rendered":"<p>Tausende Zuschauer*innen haben am Samstag die Karnevalsumz\u00fcge in Niedersachsen verfolgt. In Osnabr\u00fcck regiert mit Yut I. (Punnuruk) und Thomas I. (Wolf) das erste queere und gleichzeitig binationale Stadtprinzenpaar <a class=\"g1-link g1-link-more\" href=\"https:\/\/alte.mannschaft.lgbt\/bimber\/osnabrueck-feiert-karneval-mit-schwulem-prinzenpaar\/\">Weiterlesen<\/a><\/p>\n","protected":false},"author":1950,"featured_media":189032,"comment_status":"closed","ping_status":"closed","sticky":false,"template":"","format":"standard","meta":[],"categories":[10,262],"tags":[5452],"wps_subtitle":"Eine Premiere in der nieders\u00e4chsischen Stadt!","_links":{"self":[{"href":"https:\/\/alte.mannschaft.lgbt\/bimber\/wp-json\/wp\/v2\/posts\/189031"}],"collection":[{"href":"https:\/\/alte.mannschaft.lgbt\/bimber\/wp-json\/wp\/v2\/posts"}],"about":[{"href":"https:\/\/alte.mannschaft.lgbt\/bimber\/wp-json\/wp\/v2\/types\/post"}],"author":[{"embeddable":true,"href":"https:\/\/alte.mannschaft.lgbt\/bimber\/wp-json\/wp\/v2\/users\/1950"}],"replies":[{"embeddable":true,"href":"https:\/\/alte.mannschaft.lgbt\/bimber\/wp-json\/wp\/v2\/comments?post=189031"}],"version-history":[{"count":3,"href":"https:\/\/alte.mannschaft.lgbt\/bimber\/wp-json\/wp\/v2\/posts\/189031\/revisions"}],"predecessor-version":[{"id":189035,"href":"https:\/\/alte.mannschaft.lgbt\/bimber\/wp-json\/wp\/v2\/posts\/189031\/revisions\/189035"}],"wp:featuredmedia":[{"embeddable":true,"href":"https:\/\/alte.mannschaft.lgbt\/bimber\/wp-json\/wp\/v2\/media\/189032"}],"wp:attachment":[{"href":"https:\/\/alte.mannschaft.lgbt\/bimber\/wp-json\/wp\/v2\/media?parent=189031"}],"wp:term":[{"taxonomy":"category","embeddable":true,"href":"https:\/\/alte.mannschaft.lgbt\/bimber\/wp-json\/wp\/v2\/categories?post=189031"},{"taxonomy":"post_tag","embeddable":true,"href":"https:\/\/alte.mannschaft.lgbt\/bimber\/wp-json\/wp\/v2\/tags?post=189031"}],"curies":[{"name":"wp","href":"https:\/\/api.w.org\/{rel}","templated":true}]}}