{"id":187794,"date":"2024-01-26T10:38:55","date_gmt":"2024-01-26T09:38:55","guid":{"rendered":"https:\/\/mannschaft.com\/?p=187794"},"modified":"2024-01-26T10:38:55","modified_gmt":"2024-01-26T09:38:55","slug":"647-prozent-der-missbrauchsopfer-waren-maennlich","status":"publish","type":"post","link":"https:\/\/alte.mannschaft.lgbt\/bimber\/647-prozent-der-missbrauchsopfer-waren-maennlich\/","title":{"rendered":"64,7 Prozent der Miss&shy;brauchs&shy;opfer waren m\u00e4nnlich"},"content":{"rendered":"<h3>Mindestens 2225 Betroffene, 1259 mutmassliche T\u00e4ter*innen &#8211; und eine sehr hohe Dunkelziffer: Die Studie zum sexuellen Missbrauch hat auch die evangelische Kirche ersch\u00fcttert. Wie geht es nun weiter?<\/h3>\n<p>Die Beschuldigten seien zu gut 40 Prozent evangelische Pfarrpersonen, davon 99,6 Prozent M\u00e4nner, heisst es in der ersten unabh\u00e4ngigen Studie zu sexualisierter Gewalt, die die Evangelische Kirche in Deutschland (EKD) und die Diakonie in den Blick nimmt. Weiter heisst es in der in Hannover erstellten Studie, dass rund 64,7 Prozent der Missbrauchsopfer m\u00e4nnlich und rund 35,3 weiblich waren beziehungsweise sind.<\/p>\n<hr \/>\n<p><em><a href=\"https:\/\/mannschaft.com\/neues-von-lil-nas-x-doku-und-neuer-song-erschienen\/\" target=\"_blank\" rel=\"noopener\">Neues von Lil Nas X: Doku \u00fcbers Leben der queeren Musikikone erschienen<\/a><br \/>\n<\/em><\/p>\n<hr \/>\n<p>Die Vorstellung der Studie diese Woche hat Kritik am Vorgehen und Forderungen nach Konsequenzen hervorgerufen. \u00abEs ist deutlich geworden, dass es in der evangelischen Kirche mehr noch als in der katholischen Kirche oder etwa im Sport an Strukturen mangelt, um die sexuelle Gewalt aufzuarbeiten\u00bb, sagte die Missbrauchsbeauftragte der Bundesregierung, Kerstin Claus, den Partnerzeitungen der Neuen Berliner Redaktionsgesellschaft.<\/p>\n<p><strong>\u00abRichtige Schritte\u00bb<\/strong><br \/>\nDass dies so lange gedauert habe, sei \u00abvor allem f\u00fcr die Betroffenen bitter\u00bb. Umso mehr st\u00fcnden \u00abdie Landeskirchen und die Landesverb\u00e4nde der Diakonie in der Verantwortung, jetzt die richtigen Schritte zu unternehmen\u00bb.<\/p>\n<figure id=\"attachment_187799\" aria-describedby=\"caption-attachment-187799\" style=\"width: 1000px\" class=\"wp-caption alignnone\"><a href=\"https:\/\/mannschaft.com\/bimber\/wp-content\/uploads\/2024\/01\/Vorstellung_Studie_z_80789682.jpg\"><img data-expand=\"600\" decoding=\"async\" loading=\"lazy\" class=\"lazyload wp-image-187799 size-full\" src=\"data:image\/svg+xml;charset=utf-8,%3Csvg xmlns%3D'http%3A%2F%2Fwww.w3.org%2F2000%2Fsvg' viewBox%3D'0 0 1000 568'%2F%3E\" data-src=\"https:\/\/mannschaft.com\/bimber\/wp-content\/uploads\/2024\/01\/Vorstellung_Studie_z_80789682.jpg\" alt=\"Missbrauch\" width=\"1000\" height=\"568\" data-srcset=\"https:\/\/alte.mannschaft.lgbt\/bimber\/wp-content\/uploads\/2024\/01\/Vorstellung_Studie_z_80789682.jpg 1000w, https:\/\/alte.mannschaft.lgbt\/bimber\/wp-content\/uploads\/2024\/01\/Vorstellung_Studie_z_80789682-300x170.jpg 300w, https:\/\/alte.mannschaft.lgbt\/bimber\/wp-content\/uploads\/2024\/01\/Vorstellung_Studie_z_80789682-425x241.jpg 425w, https:\/\/alte.mannschaft.lgbt\/bimber\/wp-content\/uploads\/2024\/01\/Vorstellung_Studie_z_80789682-768x436.jpg 768w, https:\/\/alte.mannschaft.lgbt\/bimber\/wp-content\/uploads\/2024\/01\/Vorstellung_Studie_z_80789682-50x28.jpg 50w, https:\/\/alte.mannschaft.lgbt\/bimber\/wp-content\/uploads\/2024\/01\/Vorstellung_Studie_z_80789682-192x108.jpg 192w, https:\/\/alte.mannschaft.lgbt\/bimber\/wp-content\/uploads\/2024\/01\/Vorstellung_Studie_z_80789682-561x319.jpg 561w, https:\/\/alte.mannschaft.lgbt\/bimber\/wp-content\/uploads\/2024\/01\/Vorstellung_Studie_z_80789682-265x151.jpg 265w, https:\/\/alte.mannschaft.lgbt\/bimber\/wp-content\/uploads\/2024\/01\/Vorstellung_Studie_z_80789682-531x302.jpg 531w, https:\/\/alte.mannschaft.lgbt\/bimber\/wp-content\/uploads\/2024\/01\/Vorstellung_Studie_z_80789682-364x207.jpg 364w, https:\/\/alte.mannschaft.lgbt\/bimber\/wp-content\/uploads\/2024\/01\/Vorstellung_Studie_z_80789682-728x414.jpg 728w, https:\/\/alte.mannschaft.lgbt\/bimber\/wp-content\/uploads\/2024\/01\/Vorstellung_Studie_z_80789682-608x345.jpg 608w, https:\/\/alte.mannschaft.lgbt\/bimber\/wp-content\/uploads\/2024\/01\/Vorstellung_Studie_z_80789682-758x431.jpg 758w, https:\/\/alte.mannschaft.lgbt\/bimber\/wp-content\/uploads\/2024\/01\/Vorstellung_Studie_z_80789682-85x48.jpg 85w, https:\/\/alte.mannschaft.lgbt\/bimber\/wp-content\/uploads\/2024\/01\/Vorstellung_Studie_z_80789682-169x96.jpg 169w, https:\/\/alte.mannschaft.lgbt\/bimber\/wp-content\/uploads\/2024\/01\/Vorstellung_Studie_z_80789682-400x227.jpg 400w\" data-sizes=\"(max-width: 1000px) 100vw, 1000px\" \/><\/a><figcaption id=\"caption-attachment-187799\" class=\"wp-caption-text\">Die Studie zum Missbrauch in der evangelischen Kirche (Foto: Julian Stratenschulte\/dpa)<\/figcaption><\/figure>\n<p>Mindestens 2225 Betroffene und 1259 mutmassliche T\u00e4ter*innen hatte eine Untersuchung zu sexualisierter Gewalt in der Evangelischen Kirche in Deutschland (EKD) und der Diakonie am Donnerstag f\u00fcr die vergangenen Jahrzehnte dokumentiert. Von der \u00abSpitze der Spitze des Eisbergs\u00bb sprach Studienleiter Martin Wazlawik von der Hochschule Hannover.<\/p>\n<p>Dabei sei die Frage nach Entsch\u00e4digungen nicht ausreichend beantwortet, kritisierte Kerstin Claus. \u00abEs darf nicht sein, dass Betroffene selbst Betr\u00e4ge nennen und die Entsch\u00e4digungen aushandeln sollen. Das muss im landeskirchlichen Kontext geschehen\u00bb, sagte sie.<\/p>\n<p><strong>\u00abBitter\u00bb<br \/>\n<\/strong>Die lange Zeit der Aufarbeitung nannte Claus \u00abvor allem f\u00fcr die Betroffenen bitter.\u00bb Im Vergleich zur katholischen Kirche (<a href=\"https:\/\/mannschaft.com\/zum-missbrauch-abgerichtet-skandal-erschuettert-katholische-kirche\/\" target=\"_blank\" rel=\"noopener\">MANNSCHAFT berichtete<\/a>) habe man durch das lange Warten acht Jahre verloren.<\/p>\n<p>Die Betroffeneninitiative \u00abEckiger Tisch\u00bb monierte, die Studie werfe \u00abmehr Fragen auf, als sie beantworten kann\u00bb. In einer Mitteilung hiess es weiter: \u00abOffenbar war die EKD nicht bereit oder in der Lage, umfassenden Zugang zu den Personalakten zu gew\u00e4hren. Werden wir jetzt weitere Jahre warten m\u00fcssen, bis die EKD die Missbrauchsf\u00e4lle in ihren Einrichtungen konkret aufkl\u00e4ren lassen wird?\u00bb<\/p>\n<hr \/>\n<p><em><a href=\"https:\/\/mannschaft.com\/neue-nationalgalerie-widmet-josephine-baker-eine-ausstellung\/\" target=\"_blank\" rel=\"noopener\">Eine Ausstellung in der Neuen Nationalgalerie Berlin beleuchtet das Leben von Josephine Baker<\/a><br \/>\n<\/em><\/p>\n<hr \/>\n<p>Die in der Studie ermittelten Fallzahlen basieren auf Akten der Landeskirchen und der Diakonie, ausserdem flossen den Landeskirchen und Diakonischen Werken bekannte F\u00e4lle ein. Die Wissenschaftler*innen konnten aber nicht alle Personalakten aller Pfarrer und Diakone auswerten, sondern in erster Linie Disziplinarakten.<\/p>\n<figure id=\"attachment_187800\" aria-describedby=\"caption-attachment-187800\" style=\"width: 1000px\" class=\"wp-caption alignnone\"><a href=\"https:\/\/mannschaft.com\/bimber\/wp-content\/uploads\/2024\/01\/Vorstellung_Studie_z_80788708.jpg\"><img data-expand=\"600\" decoding=\"async\" loading=\"lazy\" class=\"lazyload wp-image-187800 size-full\" src=\"data:image\/svg+xml;charset=utf-8,%3Csvg xmlns%3D'http%3A%2F%2Fwww.w3.org%2F2000%2Fsvg' viewBox%3D'0 0 1000 666'%2F%3E\" data-src=\"https:\/\/mannschaft.com\/bimber\/wp-content\/uploads\/2024\/01\/Vorstellung_Studie_z_80788708.jpg\" alt=\"Missbrauch\" width=\"1000\" height=\"666\" data-srcset=\"https:\/\/alte.mannschaft.lgbt\/bimber\/wp-content\/uploads\/2024\/01\/Vorstellung_Studie_z_80788708.jpg 1000w, https:\/\/alte.mannschaft.lgbt\/bimber\/wp-content\/uploads\/2024\/01\/Vorstellung_Studie_z_80788708-300x200.jpg 300w, https:\/\/alte.mannschaft.lgbt\/bimber\/wp-content\/uploads\/2024\/01\/Vorstellung_Studie_z_80788708-425x283.jpg 425w, https:\/\/alte.mannschaft.lgbt\/bimber\/wp-content\/uploads\/2024\/01\/Vorstellung_Studie_z_80788708-768x511.jpg 768w, https:\/\/alte.mannschaft.lgbt\/bimber\/wp-content\/uploads\/2024\/01\/Vorstellung_Studie_z_80788708-50x33.jpg 50w, https:\/\/alte.mannschaft.lgbt\/bimber\/wp-content\/uploads\/2024\/01\/Vorstellung_Studie_z_80788708-180x120.jpg 180w, https:\/\/alte.mannschaft.lgbt\/bimber\/wp-content\/uploads\/2024\/01\/Vorstellung_Studie_z_80788708-561x374.jpg 561w, https:\/\/alte.mannschaft.lgbt\/bimber\/wp-content\/uploads\/2024\/01\/Vorstellung_Studie_z_80788708-265x176.jpg 265w, https:\/\/alte.mannschaft.lgbt\/bimber\/wp-content\/uploads\/2024\/01\/Vorstellung_Studie_z_80788708-531x354.jpg 531w, https:\/\/alte.mannschaft.lgbt\/bimber\/wp-content\/uploads\/2024\/01\/Vorstellung_Studie_z_80788708-364x242.jpg 364w, https:\/\/alte.mannschaft.lgbt\/bimber\/wp-content\/uploads\/2024\/01\/Vorstellung_Studie_z_80788708-728x485.jpg 728w, https:\/\/alte.mannschaft.lgbt\/bimber\/wp-content\/uploads\/2024\/01\/Vorstellung_Studie_z_80788708-608x405.jpg 608w, https:\/\/alte.mannschaft.lgbt\/bimber\/wp-content\/uploads\/2024\/01\/Vorstellung_Studie_z_80788708-758x505.jpg 758w, https:\/\/alte.mannschaft.lgbt\/bimber\/wp-content\/uploads\/2024\/01\/Vorstellung_Studie_z_80788708-72x48.jpg 72w, https:\/\/alte.mannschaft.lgbt\/bimber\/wp-content\/uploads\/2024\/01\/Vorstellung_Studie_z_80788708-144x96.jpg 144w, https:\/\/alte.mannschaft.lgbt\/bimber\/wp-content\/uploads\/2024\/01\/Vorstellung_Studie_z_80788708-400x266.jpg 400w\" data-sizes=\"(max-width: 1000px) 100vw, 1000px\" \/><\/a><figcaption id=\"caption-attachment-187800\" class=\"wp-caption-text\">Kirsten Fehrs, amtierende Vorsitzende des Rates der EKD (Foto: Julian Stratenschulte\/dpa)<\/figcaption><\/figure>\n<p>Auf Grundlage ihrer Methode kamen die Expert*innen auf eine gesch\u00e4tzte Gesamtzahl von 3497 Beschuldigten. Die pr\u00e4sentierten Zahlen w\u00fcrden das Ausmass aber \u00abdeutlich untersch\u00e4tzen\u00bb, hatte Wazlawik gesagt und betont, dass \u00abkeinerlei Vergleiche\u00bb mit der katholischen Kirche oder anderen Institutionen gezogen werden k\u00f6nnten.<\/p>\n<p>Eine 2018 ver\u00f6ffentlichte Studie zu sexualisierter Gewalt in der katholischen Kirche hatte nach der Auswertung von fast 40\u2018000 Personalakten aus der Zeit zwischen 1945 und 2014 ergeben, dass 1670 katholische Priester und Diakone beschuldigt wurden, denen 3677 Kinder und Jugendliche als Betroffene zugeordnet werden konnten.<\/p>\n<p>Der K\u00f6lner Staatsrechtsprofessor Stephan Rixen, Mitglied der Unabh\u00e4ngigen Kommission zur Aufarbeitung sexuellen Kindesmissbrauchs auf Bundesebene, kritisierte vor allem den Umgang mit den Akten. \u00abDie Auswertung der Personalakten h\u00e4tte sich mit Sicherheit organisieren lassen, wenn das gewollt gewesen w\u00e4re\u00bb, sagte Rixen der Deutschen Presse-Agentur. Dies zeige die Studie der katholischen Kirche, f\u00fcr die knapp 40\u2018000 Akten ausgewertet wurden. \u00abAn dieser Stelle dr\u00e4ngt sich die Frage auf: Will es die EKD wirklich wissen?\u00bb, sagte Rixen.<\/p>\n<p><strong>Wegen des Vorwurfs, sie h\u00e4tte Missbrauchsf\u00e4lle vertuscht, war die fr\u00fchere EKDRatsvorsitzende Kurschus zur\u00fcckgetreten (<a href=\"https:\/\/mannschaft.com\/missbrauch-vertuscht-ekd-ratsvorsitzende-kurschus-gibt-erklaerung-ab\/\" target=\"_blank\" rel=\"noopener\">MANNSCHAFT berichtete<\/a>).<\/strong><\/p>\n","protected":false},"excerpt":{"rendered":"<p>Die Studie zum sexuellen Missbrauch hat die evangelische Kirche ersch\u00fcttert. Und eine Diskussion zu den Konsequenzen entfacht. <a class=\"g1-link g1-link-more\" href=\"https:\/\/alte.mannschaft.lgbt\/bimber\/647-prozent-der-missbrauchsopfer-waren-maennlich\/\">Weiterlesen<\/a><\/p>\n","protected":false},"author":1950,"featured_media":187796,"comment_status":"closed","ping_status":"closed","sticky":false,"template":"","format":"standard","meta":[],"categories":[3],"tags":[5501,5512],"wps_subtitle":"Diskussion um Studie zum sexuellen Missbrauch in der evangelischen Kirche","_links":{"self":[{"href":"https:\/\/alte.mannschaft.lgbt\/bimber\/wp-json\/wp\/v2\/posts\/187794"}],"collection":[{"href":"https:\/\/alte.mannschaft.lgbt\/bimber\/wp-json\/wp\/v2\/posts"}],"about":[{"href":"https:\/\/alte.mannschaft.lgbt\/bimber\/wp-json\/wp\/v2\/types\/post"}],"author":[{"embeddable":true,"href":"https:\/\/alte.mannschaft.lgbt\/bimber\/wp-json\/wp\/v2\/users\/1950"}],"replies":[{"embeddable":true,"href":"https:\/\/alte.mannschaft.lgbt\/bimber\/wp-json\/wp\/v2\/comments?post=187794"}],"version-history":[{"count":4,"href":"https:\/\/alte.mannschaft.lgbt\/bimber\/wp-json\/wp\/v2\/posts\/187794\/revisions"}],"predecessor-version":[{"id":187803,"href":"https:\/\/alte.mannschaft.lgbt\/bimber\/wp-json\/wp\/v2\/posts\/187794\/revisions\/187803"}],"wp:featuredmedia":[{"embeddable":true,"href":"https:\/\/alte.mannschaft.lgbt\/bimber\/wp-json\/wp\/v2\/media\/187796"}],"wp:attachment":[{"href":"https:\/\/alte.mannschaft.lgbt\/bimber\/wp-json\/wp\/v2\/media?parent=187794"}],"wp:term":[{"taxonomy":"category","embeddable":true,"href":"https:\/\/alte.mannschaft.lgbt\/bimber\/wp-json\/wp\/v2\/categories?post=187794"},{"taxonomy":"post_tag","embeddable":true,"href":"https:\/\/alte.mannschaft.lgbt\/bimber\/wp-json\/wp\/v2\/tags?post=187794"}],"curies":[{"name":"wp","href":"https:\/\/api.w.org\/{rel}","templated":true}]}}