{"id":187787,"date":"2024-01-29T10:12:23","date_gmt":"2024-01-29T09:12:23","guid":{"rendered":"https:\/\/mannschaft.com\/?p=187787"},"modified":"2024-01-30T08:24:02","modified_gmt":"2024-01-30T07:24:02","slug":"eine-nacht-mit-mark-waschke","status":"publish","type":"post","link":"https:\/\/alte.mannschaft.lgbt\/bimber\/eine-nacht-mit-mark-waschke\/","title":{"rendered":"Eine Nacht mit &#8230; Mark Waschke"},"content":{"rendered":"<h3>Mark Waschke hat den \u00abTatort\u00bb queerer gemacht und outete sich danach \u00f6ffentlichkeitswirksam selbst als queer. Auf einen Rollentypus festlegen l\u00e4sst er sich deswegen aber noch lange nicht.<\/h3>\n<p>Eine schwule Bettszene mit einem \u00abTatort\u00bb-Kommissar, das gab\u2018s bis dahin noch nie. 2016 war das, als Mark Wasche seine Figur des Robert Karow in das Bett eines anderen Mannes f\u00fchrte. Das war neu im \u00abTatort\u00bb und noch bevor sich Andr\u00e9 Kaczmarczyk als <a href=\"https:\/\/mannschaft.com\/polizeiruf-110-der-rock-bleibt\/\">Vincent Ross<\/a> durch die sonnt\u00e4glichen Wohnzimmer ermittelte.<\/p>\n<hr \/>\n<p><em><a href=\"https:\/\/mannschaft.com\/stierkaempfer-mario-alcalde-outet-sich-als-pansexuell\/\">Stierk\u00e4mpfer Mario Alcalde outet sich als pansexuell \u2013 Der 31-j\u00e4hrige Spanier m\u00f6chte LGBTIQ f\u00fcr die umstrittene Tradition begeistern<\/a><\/em><\/p>\n<hr \/>\n<p>Waschke, mit einer Frau verheiratet und Vater einer Tochter, war bis dahin nicht f\u00fcr queere Rollen bekannt. 2021 dann nahm er f\u00fcr viele \u00fcberraschend am #ActOut teil <a href=\"https:\/\/mannschaft.com\/sechs-schauspielerinnen-wagen-das-coming-out-wir-sind-queer\/\" target=\"_blank\" rel=\"noopener\">(MANNSCHAFT berichtete)<\/a>. Seitdem beschreibt er sich selbst als queer. Lieber w\u00e4re es ihm, es g\u00e4be diese ganzen Kategorien nicht. Vielmehr solle gelten \u00ab<em>We don\u2019t give a fuck, just fuck<\/em>\u00bb, wie er einmal sagte.<\/p>\n<p>Klar spielt er auch in <a href=\"https:\/\/mannschaft.com\/louis-hofmann-bekommt-actor-of-the-year-award-2023\/\" target=\"_blank\" rel=\"noopener\">\u00abDark\u00bb<\/a> auf Netflix mit. Aber das ist f\u00fcr eine Nacht nun wirklich zu lang. Und die Serie \u00ab8 Tage\u00bb, daf\u00fcr braucht man zwar nicht so lange \u2013 aber es gibt Spannenderes. Zuletzt \u00fcbernahm er die Rolle eines Priesters im Film <a href=\"https:\/\/mannschaft.com\/queere-filmhighlights-2024-mit-kristen-stewart-andrew-scott-und-co\/\">\u00abGotteskinder\u00bb<\/a>. Dieser spielt im evangelikalen Milieu, worin der Jugendliche Timo mit seiner Homosexualit\u00e4t umgehen muss. Da der Film aber noch keinen Starttermin f\u00fcrs Kino hat, hier nun also f\u00fcnf Highlights f\u00fcr eine hellwache Waschke-Nacht.<\/p>\n<figure id=\"attachment_157241\" aria-describedby=\"caption-attachment-157241\" class=\"wp-caption aligncenter\"><a href=\"https:\/\/mannschaft.com\/bimber\/wp-content\/uploads\/2022\/12\/1_Tatort_Das_Opfer1.jpg\"><img data-expand=\"600\" decoding=\"async\" loading=\"lazy\" class=\"lazyload wp-image-157241 size-large\" src=\"data:image\/svg+xml;charset=utf-8,%3Csvg xmlns%3D'http%3A%2F%2Fwww.w3.org%2F2000%2Fsvg' viewBox%3D'0 0 425 281'%2F%3E\" data-src=\"https:\/\/mannschaft.com\/bimber\/wp-content\/uploads\/2022\/12\/1_Tatort_Das_Opfer1-425x281.jpg\" alt=\"Tatort\" width=\"425\" height=\"281\" data-srcset=\"https:\/\/alte.mannschaft.lgbt\/bimber\/wp-content\/uploads\/2022\/12\/1_Tatort_Das_Opfer1-425x281.jpg 425w, https:\/\/alte.mannschaft.lgbt\/bimber\/wp-content\/uploads\/2022\/12\/1_Tatort_Das_Opfer1-300x198.jpg 300w, https:\/\/alte.mannschaft.lgbt\/bimber\/wp-content\/uploads\/2022\/12\/1_Tatort_Das_Opfer1-768x507.jpg 768w, https:\/\/alte.mannschaft.lgbt\/bimber\/wp-content\/uploads\/2022\/12\/1_Tatort_Das_Opfer1-180x120.jpg 180w, https:\/\/alte.mannschaft.lgbt\/bimber\/wp-content\/uploads\/2022\/12\/1_Tatort_Das_Opfer1-561x370.jpg 561w, https:\/\/alte.mannschaft.lgbt\/bimber\/wp-content\/uploads\/2022\/12\/1_Tatort_Das_Opfer1-265x175.jpg 265w, https:\/\/alte.mannschaft.lgbt\/bimber\/wp-content\/uploads\/2022\/12\/1_Tatort_Das_Opfer1-531x350.jpg 531w, https:\/\/alte.mannschaft.lgbt\/bimber\/wp-content\/uploads\/2022\/12\/1_Tatort_Das_Opfer1-364x240.jpg 364w, https:\/\/alte.mannschaft.lgbt\/bimber\/wp-content\/uploads\/2022\/12\/1_Tatort_Das_Opfer1-728x480.jpg 728w, https:\/\/alte.mannschaft.lgbt\/bimber\/wp-content\/uploads\/2022\/12\/1_Tatort_Das_Opfer1-608x401.jpg 608w, https:\/\/alte.mannschaft.lgbt\/bimber\/wp-content\/uploads\/2022\/12\/1_Tatort_Das_Opfer1-758x500.jpg 758w, https:\/\/alte.mannschaft.lgbt\/bimber\/wp-content\/uploads\/2022\/12\/1_Tatort_Das_Opfer1-73x48.jpg 73w, https:\/\/alte.mannschaft.lgbt\/bimber\/wp-content\/uploads\/2022\/12\/1_Tatort_Das_Opfer1-145x96.jpg 145w, https:\/\/alte.mannschaft.lgbt\/bimber\/wp-content\/uploads\/2022\/12\/1_Tatort_Das_Opfer1-400x264.jpg 400w, https:\/\/alte.mannschaft.lgbt\/bimber\/wp-content\/uploads\/2022\/12\/1_Tatort_Das_Opfer1.jpg 1000w\" data-sizes=\"(max-width: 425px) 100vw, 425px\" \/><\/a><figcaption id=\"caption-attachment-157241\" class=\"wp-caption-text\">Mark Waschke in \u00abTatort: Das Opfer\u00bb (Foto: Stefan Erhard\/RBB)<\/figcaption><\/figure>\n<p><strong>#Tatort Berlin<br \/>\n<\/strong>Krimis interessieren ihn nur zweitrangig, sagt der \u00abTatort\u00bb-Kommissar Waschke einmal. Vielmehr ginge es ihm darum, Geschichten aus einer Stadt zu erz\u00e4hlen, in der Gut und B\u00f6se nicht so leicht zu trennen seien. Nachdem die schwule Bettszene aus dem Film \u00abWir \u2013 Ihr \u2013 Sie\u00bb 2016 durch die Tatort-Wohnzimmer flimmerte, sollte Waschke in einer Talkshow das ganze \u00aberkl\u00e4ren\u00bb. Er lehnte ab mit der Begr\u00fcndung, dass seine Filmfigur Karow sich ja auch nicht erkl\u00e4ren w\u00fcrde. <img data-expand=\"600\" class=\"lazyload\" decoding=\"async\" loading=\"lazy\" src=\"data:image\/svg+xml;charset=utf-8,%3Csvg xmlns%3D'http%3A%2F%2Fwww.w3.org%2F2000%2Fsvg' viewBox%3D'0 0 1 1'%2F%3E\" data-src=\"https:\/\/vg02.met.vgwort.de\/na\/35a39208ae71486287def37dcbcaf577\" alt=\"\" width=\"1\" height=\"1\" \/><\/p>\n<p>Dann wurde es still um das Privatleben der Filmfigur. Was ist denn der Karow nun?, fragten sich viele. \u00ab<em>We don\u2019t have to fucking talk about that!<\/em>\u00bb, sagt Waschke (\u00abMuss man verdammt nochmal nicht dr\u00fcber reden\u00bb). Gleichzeitig fand er, dass man das auch nicht offen stehenlassen k\u00f6nne \u00abwie eine lauwarme Cola\u00bb. Wohl deswegen ging es dann im n\u00e4chsten Tatort mit Waschke wieder um Privatleben seiner Rollenfigur. Zu sehen war, wie die ehemalige Jugendliebe Karows ermordet wurde. Nachdem der Film gesendet wurde, hatte Waschke ein Telefonat mit seiner Mutter. Der Film habe seiner Mutter geholfen, mit dem Thema besser zurecht zukommen, sagte Waschke sp\u00e4ter.<br \/>\n<a href=\"https:\/\/www.ardmediathek.de\/video\/tatort\/das-opfer\/rbb-fernsehen\/Y3JpZDovL3JiYl8xNmUzMjgwNS0zNGI1LTQ1NTktYmM1ZS00MTg4MzIxY2RmYTNfcHVibGljYXRpb24\">Der Film \u00abDas Opfer\u00bb ist hier zu sehen<\/a><\/p>\n<hr \/>\n<p><a href=\"https:\/\/mannschaft.com\/queerer-tatort-star-mark-waschke-fernsehen-oft-zu-eindeutig-und-oede\/\">Queerer \u00abTatort\u00bb-Star Waschke: Fernsehen oft zu eindeutig und \u00f6de<\/a><\/p>\n<hr \/>\n<p><strong>#The Billion Dollar Code<br \/>\n<\/strong>Die deutschen Computerpioniere Carsten Schl\u00fcter, gespielt von Mark Waschke und Juri M\u00fcller verklagen Google. Denn die beiden wollen beweisen, dass sie es waren, die den Algorithmus erfunden haben, woraus sp\u00e4ter Google Earth entstanden ist. In R\u00fcckblicken erz\u00e4hlt die Serie mit den jungen beiden Computernerds, diesmal gespielt von Leonard Scheicher und Marius Ahrendt, wie alles begann. Mit Hackerfreunden gr\u00fcnden sie ihr Projekt Terra Vision, das, genau wie sp\u00e4ter der Dienst von Google, eine digitale Abbildung der Erde erzeugen soll.<\/p>\n<p>Die Story beruht unter anderem auf den technischen Entwicklungen von Axel Schmidt, die er zusammen mit anderen Hackern und Kunststudenten im Berlin der 90er hervorgebracht hat. Die Serie zeigt, was passiert wenn man eine Milliarden-Idee hat, allerdings damit zu fr\u00fch um die Ecke kommt und am falschen Ort ist.<br \/>\n<a href=\"https:\/\/www.werstreamt.es\/serie\/details\/2527634\/the-billion-dollar-code\/#:~:text=The%20Billion%20Dollar%20Code%20ist,dessen%20Streamingdienst%20ver%C3%B6ffentlicht%20worden%20ist.\">Hier zu sehen<\/a><\/p>\n<p><iframe loading=\"lazy\" title=\"YouTube video player\" src=\"https:\/\/www.youtube.com\/embed\/iDvPvqImb-4?si=CyRyrsfH7QtCcRrM\" width=\"560\" height=\"315\" frameborder=\"0\" allowfullscreen=\"allowfullscreen\"><\/iframe><\/p>\n<p><strong>#Eine fremde Tochter<br \/>\n<\/strong>Als ihre Mutter stirbt, sucht die 15-j\u00e4hrige Alma die N\u00e4he ihres Vaters. Der lebt jedoch seit einiger Zeit mit einem Mann zusammen. Vater Oliver, gespielt von Mark Waschke, ist ehemaliger Europameister im Zehnkampf, hat sich nach Ende seiner sportlichen Karriere als schwul geoutet und von seiner Ehefrau scheiden lassen. Alma versucht einen Keil zwischen ihren Vater OIiver und dessen Freund zu treiben. Zu allem \u00dcberfluss hat auch Almas Freund Vorurteile gegen Schwule. Wie kann ein Vater mit einer Tochter umgehen, die sich immer weiter in Vorurteilen verrennt? F\u00fchlt er sich schuldig, weil er sie nach seiner Scheidung allein gelassen hat? Oliver muss sich zurechtfinden zwischen den N\u00f6ten seiner Tochter und der Liebe zu seinem Freund.<br \/>\n<a href=\"https:\/\/www.ardmediathek.de\/video\/film-im-ndr\/eine-fremde-tochter\/ndr\/Y3JpZDovL25kci5kZS8xNTY5XzIwMjItMDUtMzAtMjMtMTU\">Hier zu sehen<\/a><\/p>\n<figure id=\"attachment_55016\" aria-describedby=\"caption-attachment-55016\" class=\"wp-caption aligncenter\"><a href=\"https:\/\/mannschaft.com\/bimber\/wp-content\/uploads\/2019\/05\/Die-Tochter.jpg\"><img data-expand=\"600\" decoding=\"async\" loading=\"lazy\" class=\"lazyload wp-image-55016 size-large\" src=\"data:image\/svg+xml;charset=utf-8,%3Csvg xmlns%3D'http%3A%2F%2Fwww.w3.org%2F2000%2Fsvg' viewBox%3D'0 0 425 239'%2F%3E\" data-src=\"https:\/\/mannschaft.com\/bimber\/wp-content\/uploads\/2019\/05\/Die-Tochter-425x239.jpg\" alt=\"Mark Waschke\" width=\"425\" height=\"239\" data-srcset=\"https:\/\/alte.mannschaft.lgbt\/bimber\/wp-content\/uploads\/2019\/05\/Die-Tochter-425x239.jpg 425w, https:\/\/alte.mannschaft.lgbt\/bimber\/wp-content\/uploads\/2019\/05\/Die-Tochter-300x169.jpg 300w, https:\/\/alte.mannschaft.lgbt\/bimber\/wp-content\/uploads\/2019\/05\/Die-Tochter-768x432.jpg 768w, https:\/\/alte.mannschaft.lgbt\/bimber\/wp-content\/uploads\/2019\/05\/Die-Tochter-192x108.jpg 192w, https:\/\/alte.mannschaft.lgbt\/bimber\/wp-content\/uploads\/2019\/05\/Die-Tochter-384x216.jpg 384w, https:\/\/alte.mannschaft.lgbt\/bimber\/wp-content\/uploads\/2019\/05\/Die-Tochter-364x205.jpg 364w, https:\/\/alte.mannschaft.lgbt\/bimber\/wp-content\/uploads\/2019\/05\/Die-Tochter-728x410.jpg 728w, https:\/\/alte.mannschaft.lgbt\/bimber\/wp-content\/uploads\/2019\/05\/Die-Tochter-561x316.jpg 561w, https:\/\/alte.mannschaft.lgbt\/bimber\/wp-content\/uploads\/2019\/05\/Die-Tochter-758x426.jpg 758w, https:\/\/alte.mannschaft.lgbt\/bimber\/wp-content\/uploads\/2019\/05\/Die-Tochter-608x342.jpg 608w, https:\/\/alte.mannschaft.lgbt\/bimber\/wp-content\/uploads\/2019\/05\/Die-Tochter-85x48.jpg 85w, https:\/\/alte.mannschaft.lgbt\/bimber\/wp-content\/uploads\/2019\/05\/Die-Tochter-171x96.jpg 171w, https:\/\/alte.mannschaft.lgbt\/bimber\/wp-content\/uploads\/2019\/05\/Die-Tochter-313x176.jpg 313w, https:\/\/alte.mannschaft.lgbt\/bimber\/wp-content\/uploads\/2019\/05\/Die-Tochter-400x225.jpg 400w, https:\/\/alte.mannschaft.lgbt\/bimber\/wp-content\/uploads\/2019\/05\/Die-Tochter.jpg 960w\" data-sizes=\"(max-width: 425px) 100vw, 425px\" \/><\/a><figcaption id=\"caption-attachment-55016\" class=\"wp-caption-text\">v.l.n.r.: Wanja Mues (Felix), Mark Waschke (Oliver), Stefan Krohmer (Regie), Hanna Schiller (Alma) und Franziska Hartmann (Franziska) Foto: obs\/NDR \/ Das Erste\/NDR\/Georges Pauly<\/figcaption><\/figure>\n<hr \/>\n<p><a href=\"https:\/\/mannschaft.com\/mark-waschke-als-schwuler-vater-schlaegt-pilawa\/\">Mark Waschke als schwuler Vater schl\u00e4gt Pilawa bei den Einschaltquoten<\/a><\/p>\n<hr \/>\n<p><strong>#Der menschliche Faktor<br \/>\n<\/strong>Jan, Nina und ihren beiden Kindern geht es gut. Die Eltern haben eine Agentur f\u00fcr Politikberatung und sonnen sich in ihrem Erfolg. Doch dann soll Nina eine populistische Partei beraten. Sie f\u00fchlt sich unwohl dabei, aber Jan, gespielt von Mark Waschke, kann dies nicht nachvollziehen. Sie wollen ihre Ehe retten und fahren in ein Haus an der belgischen K\u00fcste. Dort angekommen sind pl\u00f6tzlich Unbekannte im Haus, die jedoch gleich wieder fliehen. Es passiert nichts, und alles scheint wie gewohnt weiter zu gehen. Doch nach und nach stellt sich heraus, dass jedes Familienmitglied die vergangenen Ereignisse anders erinnert. Gab es den Einbruch \u00fcberhaupt? Wo waren die Eltern w\u00e4hrend der Zeit wirklich? Die Spannungen innerhalb der Familie nehmen immer weiter zu.<br \/>\n<a href=\"https:\/\/www.werstreamt.es\/film\/details\/3029089\/der-menschliche-faktor\/\">Hier zu sehen<\/a><\/p>\n<p><iframe loading=\"lazy\" title=\"YouTube video player\" src=\"https:\/\/www.youtube.com\/embed\/8r_OO2GKs6Y?si=zbiaekfD3GA90Z8F\" width=\"560\" height=\"315\" frameborder=\"0\" allowfullscreen=\"allowfullscreen\"><\/iframe><\/p>\n<p><strong>#Buddenbrooks<br \/>\n<\/strong>Eine relativ fr\u00fche Perle aus Waschkes Leinwandschaffen: Er spielte schon 2008 eine Hauptrolle in der Literaturnobelpreisverfilmung des Romans \u00abDie Buddenbrooks\u00bb von Thomas Mann. Regie f\u00fchrte der Erfinder des Doku-Dramas, Heinrich Berloer. Von ihm gab es schon 1984 ein filmisches Portrait \u00fcber Thomas Manns schwulen Sohn Klaus und sp\u00e4ter den Dreiteiler \u00abDie Manns\u00bb.<\/p>\n<p>Mark Waschke spielt in Buddenbrooks den Sohn der Hamburger Kaufmannsfamilie Thomas Buddenbrook. Thomas hat die Z\u00fcge eines Dandys. Er hat laut Romanvorlage ein sehr ambivalentes Auftreten. Er besass er viele H\u00fcte, Westen, Beinkleider und Krawatten, wechselte zwei Mal am Tag das Hemd und parf\u00fcmierte seien Schnurrbart. Thomas kann sich als Spr\u00f6ssling einer reichen Familie einen solchen Lebensstil leisten, denn eigentlich ist der Lebensweg der Kinder der erfolgreichen Unternehmerfamilie auch vorgesehen. Doch der Film zeigt \u00fcber drei Generationen hinweg, wie der Erfolg der Familie langsam zerbricht.<br \/>\n<a href=\"https:\/\/www.werstreamt.es\/film\/details\/17747\/die-buddenbrooks\/\">Hier zu sehen<\/a><\/p>\n<p><iframe loading=\"lazy\" title=\"YouTube video player\" src=\"https:\/\/www.youtube.com\/embed\/_j2fqwCF3Ak?si=AqOXksP795ISDJyl\" width=\"560\" height=\"315\" frameborder=\"0\" allowfullscreen=\"allowfullscreen\"><\/iframe><\/p>\n<p><strong>Kurz nach seiner \u00abWiederauferstehung\u00bb mit der polarisierenden Single \u00abJ Christ\u00bb, die bei seinen Fans und in den Medien eine Blasphemie-Debatte lostrat und f\u00fcr Furore sorgte, meldet sich Lil Nas X mit den n\u00e4chsten News bei seinen Fans <a href=\"https:\/\/mannschaft.com\/tag\/lil-nas-x\/\">(MANNSCHAFT berichtete)<\/a>.<\/strong><\/p>\n","protected":false},"excerpt":{"rendered":"<p>Mark Waschke hat den Tatort queerer gemacht und outete sich danach \u00f6ffentlichkeitswirksam selbst als queer. Auf einen Rollentypus festlegen l\u00e4sst er sich deswegen aber noch lange nicht. <a class=\"g1-link g1-link-more\" href=\"https:\/\/alte.mannschaft.lgbt\/bimber\/eine-nacht-mit-mark-waschke\/\">Weiterlesen<\/a><\/p>\n","protected":false},"author":2518,"featured_media":55020,"comment_status":"closed","ping_status":"closed","sticky":false,"template":"","format":"standard","meta":[],"categories":[5230],"tags":[5495],"wps_subtitle":"Mit diesen Filmen und Serien bleibt man garantiert und gerne wach","_links":{"self":[{"href":"https:\/\/alte.mannschaft.lgbt\/bimber\/wp-json\/wp\/v2\/posts\/187787"}],"collection":[{"href":"https:\/\/alte.mannschaft.lgbt\/bimber\/wp-json\/wp\/v2\/posts"}],"about":[{"href":"https:\/\/alte.mannschaft.lgbt\/bimber\/wp-json\/wp\/v2\/types\/post"}],"author":[{"embeddable":true,"href":"https:\/\/alte.mannschaft.lgbt\/bimber\/wp-json\/wp\/v2\/users\/2518"}],"replies":[{"embeddable":true,"href":"https:\/\/alte.mannschaft.lgbt\/bimber\/wp-json\/wp\/v2\/comments?post=187787"}],"version-history":[{"count":15,"href":"https:\/\/alte.mannschaft.lgbt\/bimber\/wp-json\/wp\/v2\/posts\/187787\/revisions"}],"predecessor-version":[{"id":188047,"href":"https:\/\/alte.mannschaft.lgbt\/bimber\/wp-json\/wp\/v2\/posts\/187787\/revisions\/188047"}],"wp:featuredmedia":[{"embeddable":true,"href":"https:\/\/alte.mannschaft.lgbt\/bimber\/wp-json\/wp\/v2\/media\/55020"}],"wp:attachment":[{"href":"https:\/\/alte.mannschaft.lgbt\/bimber\/wp-json\/wp\/v2\/media?parent=187787"}],"wp:term":[{"taxonomy":"category","embeddable":true,"href":"https:\/\/alte.mannschaft.lgbt\/bimber\/wp-json\/wp\/v2\/categories?post=187787"},{"taxonomy":"post_tag","embeddable":true,"href":"https:\/\/alte.mannschaft.lgbt\/bimber\/wp-json\/wp\/v2\/tags?post=187787"}],"curies":[{"name":"wp","href":"https:\/\/api.w.org\/{rel}","templated":true}]}}