{"id":183727,"date":"2023-11-25T12:23:46","date_gmt":"2023-11-25T11:23:46","guid":{"rendered":"https:\/\/mannschaft.com\/?p=183727"},"modified":"2023-12-02T15:51:39","modified_gmt":"2023-12-02T14:51:39","slug":"mutter-der-drag-story-time-zuerich-ehrt-brandy-butler","status":"publish","type":"post","link":"https:\/\/alte.mannschaft.lgbt\/bimber\/mutter-der-drag-story-time-zuerich-ehrt-brandy-butler\/","title":{"rendered":"Mutter der \u00abDrag Story Time\u00bb: Z\u00fcrich ehrt Brandy Butler"},"content":{"rendered":"<h3>Brandy Butler engagiert sich seit \u00fcber 20 Jahren in der Schweiz, hat hier unter anderem die \u00abDrag Story Time\u00bb ins Leben gerufen. Jetzt wurde sie von der Stadt Z\u00fcrich f\u00fcr ihre \u00abkulturellen Verdienste\u00bb ausgezeichnet.<\/h3>\n<p>S\u00e4ngerin, Kulturvermittlerin und Aktivistin \u2013 der Lebenslauf von Brandy Butler liest sich \u00fcberaus vielschichtig. Seitdem sie mit 23 Jahren als Au-pair aus Amerika nach Bonstetten kam hat sich einiges getan. Die Musik wurde zu ihrem Beruf, sie wurde Backgrounds\u00e4ngerin von Steff la Cheffe und <a href=\"https:\/\/mannschaft.com\/sophie-hunger-molecules\/\">Sophie Hunger <\/a>und sang sich 2012 bei <a href=\"https:\/\/mannschaft.com\/ich-musste-schnell-erwachsen-werden\/\">\u00abThe Voice of Switzerland\u00bb<\/a> in das Duell mit der sp\u00e4teren Siegerin Nicole Bernegger. Bald ver\u00f6ffentlicht sie ihre zweite Soloplatte.<\/p>\n<hr \/>\n<p><a href=\"https:\/\/mannschaft.com\/das-sind-die-lustigsten-queeren-serien-und-filme\/\">Lachen h\u00e4lt warm: Queere Tipps f\u00fcr den Winter<\/a><\/p>\n<hr \/>\n<p>Dazu leitete Butler Kinderch\u00f6re, organisierte Treffen f\u00fcr queere People of Colour, arbeitet am Theater Neumarkt und sitzt im Ausl\u00e4nder*innenbeirat der Stadt <a href=\"https:\/\/mannschaft.com\/zuerich-will-konversionstherapien-verbieten\/\">Z\u00fcrich<\/a>. Und: Sie rief die \u00abDrag Story Time\u00bb ins Leben, die M\u00e4rchenstunde mit Queens und Kings im Tanzhaus Z\u00fcrich.<\/p>\n<p>Einfach war das alles nicht. Im Oktober 2022 st\u00fcrmten beispielsweise Neonazis mit Rauchfackeln eine Lesung <a href=\"https:\/\/mannschaft.com\/zuerich-neonazis-stuermen-dragqueen-vorlesestunde-fuer-kinder\/\">(MANNSCHAFT berichtete)<\/a>, immer wieder gab es Proteste gegen die Veranstaltung, die sich speziell an 3- bis 10-J\u00e4hrige richtet.<\/p>\n<blockquote class=\"instagram-media\" style=\"background: #FFF; border: 0; border-radius: 3px; box-shadow: 0 0 1px 0 rgba(0,0,0,0.5),0 1px 10px 0 rgba(0,0,0,0.15); margin: 1px; max-width: 540px; min-width: 326px; padding: 0; width: calc(100% - 2px);\" data-instgrm-captioned=\"\" data-instgrm-permalink=\"https:\/\/www.instagram.com\/p\/CP0p8_4DowZ\/?utm_source=ig_embed&amp;utm_campaign=loading\" data-instgrm-version=\"14\">\n<div style=\"padding: 16px;\">\n<p>&nbsp;<\/p>\n<div style=\"display: flex; flex-direction: row; align-items: center;\">\n<div style=\"background-color: #f4f4f4; border-radius: 50%; flex-grow: 0; height: 40px; margin-right: 14px; width: 40px;\"><\/div>\n<div style=\"display: flex; flex-direction: column; flex-grow: 1; justify-content: center;\">\n<div style=\"background-color: #f4f4f4; border-radius: 4px; flex-grow: 0; height: 14px; margin-bottom: 6px; width: 100px;\"><\/div>\n<div style=\"background-color: #f4f4f4; border-radius: 4px; flex-grow: 0; height: 14px; width: 60px;\"><\/div>\n<\/div>\n<\/div>\n<div style=\"padding: 19% 0;\"><\/div>\n<div style=\"display: block; height: 50px; margin: 0 auto 12px; width: 50px;\"><\/div>\n<div style=\"padding-top: 8px;\">\n<div style=\"color: #3897f0; font-family: Arial,sans-serif; font-size: 14px; font-style: normal; font-weight: 550; line-height: 18px;\">Sieh dir diesen Beitrag auf Instagram an<\/div>\n<\/div>\n<div style=\"padding: 12.5% 0;\"><\/div>\n<div style=\"display: flex; flex-direction: row; margin-bottom: 14px; align-items: center;\">\n<div>\n<div style=\"background-color: #f4f4f4; border-radius: 50%; height: 12.5px; width: 12.5px; transform: translateX(0px) translateY(7px);\"><\/div>\n<div style=\"background-color: #f4f4f4; height: 12.5px; transform: rotate(-45deg) translateX(3px) translateY(1px); width: 12.5px; flex-grow: 0; margin-right: 14px; margin-left: 2px;\"><\/div>\n<div style=\"background-color: #f4f4f4; border-radius: 50%; height: 12.5px; width: 12.5px; transform: translateX(9px) translateY(-18px);\"><\/div>\n<\/div>\n<div style=\"margin-left: 8px;\">\n<div style=\"background-color: #f4f4f4; border-radius: 50%; flex-grow: 0; height: 20px; width: 20px;\"><\/div>\n<div style=\"width: 0; height: 0; border-top: 2px solid transparent; border-left: 6px solid #f4f4f4; border-bottom: 2px solid transparent; transform: translateX(16px) translateY(-4px) rotate(30deg);\"><\/div>\n<\/div>\n<div style=\"margin-left: auto;\">\n<div style=\"width: 0px; border-top: 8px solid #F4F4F4; border-right: 8px solid transparent; transform: translateY(16px);\"><\/div>\n<div style=\"background-color: #f4f4f4; flex-grow: 0; height: 12px; width: 16px; transform: translateY(-4px);\"><\/div>\n<div style=\"width: 0; height: 0; border-top: 8px solid #F4F4F4; border-left: 8px solid transparent; transform: translateY(-4px) translateX(8px);\"><\/div>\n<\/div>\n<\/div>\n<div style=\"display: flex; flex-direction: column; flex-grow: 1; justify-content: center; margin-bottom: 24px;\">\n<div style=\"background-color: #f4f4f4; border-radius: 4px; flex-grow: 0; height: 14px; margin-bottom: 6px; width: 224px;\"><\/div>\n<div style=\"background-color: #f4f4f4; border-radius: 4px; flex-grow: 0; height: 14px; width: 144px;\"><\/div>\n<\/div>\n<p>&nbsp;<\/p>\n<p style=\"color: #c9c8cd; font-family: Arial,sans-serif; font-size: 14px; line-height: 17px; margin-bottom: 0; margin-top: 8px; overflow: hidden; padding: 8px 0 7px; text-align: center; text-overflow: ellipsis; white-space: nowrap;\"><a style=\"color: #c9c8cd; font-family: Arial,sans-serif; font-size: 14px; font-style: normal; font-weight: normal; line-height: 17px; text-decoration: none;\" href=\"https:\/\/www.instagram.com\/p\/CP0p8_4DowZ\/?utm_source=ig_embed&amp;utm_campaign=loading\" target=\"_blank\" rel=\"noopener\">Ein Beitrag geteilt von Drag Story Time (@dragstorytime)<\/a><\/p>\n<\/div>\n<\/blockquote>\n<p><script async src=\"\/\/www.instagram.com\/embed.js\"><\/script><\/p>\n<p>F\u00fcr Butler war das nicht nur ein ohnehin be\u00e4ngstigendes Bild, sondern auch eines, dass sie an Vorf\u00e4lle ihrer Heimat erinnerte, wie sie nun dem <em>Tagesanzeiger<\/em> erz\u00e4hlte. Denn als sie 6 Jahre alt war, verbrannte der Ku-Klux-Klan ein Kreuz im Vorgarten von Bekannten der Familie. Ebenso wie ihre Familie damals liess sich aber auch Brandy Butler nicht abschrecken und setzt sich weiter f\u00fcr ihre Prinzipien ein, um \u00abWiderstand zu leisten f\u00fcr eine ganze Community\u00bb, wie sie sagt.<\/p>\n<p>Doch auch sie hat ihre Grenzen. \u00abViele glauben, ich sei eine nie versiegende Quelle an Energie und St\u00e4rke, aber das stimmt nicht, ich bin oft auch ersch\u00f6pft und h\u00e4tte lieber keine K\u00e4mpfe\u00bb, berichtet Butler, die indes anmerkt dass sie als \u00abschwarze, dicke, ausl\u00e4ndische, divergente und queere Frau\u00bb selten zum Durchatmen komme, dass sie t\u00e4glich Diskriminierungen ausgesetzt werde.<\/p>\n<p>Insofern ist der mit 20\u2019000 Franken dotierte Preis f\u00fcr besondere kulturelle Verdienste, der ihr nun von der Stadt Z\u00fcrich verliehen wurde, etwas Balsam f\u00fcr die Seele. Als sie nach einer Probe in M\u00fcnchen von der Auszeichnung erfuhr, habe sie mitten auf der Strasse weinen m\u00fcssen. \u00abEs war wegen des Todes meiner Mutter und der Krankheit meines Vaters ein schwieriges Jahr f\u00fcr mich. Und dann so eine Anerkennung zu bekommen, ist schon sehr ber\u00fchrend\u00bb, sagt Butler.<\/p>\n<p><strong>Im Februar wurden f\u00fcnf Personen unweit des Z\u00fcrcher Hauptbahnhofs homophob beleidigt und brutal angegriffen <a href=\"https:\/\/mannschaft.com\/homophobe-attacke-in-zuerich-dragqueens-brutal-niedergeschlagen\/\">(MANNSCHAFT berichtete)<\/a>. Trotz einer Platzwunde seien sie von der Polizei ratlos zur\u00fcckgelassen worden, sagt Dragqueen Vio la Cornuta.<\/strong><\/p>\n","protected":false},"excerpt":{"rendered":"<p>Brandy Butler engagiert sich seit \u00fcber 20 Jahren in der Schweiz, hat hier unter anderem die \u00abDrag Story Time\u00bb ins Leben gerufen. Jetzt wurde sie von der Stadt Z\u00fcrich f\u00fcr ihre \u00abkulturellen Verdienste\u00bb ausgezeichnet  <a class=\"g1-link g1-link-more\" href=\"https:\/\/alte.mannschaft.lgbt\/bimber\/mutter-der-drag-story-time-zuerich-ehrt-brandy-butler\/\">Weiterlesen<\/a><\/p>\n","protected":false},"author":1,"featured_media":183728,"comment_status":"closed","ping_status":"closed","sticky":false,"template":"","format":"standard","meta":[],"categories":[4382,4381,1340],"tags":[5437,5447,39],"wps_subtitle":"Seit \u00fcber 20 Jahren engagiert sich die geb\u00fcrtige Amerikanerin in der Schweiz","_links":{"self":[{"href":"https:\/\/alte.mannschaft.lgbt\/bimber\/wp-json\/wp\/v2\/posts\/183727"}],"collection":[{"href":"https:\/\/alte.mannschaft.lgbt\/bimber\/wp-json\/wp\/v2\/posts"}],"about":[{"href":"https:\/\/alte.mannschaft.lgbt\/bimber\/wp-json\/wp\/v2\/types\/post"}],"author":[{"embeddable":true,"href":"https:\/\/alte.mannschaft.lgbt\/bimber\/wp-json\/wp\/v2\/users\/1"}],"replies":[{"embeddable":true,"href":"https:\/\/alte.mannschaft.lgbt\/bimber\/wp-json\/wp\/v2\/comments?post=183727"}],"version-history":[{"count":8,"href":"https:\/\/alte.mannschaft.lgbt\/bimber\/wp-json\/wp\/v2\/posts\/183727\/revisions"}],"predecessor-version":[{"id":184443,"href":"https:\/\/alte.mannschaft.lgbt\/bimber\/wp-json\/wp\/v2\/posts\/183727\/revisions\/184443"}],"wp:featuredmedia":[{"embeddable":true,"href":"https:\/\/alte.mannschaft.lgbt\/bimber\/wp-json\/wp\/v2\/media\/183728"}],"wp:attachment":[{"href":"https:\/\/alte.mannschaft.lgbt\/bimber\/wp-json\/wp\/v2\/media?parent=183727"}],"wp:term":[{"taxonomy":"category","embeddable":true,"href":"https:\/\/alte.mannschaft.lgbt\/bimber\/wp-json\/wp\/v2\/categories?post=183727"},{"taxonomy":"post_tag","embeddable":true,"href":"https:\/\/alte.mannschaft.lgbt\/bimber\/wp-json\/wp\/v2\/tags?post=183727"}],"curies":[{"name":"wp","href":"https:\/\/api.w.org\/{rel}","templated":true}]}}