{"id":180419,"date":"2023-10-16T09:09:14","date_gmt":"2023-10-16T07:09:14","guid":{"rendered":"https:\/\/mannschaft.com\/?p=180419"},"modified":"2023-10-18T12:09:14","modified_gmt":"2023-10-18T10:09:14","slug":"demo-fuer-vielfalt-und-akzeptanz-csd-in-jena","status":"publish","type":"post","link":"https:\/\/alte.mannschaft.lgbt\/bimber\/demo-fuer-vielfalt-und-akzeptanz-csd-in-jena\/","title":{"rendered":"Demo f\u00fcr Vielfalt und Akzeptanz \u2013 CSD in Jena"},"content":{"rendered":"<h3>Sie fordern mehr Toleranz, Akzeptanz und politische Gleichstellung. Daf\u00fcr ziehen die CSD-Teilnehmer*innen in einem bunten Demozug durch Jena \u2013 beinahe aber h\u00e4tte es diesen nicht gegeben.<\/h3>\n<p>Mit Regenbogenfahnen ausgestattet sind viele Hundert Menschen am Samstag beim Christopher Street Day (CSD) durch <a href=\"https:\/\/mannschaft.com\/tag\/jena\/\" target=\"_blank\" rel=\"noopener\">Jena<\/a> gezogen. \u00abBeim Aufbau hat es noch gesch\u00fcttet, p\u00fcnktlich zum Demo-Beginn kam aber die Sonne raus\u00bb, sagte die Sprecherin des <a href=\"https:\/\/www.csd-jena.de\/\" target=\"_blank\" rel=\"noopener\">CSD Jena B\u00fcndnis<\/a>, Theresa Ertel, am Nachmittag.<\/p>\n<hr \/>\n<p><a href=\"https:\/\/mannschaft.com\/opposition-in-polen-glaubt-an-wahlsieg-zurueck-nach-europa\/\">Opposition in Polen glaubt an Wahlsieg: \u00abZur\u00fcck nach Europa!\u00bb<\/a><\/p>\n<hr \/>\n<p>Die Polizei z\u00e4hlte rund 1&#8217;100 Versammlungsteilnehmer*innen, Ertel sch\u00e4tzte die Zahl auf mehr als 2&#8217;000. Die Demonstration verlief ohne Zwischenf\u00e4lle und Komplikationen, hiess es seitens der Polizei und der Veranstalter*innen. Im letzten Jahr kam es hingegen zu einem homofeindlichen \u00dcbergriff auf einen jungen Mann <a href=\"https:\/\/mannschaft.com\/mann-21-nach-csd-jena-homofeindlich-beleidigt-und-bedroht\/\" target=\"_blank\" rel=\"noopener\">(MANNSCHAFT berichtete)<\/a>.<\/p>\n<p>Es sei bereits ein wichtiges Zeichen, dass der CSD \u00fcberhaupt habe stattfinden k\u00f6nnen, sagte Ertel. Eine Weile habe es so ausgehen, als w\u00fcrde es in diesem Jahr nicht klappen, da der CSD zuvor mehrere Absagen von Tr\u00e4gervereinen bekommen habe, die es gebraucht h\u00e4tte, um einen F\u00f6rdermittelantrag stellen zu k\u00f6nnen.<\/p>\n<p>\u00abDann haben wir \u00fcber Spenden \u00fcber kurze Zeit das Geld so zusammenbekommen. Das war ein sch\u00f6nes Zeichen des Zusammenhalts, weil auch viele Spenden aus der <a href=\"https:\/\/mannschaft.com\/tag\/community\" target=\"_blank\" rel=\"noopener\">Community<\/a> kamen\u00bb, so Ertel.<\/p>\n<blockquote class=\"instagram-media\" style=\"background: #FFF; border: 0; border-radius: 3px; box-shadow: 0 0 1px 0 rgba(0,0,0,0.5),0 1px 10px 0 rgba(0,0,0,0.15); margin: 1px; max-width: 540px; min-width: 326px; padding: 0; width: calc(100% - 2px);\" data-instgrm-captioned=\"\" data-instgrm-permalink=\"https:\/\/www.instagram.com\/p\/CyOPEqvIr0u\/?utm_source=ig_embed&amp;utm_campaign=loading\" data-instgrm-version=\"14\">\n<div style=\"padding: 16px;\">\n<p>&nbsp;<\/p>\n<div style=\"display: flex; flex-direction: row; align-items: center;\">\n<div style=\"background-color: #f4f4f4; border-radius: 50%; flex-grow: 0; height: 40px; margin-right: 14px; width: 40px;\"><\/div>\n<div style=\"display: flex; flex-direction: column; flex-grow: 1; justify-content: center;\">\n<div style=\"background-color: #f4f4f4; border-radius: 4px; flex-grow: 0; height: 14px; margin-bottom: 6px; width: 100px;\"><\/div>\n<div style=\"background-color: #f4f4f4; border-radius: 4px; flex-grow: 0; height: 14px; width: 60px;\"><\/div>\n<\/div>\n<\/div>\n<div style=\"padding: 19% 0;\"><\/div>\n<div style=\"display: block; height: 50px; margin: 0 auto 12px; width: 50px;\"><\/div>\n<div style=\"padding-top: 8px;\">\n<div style=\"color: #3897f0; font-family: Arial,sans-serif; font-size: 14px; font-style: normal; font-weight: 550; line-height: 18px;\">Sieh dir diesen Beitrag auf Instagram an<\/div>\n<\/div>\n<div style=\"padding: 12.5% 0;\"><\/div>\n<div style=\"display: flex; flex-direction: row; margin-bottom: 14px; align-items: center;\">\n<div>\n<div style=\"background-color: #f4f4f4; border-radius: 50%; height: 12.5px; width: 12.5px; transform: translateX(0px) translateY(7px);\"><\/div>\n<div style=\"background-color: #f4f4f4; height: 12.5px; transform: rotate(-45deg) translateX(3px) translateY(1px); width: 12.5px; flex-grow: 0; margin-right: 14px; margin-left: 2px;\"><\/div>\n<div style=\"background-color: #f4f4f4; border-radius: 50%; height: 12.5px; width: 12.5px; transform: translateX(9px) translateY(-18px);\"><\/div>\n<\/div>\n<div style=\"margin-left: 8px;\">\n<div style=\"background-color: #f4f4f4; border-radius: 50%; flex-grow: 0; height: 20px; width: 20px;\"><\/div>\n<div style=\"width: 0; height: 0; border-top: 2px solid transparent; border-left: 6px solid #f4f4f4; border-bottom: 2px solid transparent; transform: translateX(16px) translateY(-4px) rotate(30deg);\"><\/div>\n<\/div>\n<div style=\"margin-left: auto;\">\n<div style=\"width: 0px; border-top: 8px solid #F4F4F4; border-right: 8px solid transparent; transform: translateY(16px);\"><\/div>\n<div style=\"background-color: #f4f4f4; flex-grow: 0; height: 12px; width: 16px; transform: translateY(-4px);\"><\/div>\n<div style=\"width: 0; height: 0; border-top: 8px solid #F4F4F4; border-left: 8px solid transparent; transform: translateY(-4px) translateX(8px);\"><\/div>\n<\/div>\n<\/div>\n<div style=\"display: flex; flex-direction: column; flex-grow: 1; justify-content: center; margin-bottom: 24px;\">\n<div style=\"background-color: #f4f4f4; border-radius: 4px; flex-grow: 0; height: 14px; margin-bottom: 6px; width: 224px;\"><\/div>\n<div style=\"background-color: #f4f4f4; border-radius: 4px; flex-grow: 0; height: 14px; width: 144px;\"><\/div>\n<\/div>\n<p>&nbsp;<\/p>\n<p style=\"color: #c9c8cd; font-family: Arial,sans-serif; font-size: 14px; line-height: 17px; margin-bottom: 0; margin-top: 8px; overflow: hidden; padding: 8px 0 7px; text-align: center; text-overflow: ellipsis; white-space: nowrap;\"><a style=\"color: #c9c8cd; font-family: Arial,sans-serif; font-size: 14px; font-style: normal; font-weight: normal; line-height: 17px; text-decoration: none;\" href=\"https:\/\/www.instagram.com\/p\/CyOPEqvIr0u\/?utm_source=ig_embed&amp;utm_campaign=loading\" target=\"_blank\" rel=\"noopener\">Ein Beitrag geteilt von CSD Jena (@csd_jena)<\/a><\/p>\n<\/div>\n<\/blockquote>\n<p><script async src=\"\/\/www.instagram.com\/embed.js\"><\/script><\/p>\n<p>Sie kritisierte, dass die Finanzierung f\u00fcr zivilgesellschaftliche Initiativen im Bereich Vielfalt und Demokratie zunehmend schwierig werde, da F\u00f6rdert\u00f6pfe gek\u00fcrzt oder gestrichen w\u00fcrden.<\/p>\n<p>\u00abDeshalb ist es auch eine Forderung des CSD an die Politik, eine ausreichende Finanzierung der wenigen hauptamtlichen Stellen und auch des ehrenamtlichen Engagements in diesem Bereich zu sichern.\u00bb<\/p>\n<p>Der CSD Jena 2023 in Bildern (Bildrechte aller Fotos: Bodo Schackow\/dpa):<\/p>\n<p><a href=\"https:\/\/mannschaft.com\/bimber\/wp-content\/uploads\/2023\/10\/christopher-street-day-csd-jena-2023-mannschaft-magazin-copyright-dpa-bodo-schackow-6.jpg\"><img data-expand=\"600\" decoding=\"async\" loading=\"lazy\" class=\"lazyload size-full wp-image-180438\" src=\"data:image\/svg+xml;charset=utf-8,%3Csvg xmlns%3D'http%3A%2F%2Fwww.w3.org%2F2000%2Fsvg' viewBox%3D'0 0 1280 720'%2F%3E\" data-src=\"https:\/\/mannschaft.com\/bimber\/wp-content\/uploads\/2023\/10\/christopher-street-day-csd-jena-2023-mannschaft-magazin-copyright-dpa-bodo-schackow-6.jpg\" alt=\"CSD Jena 2023\" width=\"1280\" height=\"720\" \/><\/a><\/p>\n<p><a href=\"https:\/\/mannschaft.com\/bimber\/wp-content\/uploads\/2023\/10\/christopher-street-day-csd-jena-2023-mannschaft-magazin-copyright-dpa-bodo-schackow-7.jpg\"><img data-expand=\"600\" decoding=\"async\" loading=\"lazy\" class=\"lazyload size-full wp-image-180439\" src=\"data:image\/svg+xml;charset=utf-8,%3Csvg xmlns%3D'http%3A%2F%2Fwww.w3.org%2F2000%2Fsvg' viewBox%3D'0 0 1280 720'%2F%3E\" data-src=\"https:\/\/mannschaft.com\/bimber\/wp-content\/uploads\/2023\/10\/christopher-street-day-csd-jena-2023-mannschaft-magazin-copyright-dpa-bodo-schackow-7.jpg\" alt=\"CSD Jena 2023\" width=\"1280\" height=\"720\" \/><\/a><\/p>\n<p><a href=\"https:\/\/mannschaft.com\/bimber\/wp-content\/uploads\/2023\/10\/christopher-street-day-csd-jena-2023-mannschaft-magazin-copyright-dpa-bodo-schackow-5.jpg\"><img data-expand=\"600\" decoding=\"async\" loading=\"lazy\" class=\"lazyload size-full wp-image-180437\" src=\"data:image\/svg+xml;charset=utf-8,%3Csvg xmlns%3D'http%3A%2F%2Fwww.w3.org%2F2000%2Fsvg' viewBox%3D'0 0 1280 720'%2F%3E\" data-src=\"https:\/\/mannschaft.com\/bimber\/wp-content\/uploads\/2023\/10\/christopher-street-day-csd-jena-2023-mannschaft-magazin-copyright-dpa-bodo-schackow-5.jpg\" alt=\"CSD Jena 2023\" width=\"1280\" height=\"720\" data-srcset=\"https:\/\/alte.mannschaft.lgbt\/bimber\/wp-content\/uploads\/2023\/10\/christopher-street-day-csd-jena-2023-mannschaft-magazin-copyright-dpa-bodo-schackow-5.jpg 1280w, https:\/\/alte.mannschaft.lgbt\/bimber\/wp-content\/uploads\/2023\/10\/christopher-street-day-csd-jena-2023-mannschaft-magazin-copyright-dpa-bodo-schackow-5-300x169.jpg 300w, https:\/\/alte.mannschaft.lgbt\/bimber\/wp-content\/uploads\/2023\/10\/christopher-street-day-csd-jena-2023-mannschaft-magazin-copyright-dpa-bodo-schackow-5-425x239.jpg 425w, https:\/\/alte.mannschaft.lgbt\/bimber\/wp-content\/uploads\/2023\/10\/christopher-street-day-csd-jena-2023-mannschaft-magazin-copyright-dpa-bodo-schackow-5-768x432.jpg 768w, https:\/\/alte.mannschaft.lgbt\/bimber\/wp-content\/uploads\/2023\/10\/christopher-street-day-csd-jena-2023-mannschaft-magazin-copyright-dpa-bodo-schackow-5-192x108.jpg 192w, https:\/\/alte.mannschaft.lgbt\/bimber\/wp-content\/uploads\/2023\/10\/christopher-street-day-csd-jena-2023-mannschaft-magazin-copyright-dpa-bodo-schackow-5-384x216.jpg 384w, https:\/\/alte.mannschaft.lgbt\/bimber\/wp-content\/uploads\/2023\/10\/christopher-street-day-csd-jena-2023-mannschaft-magazin-copyright-dpa-bodo-schackow-5-364x205.jpg 364w, https:\/\/alte.mannschaft.lgbt\/bimber\/wp-content\/uploads\/2023\/10\/christopher-street-day-csd-jena-2023-mannschaft-magazin-copyright-dpa-bodo-schackow-5-728x409.jpg 728w, https:\/\/alte.mannschaft.lgbt\/bimber\/wp-content\/uploads\/2023\/10\/christopher-street-day-csd-jena-2023-mannschaft-magazin-copyright-dpa-bodo-schackow-5-561x316.jpg 561w, https:\/\/alte.mannschaft.lgbt\/bimber\/wp-content\/uploads\/2023\/10\/christopher-street-day-csd-jena-2023-mannschaft-magazin-copyright-dpa-bodo-schackow-5-1122x631.jpg 1122w, https:\/\/alte.mannschaft.lgbt\/bimber\/wp-content\/uploads\/2023\/10\/christopher-street-day-csd-jena-2023-mannschaft-magazin-copyright-dpa-bodo-schackow-5-265x149.jpg 265w, https:\/\/alte.mannschaft.lgbt\/bimber\/wp-content\/uploads\/2023\/10\/christopher-street-day-csd-jena-2023-mannschaft-magazin-copyright-dpa-bodo-schackow-5-531x299.jpg 531w, https:\/\/alte.mannschaft.lgbt\/bimber\/wp-content\/uploads\/2023\/10\/christopher-street-day-csd-jena-2023-mannschaft-magazin-copyright-dpa-bodo-schackow-5-608x342.jpg 608w, https:\/\/alte.mannschaft.lgbt\/bimber\/wp-content\/uploads\/2023\/10\/christopher-street-day-csd-jena-2023-mannschaft-magazin-copyright-dpa-bodo-schackow-5-758x426.jpg 758w, https:\/\/alte.mannschaft.lgbt\/bimber\/wp-content\/uploads\/2023\/10\/christopher-street-day-csd-jena-2023-mannschaft-magazin-copyright-dpa-bodo-schackow-5-1152x648.jpg 1152w, https:\/\/alte.mannschaft.lgbt\/bimber\/wp-content\/uploads\/2023\/10\/christopher-street-day-csd-jena-2023-mannschaft-magazin-copyright-dpa-bodo-schackow-5-85x48.jpg 85w, https:\/\/alte.mannschaft.lgbt\/bimber\/wp-content\/uploads\/2023\/10\/christopher-street-day-csd-jena-2023-mannschaft-magazin-copyright-dpa-bodo-schackow-5-171x96.jpg 171w, https:\/\/alte.mannschaft.lgbt\/bimber\/wp-content\/uploads\/2023\/10\/christopher-street-day-csd-jena-2023-mannschaft-magazin-copyright-dpa-bodo-schackow-5-400x225.jpg 400w\" data-sizes=\"(max-width: 1280px) 100vw, 1280px\" \/><\/a><\/p>\n<p><a href=\"https:\/\/mannschaft.com\/bimber\/wp-content\/uploads\/2023\/10\/christopher-street-day-csd-jena-2023-mannschaft-magazin-copyright-dpa-bodo-schackow-4.jpg\"><img data-expand=\"600\" decoding=\"async\" loading=\"lazy\" class=\"lazyload size-full wp-image-180436\" src=\"data:image\/svg+xml;charset=utf-8,%3Csvg xmlns%3D'http%3A%2F%2Fwww.w3.org%2F2000%2Fsvg' viewBox%3D'0 0 1280 720'%2F%3E\" data-src=\"https:\/\/mannschaft.com\/bimber\/wp-content\/uploads\/2023\/10\/christopher-street-day-csd-jena-2023-mannschaft-magazin-copyright-dpa-bodo-schackow-4.jpg\" alt=\"CSD Jena 2023\" width=\"1280\" height=\"720\" \/><\/a><\/p>\n<p><a href=\"https:\/\/mannschaft.com\/bimber\/wp-content\/uploads\/2023\/10\/christopher-street-day-csd-jena-2023-mannschaft-magazin-copyright-dpa-bodo-schackow-3.jpg\"><img data-expand=\"600\" decoding=\"async\" loading=\"lazy\" class=\"lazyload size-full wp-image-180435\" src=\"data:image\/svg+xml;charset=utf-8,%3Csvg xmlns%3D'http%3A%2F%2Fwww.w3.org%2F2000%2Fsvg' viewBox%3D'0 0 1280 720'%2F%3E\" data-src=\"https:\/\/mannschaft.com\/bimber\/wp-content\/uploads\/2023\/10\/christopher-street-day-csd-jena-2023-mannschaft-magazin-copyright-dpa-bodo-schackow-3.jpg\" alt=\"CSD Jena 2023\" width=\"1280\" height=\"720\" data-srcset=\"https:\/\/alte.mannschaft.lgbt\/bimber\/wp-content\/uploads\/2023\/10\/christopher-street-day-csd-jena-2023-mannschaft-magazin-copyright-dpa-bodo-schackow-3.jpg 1280w, https:\/\/alte.mannschaft.lgbt\/bimber\/wp-content\/uploads\/2023\/10\/christopher-street-day-csd-jena-2023-mannschaft-magazin-copyright-dpa-bodo-schackow-3-300x169.jpg 300w, https:\/\/alte.mannschaft.lgbt\/bimber\/wp-content\/uploads\/2023\/10\/christopher-street-day-csd-jena-2023-mannschaft-magazin-copyright-dpa-bodo-schackow-3-425x239.jpg 425w, https:\/\/alte.mannschaft.lgbt\/bimber\/wp-content\/uploads\/2023\/10\/christopher-street-day-csd-jena-2023-mannschaft-magazin-copyright-dpa-bodo-schackow-3-768x432.jpg 768w, https:\/\/alte.mannschaft.lgbt\/bimber\/wp-content\/uploads\/2023\/10\/christopher-street-day-csd-jena-2023-mannschaft-magazin-copyright-dpa-bodo-schackow-3-192x108.jpg 192w, https:\/\/alte.mannschaft.lgbt\/bimber\/wp-content\/uploads\/2023\/10\/christopher-street-day-csd-jena-2023-mannschaft-magazin-copyright-dpa-bodo-schackow-3-384x216.jpg 384w, https:\/\/alte.mannschaft.lgbt\/bimber\/wp-content\/uploads\/2023\/10\/christopher-street-day-csd-jena-2023-mannschaft-magazin-copyright-dpa-bodo-schackow-3-364x205.jpg 364w, https:\/\/alte.mannschaft.lgbt\/bimber\/wp-content\/uploads\/2023\/10\/christopher-street-day-csd-jena-2023-mannschaft-magazin-copyright-dpa-bodo-schackow-3-728x409.jpg 728w, https:\/\/alte.mannschaft.lgbt\/bimber\/wp-content\/uploads\/2023\/10\/christopher-street-day-csd-jena-2023-mannschaft-magazin-copyright-dpa-bodo-schackow-3-561x316.jpg 561w, https:\/\/alte.mannschaft.lgbt\/bimber\/wp-content\/uploads\/2023\/10\/christopher-street-day-csd-jena-2023-mannschaft-magazin-copyright-dpa-bodo-schackow-3-1122x631.jpg 1122w, https:\/\/alte.mannschaft.lgbt\/bimber\/wp-content\/uploads\/2023\/10\/christopher-street-day-csd-jena-2023-mannschaft-magazin-copyright-dpa-bodo-schackow-3-265x149.jpg 265w, https:\/\/alte.mannschaft.lgbt\/bimber\/wp-content\/uploads\/2023\/10\/christopher-street-day-csd-jena-2023-mannschaft-magazin-copyright-dpa-bodo-schackow-3-531x299.jpg 531w, https:\/\/alte.mannschaft.lgbt\/bimber\/wp-content\/uploads\/2023\/10\/christopher-street-day-csd-jena-2023-mannschaft-magazin-copyright-dpa-bodo-schackow-3-608x342.jpg 608w, https:\/\/alte.mannschaft.lgbt\/bimber\/wp-content\/uploads\/2023\/10\/christopher-street-day-csd-jena-2023-mannschaft-magazin-copyright-dpa-bodo-schackow-3-758x426.jpg 758w, https:\/\/alte.mannschaft.lgbt\/bimber\/wp-content\/uploads\/2023\/10\/christopher-street-day-csd-jena-2023-mannschaft-magazin-copyright-dpa-bodo-schackow-3-1152x648.jpg 1152w, https:\/\/alte.mannschaft.lgbt\/bimber\/wp-content\/uploads\/2023\/10\/christopher-street-day-csd-jena-2023-mannschaft-magazin-copyright-dpa-bodo-schackow-3-85x48.jpg 85w, https:\/\/alte.mannschaft.lgbt\/bimber\/wp-content\/uploads\/2023\/10\/christopher-street-day-csd-jena-2023-mannschaft-magazin-copyright-dpa-bodo-schackow-3-171x96.jpg 171w, https:\/\/alte.mannschaft.lgbt\/bimber\/wp-content\/uploads\/2023\/10\/christopher-street-day-csd-jena-2023-mannschaft-magazin-copyright-dpa-bodo-schackow-3-400x225.jpg 400w\" data-sizes=\"(max-width: 1280px) 100vw, 1280px\" \/><\/a><\/p>\n<p><a href=\"https:\/\/mannschaft.com\/bimber\/wp-content\/uploads\/2023\/10\/christopher-street-day-csd-jena-2023-mannschaft-magazin-copyright-dpa-bodo-schackow-1.jpg\"><img data-expand=\"600\" decoding=\"async\" loading=\"lazy\" class=\"lazyload size-full wp-image-180432\" src=\"data:image\/svg+xml;charset=utf-8,%3Csvg xmlns%3D'http%3A%2F%2Fwww.w3.org%2F2000%2Fsvg' viewBox%3D'0 0 1280 720'%2F%3E\" data-src=\"https:\/\/mannschaft.com\/bimber\/wp-content\/uploads\/2023\/10\/christopher-street-day-csd-jena-2023-mannschaft-magazin-copyright-dpa-bodo-schackow-1.jpg\" alt=\"CSD Jena 2023\" width=\"1280\" height=\"720\" \/><\/a><\/p>\n<p><strong>Obwohl Madonnas Karriere immer wieder f\u00fcr beendet erkl\u00e4rt wurde, kam sie jedes Mal zur\u00fcck. Nun wirft die Queen of Pop mit ihrer Welttournee \u00abCelebration Tour\u00bb einen Blick zur\u00fcck auf ihre 40 Jahre w\u00e4hrende erstaunliche Karriere <a href=\"https:\/\/mannschaft.com\/ein-fest-fuer-die-augen-madonna-startet-celebration-tour-in-london\/\" target=\"_blank\" rel=\"noopener\">(MANNSCHAFT berichtete)<\/a>.<\/strong><\/p>\n","protected":false},"excerpt":{"rendered":"<p>Sie fordern mehr Toleranz, Akzeptanz und politische Gleichstellung. Daf\u00fcr ziehen die CSD-Teilnehmer*innen in einem bunten Demozug durch Jena \u2013 beinahe aber h\u00e4tte es diesen nicht gegeben. <a class=\"g1-link g1-link-more\" href=\"https:\/\/alte.mannschaft.lgbt\/bimber\/demo-fuer-vielfalt-und-akzeptanz-csd-in-jena\/\">Weiterlesen<\/a><\/p>\n","protected":false},"author":1950,"featured_media":180433,"comment_status":"closed","ping_status":"closed","sticky":false,"template":"","format":"standard","meta":[],"categories":[3],"tags":[5503],"wps_subtitle":"Regenbogen-Demo trotzt Herausforderungen und fordert Unterst\u00fctzung f\u00fcr Vielfalt und Demokratie","_links":{"self":[{"href":"https:\/\/alte.mannschaft.lgbt\/bimber\/wp-json\/wp\/v2\/posts\/180419"}],"collection":[{"href":"https:\/\/alte.mannschaft.lgbt\/bimber\/wp-json\/wp\/v2\/posts"}],"about":[{"href":"https:\/\/alte.mannschaft.lgbt\/bimber\/wp-json\/wp\/v2\/types\/post"}],"author":[{"embeddable":true,"href":"https:\/\/alte.mannschaft.lgbt\/bimber\/wp-json\/wp\/v2\/users\/1950"}],"replies":[{"embeddable":true,"href":"https:\/\/alte.mannschaft.lgbt\/bimber\/wp-json\/wp\/v2\/comments?post=180419"}],"version-history":[{"count":8,"href":"https:\/\/alte.mannschaft.lgbt\/bimber\/wp-json\/wp\/v2\/posts\/180419\/revisions"}],"predecessor-version":[{"id":180454,"href":"https:\/\/alte.mannschaft.lgbt\/bimber\/wp-json\/wp\/v2\/posts\/180419\/revisions\/180454"}],"wp:featuredmedia":[{"embeddable":true,"href":"https:\/\/alte.mannschaft.lgbt\/bimber\/wp-json\/wp\/v2\/media\/180433"}],"wp:attachment":[{"href":"https:\/\/alte.mannschaft.lgbt\/bimber\/wp-json\/wp\/v2\/media?parent=180419"}],"wp:term":[{"taxonomy":"category","embeddable":true,"href":"https:\/\/alte.mannschaft.lgbt\/bimber\/wp-json\/wp\/v2\/categories?post=180419"},{"taxonomy":"post_tag","embeddable":true,"href":"https:\/\/alte.mannschaft.lgbt\/bimber\/wp-json\/wp\/v2\/tags?post=180419"}],"curies":[{"name":"wp","href":"https:\/\/api.w.org\/{rel}","templated":true}]}}