{"id":180058,"date":"2023-10-09T14:37:04","date_gmt":"2023-10-09T12:37:04","guid":{"rendered":"https:\/\/mannschaft.com\/?p=180058"},"modified":"2023-10-16T13:38:07","modified_gmt":"2023-10-16T11:38:07","slug":"ehemaliger-landrat-michael-adam-wird-buergermeister-in-bodenmais","status":"publish","type":"post","link":"https:\/\/alte.mannschaft.lgbt\/bimber\/ehemaliger-landrat-michael-adam-wird-buergermeister-in-bodenmais\/","title":{"rendered":"Politisches Comeback: Michael Adam ist B\u00fcrgermeister von Bodenmais"},"content":{"rendered":"<h3>Als Deutschlands j\u00fcngster Landrat machte Michael Adam einst Schlagzeilen. Nach einer mehrj\u00e4hrigen Pause in der Kommunalpolitik kehrt er nun zur\u00fcck: als B\u00fcrgermeister von Bodenmais.<\/h3>\n<p>Ein Comeback feiert in Niederbayern der <a href=\"https:\/\/mannschaft.com\/tag\/spd\/\">SPD<\/a>-Kommunalpolitiker Michael Adam. Der fr\u00fchere Landrat des Landkreises Regen ist nach vorl\u00e4ufigem amtlichen Ergebnis am Sonntag zum B\u00fcrgermeister des Marktes Bodenmais gew\u00e4hlt worden.<\/p>\n<hr \/>\n<p><a href=\"https:\/\/mannschaft.com\/lgbtiq-mehrgenerationenhaus-lebensort-vielfalt-in-berlin\/\">LGBTIQ-Mehrgen\u00aderationenhaus: Lebensort Vielfalt in Berlin<\/a><\/p>\n<hr \/>\n<p>Der 38-J\u00e4hrige erreichte 66,0 Prozent der Stimmen \u2013 ein f\u00fcr aktuelle SPD-Verh\u00e4ltnisse herausragendes Ergebnis. Auch ein Beweis daf\u00fcr, dass die Stimmbev\u00f6lkerung von Bodenmais \u00fcber die Sex-Aff\u00e4re vor zehn Jahren hinweg gesehen hat.<\/p>\n<p>Im November 2013 sorgte ein Artikel in der Boulevardpresse \u00fcber private Treffen des Landrats in seinem Dienstzimmer f\u00fcr Schlagzeilen. Adam gestand sowohl diese als auch weitere Begegnungen, sowohl im Landratsamt Regen als auch w\u00e4hrend seiner Amtszeit als B\u00fcrgermeister im Rathaus von Bodenmais. Insgesamt gab er zu, sechs intime Kontakte in den beiden Dienstgeb\u00e4uden gehabt zu haben, und erw\u00e4hnte auch die Einnahme eines verschreibungspflichtigen Medikaments im Zusammenhang damit. Adam betonte, dass sein Verhalten seiner Meinung nach keinen rechtlichen Verstoss darstellte. Der Regierungspr\u00e4sident von Niederbayern sah keine Notwendigkeit, disziplinarische Massnahmen einzuleiten.<\/p>\n<p>Im Rathaus von Bodenmais hatte Adam 2008 als 23-J\u00e4hriger seine Karriere in der Politik gestartet. Er war damals j\u00fcngster B\u00fcrgermeister Deutschlands und wurde unter anderem bekannt mit dem Spruch: \u00abIch bin alles, was man in Bodenmais nicht sein darf \u2013 jung, evangelisch und offen schwul.\u00bb 2011 folgte seine Wahl zum Landrat.\u00a0 2017 zog er sich aus der Kommunalpolitik zur\u00fcck mit der Begr\u00fcndung, sein Studium wieder aufnehmen zu wollen <a href=\"https:\/\/mannschaft.com\/schwuler-landrat-michael-adam-aus-regen-tritt-ab\/\">(MANNSCHAFT berichtete)<\/a>.<\/p>\n<hr \/>\n<p><a href=\"https:\/\/mannschaft.com\/griechenlands-schwuler-oppositionsfuehrer-will-kinder-per-leihmutter\/\">Griechenlands schwuler Oppositions\u00adf\u00fchrer will Kinder per Leihmutter<\/a><\/p>\n<hr \/>\n<p>Nun gaben ihm die B\u00fcrger von Bodenmais also erneut mehrheitlich ihre Stimme. Die Gegenkandidaten blieben weit dahinter zur\u00fcck: CSU-Mann Joachim Haller bekam dem vorl\u00e4ufigen Ergebnis nach 22,6 Prozent und Robert Stiefel von den Freien W\u00e4hlern 11,4 Prozent.<\/p>\n<p>Der Landratsposten in Regen wurde am Sonntag ebenfalls neu vergeben. Rita R\u00f6hrl (SPD), die am Montag ihren 70. Geburtstag feierte, stand nicht mehr zur Wahl. Sie war 2017 auf Michael Adam gefolgt.<\/p>\n<blockquote class=\"twitter-tweet\">\n<p dir=\"ltr\" lang=\"de\">Eine tolle Nachricht neben der bitteren Entt\u00e4uschung auf Landesebene. Lieber Michael Adam &#8211; von \u2764\ufe0f alles Gute f\u00fcr deine Aufgaben im sch\u00f6nen Bodenmais.<br \/>\nNachricht via <a href=\"https:\/\/twitter.com\/BR24?ref_src=twsrc%5Etfw\">@BR24<\/a>: Michael Adam wird wieder B\u00fcrgermeister von Bodenmais<a href=\"https:\/\/t.co\/Cd6GX59CMY\">https:\/\/t.co\/Cd6GX59CMY<\/a><\/p>\n<p>\u2014 Carolin Wagner (@CaroWagner_in) <a href=\"https:\/\/twitter.com\/CaroWagner_in\/status\/1711278036639703303?ref_src=twsrc%5Etfw\">October 9, 2023<\/a><\/p><\/blockquote>\n<p><script async src=\"https:\/\/platform.twitter.com\/widgets.js\" charset=\"utf-8\"><\/script><\/p>\n<p>Neuer Landrat von Regen ist nun der CSU-Kommunalpolitiker Ronny Raith. Er erhielt nach vorl\u00e4ufigem Ergebnis 60,4 Prozent der Stimmen, wie das Landratsamt am Montagmorgen mitteilte. Den zweiten Platz erreichte AfD-Kandidat Johann M\u00fcller mit rund 23 Prozent, gefolgt von Gloria Gray (FDP) mit 11,3 Prozent.<\/p>\n<p><strong>In Bern besteht das Bed\u00fcrfnis nach einer LGBTIQ-inklusiven Begleitung im Alter. Am 31. Oktober gr\u00fcnden Mitglieder aus diversen Organisationen den neuen Verein \u00abqueerAltern Bern\u00bb <a href=\"https:\/\/mannschaft.com\/queere-alters-wg-erwuenscht-neuer-verein-wird-in-bern-gegruendet\/\">(MANNSCHAFT berichtete)<\/a>.<\/strong><\/p>\n","protected":false},"excerpt":{"rendered":"<p>Als Deutschlands j\u00fcngster Landrat machte Michael Adam einst Schlagzeilen. Nach einer mehrj\u00e4hrigen Pause in der Kommunalpolitik kehrt er nun zur\u00fcck: als B\u00fcrgermeister von Bodenmais. <a class=\"g1-link g1-link-more\" href=\"https:\/\/alte.mannschaft.lgbt\/bimber\/ehemaliger-landrat-michael-adam-wird-buergermeister-in-bodenmais\/\">Weiterlesen<\/a><\/p>\n","protected":false},"author":1950,"featured_media":180108,"comment_status":"closed","ping_status":"closed","sticky":false,"template":"","format":"standard","meta":[],"categories":[3],"tags":[17,5544],"wps_subtitle":"Als 23-J\u00e4hriger war Adam 2008 der j\u00fcngste B\u00fcrgermeister Deutschlands","_links":{"self":[{"href":"https:\/\/alte.mannschaft.lgbt\/bimber\/wp-json\/wp\/v2\/posts\/180058"}],"collection":[{"href":"https:\/\/alte.mannschaft.lgbt\/bimber\/wp-json\/wp\/v2\/posts"}],"about":[{"href":"https:\/\/alte.mannschaft.lgbt\/bimber\/wp-json\/wp\/v2\/types\/post"}],"author":[{"embeddable":true,"href":"https:\/\/alte.mannschaft.lgbt\/bimber\/wp-json\/wp\/v2\/users\/1950"}],"replies":[{"embeddable":true,"href":"https:\/\/alte.mannschaft.lgbt\/bimber\/wp-json\/wp\/v2\/comments?post=180058"}],"version-history":[{"count":7,"href":"https:\/\/alte.mannschaft.lgbt\/bimber\/wp-json\/wp\/v2\/posts\/180058\/revisions"}],"predecessor-version":[{"id":180119,"href":"https:\/\/alte.mannschaft.lgbt\/bimber\/wp-json\/wp\/v2\/posts\/180058\/revisions\/180119"}],"wp:featuredmedia":[{"embeddable":true,"href":"https:\/\/alte.mannschaft.lgbt\/bimber\/wp-json\/wp\/v2\/media\/180108"}],"wp:attachment":[{"href":"https:\/\/alte.mannschaft.lgbt\/bimber\/wp-json\/wp\/v2\/media?parent=180058"}],"wp:term":[{"taxonomy":"category","embeddable":true,"href":"https:\/\/alte.mannschaft.lgbt\/bimber\/wp-json\/wp\/v2\/categories?post=180058"},{"taxonomy":"post_tag","embeddable":true,"href":"https:\/\/alte.mannschaft.lgbt\/bimber\/wp-json\/wp\/v2\/tags?post=180058"}],"curies":[{"name":"wp","href":"https:\/\/api.w.org\/{rel}","templated":true}]}}